{"id":236412,"date":"2025-07-09T00:46:11","date_gmt":"2025-07-09T00:46:11","guid":{"rendered":"https:\/\/www.europesays.com\/fr\/236412\/"},"modified":"2025-07-09T00:46:11","modified_gmt":"2025-07-09T00:46:11","slug":"bientot-130-nouveaux-logements-dans-le-quartier-cazemajou","status":"publish","type":"post","link":"https:\/\/www.europesays.com\/fr\/236412\/","title":{"rendered":"bient\u00f4t 130 nouveaux logements dans le quartier Cazemajou"},"content":{"rendered":"<p>Le vent qui soufflait par rafales, ce mardi 8\u00a0juillet rue Cazemajou (15e), n\u2019a pas douch\u00e9 l\u2019enthousiasme des participants. Entre le <a href=\"https:\/\/www.laprovence.com\/article\/region\/1437264088514515\/dans-le-quartier-des-crottes-a-marseille-le-college-jesuite-loyola-se-devoile-a-cinq-mois-de-la-rentree\" target=\"_blank\" rel=\"noopener\">futur coll\u00e8ge priv\u00e9 Loyola<\/a>, qui ouvrira en septembre, et la passerelle de l\u2019A557, ce sont quatre b\u00e2timents et un <a href=\"https:\/\/www.laprovence.com\/article\/region\/83863196754627\/marseille-euromediterranee-ii-on-en-a-encore-pour-dix-ans-de-production-de-logements-bureaux-et-equipements\" target=\"_blank\" rel=\"noopener\">programme mixte de 130 logements<\/a> qui commenceront \u00e0 s\u2019\u00e9lever d\u2019ici au d\u00e9but de l\u2019ann\u00e9e\u00a02027.<\/p>\n<p>Pour poser la premi\u00e8re pierre de ce projet, le directeur r\u00e9gional de Nexity Sud, Lionel Seropian, s\u2019est f\u00e9licit\u00e9 de ce \u00ab\u00a0petit miracle\u00a0\u00bb alors que \u00ab\u00a0depuis les ann\u00e9es\u00a050, nous n\u2019avons jamais aussi peu construit en France\u00a0\u00bb. Mais dans cette partie sud-est du secteur Eurom\u00e9diterran\u00e9e 2, le promoteur b\u00e9n\u00e9ficie d\u2019un environnement favorable\u00a0: du foncier disponible et l\u2019accompagnement de l\u2019\u00e9tablissement public <a href=\"https:\/\/www.laprovence.com\/article\/region\/3176090933074714\/marseille-a-30-ans-euromed-veut-continuer-de-voir-grand\" target=\"_blank\" rel=\"noopener\">cr\u00e9\u00e9 il y a 30\u00a0ans pour r\u00e9am\u00e9nager l\u2019arri\u00e8re-port de Marseille<\/a>.<\/p>\n<p>Logements sociaux et commerces<\/p>\n<p>\u00ab\u00a0Ici, ce sont 600 \u00e0 800 logements qui sont produits par an\u00a0\u00bb, vante Laure-Agn\u00e8s Caradec (LR), pr\u00e9sidente d\u2019Eurom\u00e9diterran\u00e9e, entour\u00e9e de Solange Biaggi (LR, M\u00e9tropole), Isabelle Campagnola-Savon (Horizons, R\u00e9gion) et la maire des 15e-16e Nadia Boulainseur (DVG).<\/p>\n<p>Ce programme mixte comprendra 36 logements sociaux r\u00e9alis\u00e9s par Logis M\u00e9diterran\u00e9e (1\u00a0001 Vies habitat), mais \u00e9galement 730\u00a0m\u00b2 de commerces.<\/p>\n","protected":false},"excerpt":{"rendered":"Le vent qui soufflait par rafales, ce mardi 8\u00a0juillet rue Cazemajou (15e), n\u2019a pas douch\u00e9 l\u2019enthousiasme des participants.&hellip;\n","protected":false},"author":2,"featured_media":236413,"comment_status":"","ping_status":"","sticky":false,"template":"","format":"standard","meta":{"footnotes":""},"categories":[2814],"tags":[16362,17,1111,11,10334,30721,1446,33,1777,674,1011,27,2846,884,12,2845,882,25],"class_list":{"0":"post-236412","1":"post","2":"type-post","3":"status-publish","4":"format-standard","5":"has-post-thumbnail","7":"category-marseille","8":"tag-16362","9":"tag-17","10":"tag-actu","11":"tag-actualites","12":"tag-bientot","13":"tag-cap","14":"tag-dans","15":"tag-economie","16":"tag-eu","17":"tag-europe","18":"tag-fr","19":"tag-france","20":"tag-logements","21":"tag-marseille","22":"tag-news","23":"tag-nouveaux","24":"tag-provence-alpes-cote-dazur","25":"tag-republique-francaise"},"share_on_mastodon":{"url":"https:\/\/pubeurope.com\/@fr\/114820519412731922","error":""},"_links":{"self":[{"href":"https:\/\/www.europesays.com\/fr\/wp-json\/wp\/v2\/posts\/236412","targetHints":{"allow":["GET"]}}],"collection":[{"href":"https:\/\/www.europesays.com\/fr\/wp-json\/wp\/v2\/posts"}],"about":[{"href":"https:\/\/www.europesays.com\/fr\/wp-json\/wp\/v2\/types\/post"}],"author":[{"embeddable":true,"href":"https:\/\/www.europesays.com\/fr\/wp-json\/wp\/v2\/users\/2"}],"replies":[{"embeddable":true,"href":"https:\/\/www.europesays.com\/fr\/wp-json\/wp\/v2\/comments?post=236412"}],"version-history":[{"count":0,"href":"https:\/\/www.europesays.com\/fr\/wp-json\/wp\/v2\/posts\/236412\/revisions"}],"wp:featuredmedia":[{"embeddable":true,"href":"https:\/\/www.europesays.com\/fr\/wp-json\/wp\/v2\/media\/236413"}],"wp:attachment":[{"href":"https:\/\/www.europesays.com\/fr\/wp-json\/wp\/v2\/media?parent=236412"}],"wp:term":[{"taxonomy":"category","embeddable":true,"href":"https:\/\/www.europesays.com\/fr\/wp-json\/wp\/v2\/categories?post=236412"},{"taxonomy":"post_tag","embeddable":true,"href":"https:\/\/www.europesays.com\/fr\/wp-json\/wp\/v2\/tags?post=236412"}],"curies":[{"name":"wp","href":"https:\/\/api.w.org\/{rel}","templated":true}]}}