{"id":236416,"date":"2025-07-09T00:48:10","date_gmt":"2025-07-09T00:48:10","guid":{"rendered":"https:\/\/www.europesays.com\/fr\/236416\/"},"modified":"2025-07-09T00:48:10","modified_gmt":"2025-07-09T00:48:10","slug":"previsions-du-mercredi-9-juillet-2025-11","status":"publish","type":"post","link":"https:\/\/www.europesays.com\/fr\/236416\/","title":{"rendered":"pr\u00e9visions du mercredi 9 juillet 2025"},"content":{"rendered":"<p>Lyon va \u00eatre inond\u00e9e de soleil durant cette journ\u00e9e. Les maximales atteindront les 26\u00b0C tandis que les minimales seront de 10\u00b0C. Une brise de nord soufflera doucement. La m\u00e9t\u00e9o va se r\u00e9chauffer l&rsquo;apr\u00e8s-midi avec une augmentation de plusieurs degr\u00e9s. Les valeurs s&rsquo;\u00e9chelonneront entre 24 et 26\u00b0C. Il fera en moyenne 21\u00b0C, le soir. Un ciel clair est attendu dans la nuit entre mercredi et jeudi.<\/p>\n<p>Un beau soleil est pr\u00e9vu demain \u00e0 Lyon. Un temps plus chaud est pr\u00e9vu \u00e9tant donn\u00e9 que les temp\u00e9ratures vont enregistrer une hausse. Les valeurs afficheront entre 12 et 29\u00b0C. Un l\u00e9ger vent de nord sera ressenti par les habitants. Les temp\u00e9ratures vont conna\u00eetre une augmentation de plusieurs degr\u00e9s lors de l&rsquo;apr\u00e8s-midi. Les valeurs iront de 27 \u00e0 29\u00b0C.<\/p>\n<p>La m\u00e9t\u00e9o restera stable les prochains jours. Des temp\u00e9ratures dans les 31\u00b0C accompagneront un ciel ensoleill\u00e9.<\/p>\n<p><\/p>\n","protected":false},"excerpt":{"rendered":"Lyon va \u00eatre inond\u00e9e de soleil durant cette journ\u00e9e. Les maximales atteindront les 26\u00b0C tandis que les minimales&hellip;\n","protected":false},"author":2,"featured_media":236417,"comment_status":"","ping_status":"","sticky":false,"template":"","format":"standard","meta":{"footnotes":""},"categories":[1889],"tags":[1111,11,2430,1777,674,1011,27,2428,12,2119,25,2429,2431],"class_list":{"0":"post-236416","1":"post","2":"type-post","3":"status-publish","4":"format-standard","5":"has-post-thumbnail","7":"category-lyon","8":"tag-actu","9":"tag-actualites","10":"tag-auvergne-rhone-alpes","11":"tag-eu","12":"tag-europe","13":"tag-fr","14":"tag-france","15":"tag-lyon","16":"tag-news","17":"tag-previsions-meteo","18":"tag-republique-francaise","19":"tag-rhone","20":"tag-rhone-alpes"},"share_on_mastodon":{"url":"https:\/\/pubeurope.com\/@fr\/114820527223456469","error":""},"_links":{"self":[{"href":"https:\/\/www.europesays.com\/fr\/wp-json\/wp\/v2\/posts\/236416","targetHints":{"allow":["GET"]}}],"collection":[{"href":"https:\/\/www.europesays.com\/fr\/wp-json\/wp\/v2\/posts"}],"about":[{"href":"https:\/\/www.europesays.com\/fr\/wp-json\/wp\/v2\/types\/post"}],"author":[{"embeddable":true,"href":"https:\/\/www.europesays.com\/fr\/wp-json\/wp\/v2\/users\/2"}],"replies":[{"embeddable":true,"href":"https:\/\/www.europesays.com\/fr\/wp-json\/wp\/v2\/comments?post=236416"}],"version-history":[{"count":0,"href":"https:\/\/www.europesays.com\/fr\/wp-json\/wp\/v2\/posts\/236416\/revisions"}],"wp:featuredmedia":[{"embeddable":true,"href":"https:\/\/www.europesays.com\/fr\/wp-json\/wp\/v2\/media\/236417"}],"wp:attachment":[{"href":"https:\/\/www.europesays.com\/fr\/wp-json\/wp\/v2\/media?parent=236416"}],"wp:term":[{"taxonomy":"category","embeddable":true,"href":"https:\/\/www.europesays.com\/fr\/wp-json\/wp\/v2\/categories?post=236416"},{"taxonomy":"post_tag","embeddable":true,"href":"https:\/\/www.europesays.com\/fr\/wp-json\/wp\/v2\/tags?post=236416"}],"curies":[{"name":"wp","href":"https:\/\/api.w.org\/{rel}","templated":true}]}}