{"id":236420,"date":"2025-07-09T00:52:10","date_gmt":"2025-07-09T00:52:10","guid":{"rendered":"https:\/\/www.europesays.com\/fr\/236420\/"},"modified":"2025-07-09T00:52:10","modified_gmt":"2025-07-09T00:52:10","slug":"renaissance-le-parti-presidentiel-va-vendre-son-siege-du-8e-arrondissement-de-paris-pour-31-millions-deuros","status":"publish","type":"post","link":"https:\/\/www.europesays.com\/fr\/236420\/","title":{"rendered":"Renaissance, le parti pr\u00e9sidentiel, va vendre son si\u00e8ge du 8e arrondissement de Paris pour 31 millions d&rsquo;euros"},"content":{"rendered":"<p>L\u2019ancien premier ministre Gabriel Attal a annonc\u00e9, ce mardi soir, que le parti qu\u2019il dirige pr\u00e9voyait de quitter \u00e0 la rentr\u00e9e le si\u00e8ge pour se rapprocher de l\u2019Assembl\u00e9e.<\/p>\n<p class=\"fig-paragraph\">La nouvelle adresse n\u2019est pas encore connue. Le secr\u00e9taire g\u00e9n\u00e9ral de Renaissance\u00a0<a href=\"http:\/\/www.lefigaro.fr\/politique\/gabriel-attal-cherche-a-se-faire-entendre-et-pose-des-jalons-pour-2027-20250527\" data-fig-type=\"Article\" data-gtm-custom-categorie=\"navigation\" data-gtm-custom-action=\"crossclick\" data-gtm-custom-label=\"Contextuel\" data-gtm-event=\"customEventSPE\" data-fig-domain=\"LEFIGARO\" rel=\"nofollow noopener\" target=\"_blank\">Gabriel Attal<\/a>\u00a0a annonc\u00e9 mardi la vente du si\u00e8ge du parti \u00e0 Paris pour 31,4 millions d&rsquo;euros lors d&rsquo;une r\u00e9union de son bureau ex\u00e9cutif, ont indiqu\u00e9 des participants confirmant une information du\u00a0<a href=\"https:\/\/www.leparisien.fr\/politique\/le-parti-renaissance-vend-son-siege-pour-31-millions-deuros-08-07-2025-HZXDKJ4HIVAFPHEUJLMRQWHXHU.php\" target=\"_blank\" rel=\"nofollow noopener\" data-gtm-custom-categorie=\"navigation\" data-gtm-custom-action=\"crossclick\" data-gtm-custom-label=\"Contextuel\" data-gtm-event=\"customEventSPE\">Parisien<\/a> . L&rsquo;ex-premier ministre, qui dirige \u00e9galement le groupe des d\u00e9put\u00e9s macronistes, a pr\u00e9cis\u00e9 que le parti pr\u00e9sidentiel pr\u00e9voyait de quitter \u00e0 la rentr\u00e9e le si\u00e8ge situ\u00e9 dans le 8e arrondissement de Paris pour se rapprocher de l&rsquo;Assembl\u00e9e nationale, a expliqu\u00e9 la m\u00eame source.<\/p>\n<p class=\"fig-paragraph\">Un autre participant a soulign\u00e9 que le principe de la vente des locaux situ\u00e9s rue du Rocher a \u00e9t\u00e9 \u00abaccept\u00e9 \u00e0 l&rsquo;unanimit\u00e9 par le bureau ex\u00e9cutif\u00bb. Renaissance avait achet\u00e9 son si\u00e8ge en 2019 pour 35 millions d&rsquo;euros et devrait r\u00e9cup\u00e9rer pr\u00e8s de 20 millions d&rsquo;euros nets de tr\u00e9sorerie apr\u00e8s sa vente \u00e0 un fonds d&rsquo;investissement, pr\u00e9cise Le Parisien.<\/p>\n<p>                                    <a class=\"fig-a11y-skip a11y-hidden\" href=\"#fig-a11y-skip-main-inarticle\"><br \/>\n        Passer la publicit\u00e9<br \/>\n    <\/a><\/p>\n<p>Une \u00abnouvelle page\u00bb<\/p>\n<p class=\"fig-paragraph\">Gabriel Attal, qui a affirm\u00e9 samedi \u00e0 Paris vouloir \u00abproposer un chemin\u00bb aux Fran\u00e7ais pour la pr\u00e9sidentielle de 2027, avait annonc\u00e9 fin avril son intention d&rsquo;\u00e9crire une \u00abnouvelle page\u00bb du parti Renaissance se traduisant notamment par son installation au 11-13 avenue Robert Schumann (7e). Le site, dont Renaissance sera locataire (et non plus propri\u00e9taire comme actuellement), aura une surface de 2000 m2 (au lieu de 2500 m2 pour le si\u00e8ge historique). Le parti sera aussi install\u00e9 \u00e0 deux pas du Mouvement d\u00e9mocrate (MoDem), formation alli\u00e9e de l&rsquo;actuel premier ministre\u00a0<a href=\"http:\/\/www.lefigaro.fr\/politique\/sondage-francois-bayrou-baisse-a-nouveau-et-le-president-stagne-20250703\" data-fig-type=\"Article\" data-gtm-custom-categorie=\"navigation\" data-gtm-custom-action=\"crossclick\" data-gtm-custom-label=\"Contextuel\" data-gtm-event=\"customEventSPE\" data-fig-domain=\"LEFIGARO\" rel=\"nofollow noopener\" target=\"_blank\">Fran\u00e7ois Bayrou<\/a>.<\/p>\n","protected":false},"excerpt":{"rendered":"L\u2019ancien premier ministre Gabriel Attal a annonc\u00e9, ce mardi soir, que le parti qu\u2019il dirige pr\u00e9voyait de quitter&hellip;\n","protected":false},"author":2,"featured_media":236421,"comment_status":"","ping_status":"","sticky":false,"template":"","format":"standard","meta":{"footnotes":""},"categories":[1888],"tags":[1111,1928,11,1927,1777,674,1011,27,4410,12,1926,626,1925,3370,25],"class_list":{"0":"post-236420","1":"post","2":"type-post","3":"status-publish","4":"format-standard","5":"has-post-thumbnail","7":"category-paris","8":"tag-actu","9":"tag-actu-paris","10":"tag-actualites","11":"tag-actualites-paris","12":"tag-eu","13":"tag-europe","14":"tag-fr","15":"tag-france","16":"tag-gabriel-attal","17":"tag-news","18":"tag-news-paris","19":"tag-paris","20":"tag-paris-news","21":"tag-renaissance","22":"tag-republique-francaise"},"share_on_mastodon":{"url":"https:\/\/pubeurope.com\/@fr\/114820542870228752","error":""},"_links":{"self":[{"href":"https:\/\/www.europesays.com\/fr\/wp-json\/wp\/v2\/posts\/236420","targetHints":{"allow":["GET"]}}],"collection":[{"href":"https:\/\/www.europesays.com\/fr\/wp-json\/wp\/v2\/posts"}],"about":[{"href":"https:\/\/www.europesays.com\/fr\/wp-json\/wp\/v2\/types\/post"}],"author":[{"embeddable":true,"href":"https:\/\/www.europesays.com\/fr\/wp-json\/wp\/v2\/users\/2"}],"replies":[{"embeddable":true,"href":"https:\/\/www.europesays.com\/fr\/wp-json\/wp\/v2\/comments?post=236420"}],"version-history":[{"count":0,"href":"https:\/\/www.europesays.com\/fr\/wp-json\/wp\/v2\/posts\/236420\/revisions"}],"wp:featuredmedia":[{"embeddable":true,"href":"https:\/\/www.europesays.com\/fr\/wp-json\/wp\/v2\/media\/236421"}],"wp:attachment":[{"href":"https:\/\/www.europesays.com\/fr\/wp-json\/wp\/v2\/media?parent=236420"}],"wp:term":[{"taxonomy":"category","embeddable":true,"href":"https:\/\/www.europesays.com\/fr\/wp-json\/wp\/v2\/categories?post=236420"},{"taxonomy":"post_tag","embeddable":true,"href":"https:\/\/www.europesays.com\/fr\/wp-json\/wp\/v2\/tags?post=236420"}],"curies":[{"name":"wp","href":"https:\/\/api.w.org\/{rel}","templated":true}]}}