{"id":236432,"date":"2025-07-09T00:58:10","date_gmt":"2025-07-09T00:58:10","guid":{"rendered":"https:\/\/www.europesays.com\/fr\/236432\/"},"modified":"2025-07-09T00:58:10","modified_gmt":"2025-07-09T00:58:10","slug":"la-cour-supreme-ouvre-la-voie-aux-licenciements-massifs-de-fonctionnaires-voulus-par-trump","status":"publish","type":"post","link":"https:\/\/www.europesays.com\/fr\/236432\/","title":{"rendered":"La Cour supr\u00eame ouvre la voie aux licenciements massifs de fonctionnaires voulus par Trump"},"content":{"rendered":"<p>Le spectre d\u2019une purge historique plane sur la fonction publique f\u00e9d\u00e9rale am\u00e9ricaine. La <a href=\"https:\/\/www.20minutes.fr\/monde\/cour_supreme\/\" target=\"_blank\" class=\"color-ultramarine c-link\" rel=\"nofollow noopener\">Cour supr\u00eame<\/a> a lev\u00e9 mardi une suspension judiciaire qui bloquait temporairement les licenciements massifs de <a href=\"https:\/\/www.20minutes.fr\/dossier\/fonctionnaires\" target=\"_blank\" class=\"color-ultramarine c-link\" rel=\"nofollow noopener\">fonctionnaires<\/a> envisag\u00e9s par <a href=\"https:\/\/www.20minutes.fr\/dossier\/donald_trump\" target=\"_blank\" class=\"color-ultramarine c-link\" rel=\"nofollow noopener\">Donald Trump<\/a>, ouvrant ainsi la voie \u00e0 leur mise en \u0153uvre, sans toutefois se prononcer sur leur l\u00e9galit\u00e9 finale.<\/p>\n<p>A l\u2019origine de cette d\u00e9cision\u00a0: un d\u00e9cret pr\u00e9sidentiel sign\u00e9 le 11\u00a0f\u00e9vrier, dans lequel le pr\u00e9sident ordonne aux agences f\u00e9d\u00e9rales de planifier des r\u00e9organisations et des r\u00e9ductions d\u2019effectifs, en pr\u00e9cisant qu\u2019elles doivent rester \u00ab\u00a0conformes \u00e0 la l\u00e9gislation en vigueur\u00a0\u00bb. Ce texte avait \u00e9t\u00e9 attaqu\u00e9 en justice par plusieurs <a href=\"https:\/\/www.20minutes.fr\/dossier\/syndicat\" target=\"_blank\" class=\"color-ultramarine c-link\" rel=\"nofollow noopener\">syndicats<\/a> et par des <a href=\"https:\/\/www.20minutes.fr\/dossier\/ong\" target=\"_blank\" class=\"color-ultramarine c-link\" rel=\"nofollow noopener\">ONG<\/a>, qui accusent Donald Trump de vouloir \u00ab\u00a0restructurer fondamentalement le gouvernement f\u00e9d\u00e9ral sans l\u2019aval du Congr\u00e8s\u00a0\u00bb.<\/p>\n<p>La l\u00e9galit\u00e9 des licenciements doit \u00eatre valid\u00e9e<\/p>\n<p>La juge <a href=\"https:\/\/www.20minutes.fr\/dossier\/californie\" target=\"_blank\" class=\"color-ultramarine c-link\" rel=\"nofollow noopener\">californienne<\/a> Susan Illston avait suspendu provisoirement ce d\u00e9cret en mai, estimant que de telles mesures n\u00e9cessitaient probablement une validation l\u00e9gislative. Mais la plus haute juridiction du pays a choisi de casser cette d\u00e9cision, en affirmant que \u00ab\u00a0le gouvernement est en position d\u2019obtenir gain de cause quant \u00e0 son argument selon lequel le d\u00e9cret ex\u00e9cutif est l\u00e9gal\u00a0\u00bb, selon la juge Sonia Sotomayor, qui s\u2019est rang\u00e9e \u00e0 la majorit\u00e9 des neuf magistrats.<\/p>\n<\/p>\n<p>Elle pr\u00e9cise toutefois que \u00ab\u00a0les plans eux-m\u00eames ne sont pas soumis \u00e0 cette Cour, \u00e0 ce stade, et nous n\u2019avons donc pas l\u2019occasion d\u2019examiner s\u2019ils peuvent \u00eatre et seront mis en \u0153uvre dans le respect des limites juridiques\u00a0\u00bb. Autrement dit, la l\u00e9galit\u00e9 des <a href=\"https:\/\/www.20minutes.fr\/dossier\/licenciement\" target=\"_blank\" class=\"color-ultramarine c-link\" rel=\"nofollow noopener\">licenciements<\/a> de dizaines de milliers de fonctionnaires devra encore \u00eatre examin\u00e9e par la justice de premi\u00e8re instance.<\/p>\n<p>D\u00e9mant\u00e8lement administratif et coupes budg\u00e9taires<\/p>\n<p>De son c\u00f4t\u00e9, la juge Ketanji Brown Jackson d\u00e9nonce une d\u00e9cision pr\u00e9matur\u00e9e. \u00ab\u00a0Pour une raison ou une autre, cette Cour juge bon d\u2019intervenir maintenant et d\u2019autoriser le pr\u00e9sident \u00e0 tout d\u00e9truire sur son passage d\u00e8s le d\u00e9but de ce litige\u00a0\u00bb. Elle rappelle que \u00ab\u00a0si les pr\u00e9sidents b\u00e9n\u00e9ficient d\u2019un certain pouvoir discr\u00e9tionnaire pour r\u00e9duire la fonction publique f\u00e9d\u00e9rale, ils ne peuvent pas restructurer fondamentalement le gouvernement f\u00e9d\u00e9ral \u00e0 eux tout seuls\u00a0\u00bb.<\/p>\n<p><a href=\"https:\/\/www.20minutes.fr\/monde\/etats-unis\/\" target=\"_blank\" class=\"c-link c-btn c-btn--primary\" rel=\"nofollow noopener\">Notre dossier sur les Etats-Unis<\/a><\/p>\n<p>Depuis son retour \u00e0 la <a href=\"https:\/\/www.20minutes.fr\/dossier\/maison_blanche\" target=\"_blank\" class=\"color-ultramarine c-link\" rel=\"nofollow noopener\">Maison-Blanche<\/a> en janvier, Donald Trump a fait de la r\u00e9duction drastique des effectifs f\u00e9d\u00e9raux l\u2019un des piliers de son second mandat. Inspir\u00e9 par les travaux d\u2019une commission initialement dirig\u00e9e par <a href=\"https:\/\/www.20minutes.fr\/dossier\/elon_musk\" target=\"_blank\" class=\"color-ultramarine c-link\" rel=\"nofollow noopener\">Elon Musk<\/a> \u2013 aujourd\u2019hui \u00e9cart\u00e9 du cercle pr\u00e9sidentiel \u2013, le pr\u00e9sident s\u2019est engag\u00e9 dans une vaste op\u00e9ration de d\u00e9mant\u00e8lement administratif et de coupes budg\u00e9taires.<\/p>\n","protected":false},"excerpt":{"rendered":"Le spectre d\u2019une purge historique plane sur la fonction publique f\u00e9d\u00e9rale am\u00e9ricaine. La Cour supr\u00eame a lev\u00e9 mardi&hellip;\n","protected":false},"author":2,"featured_media":236433,"comment_status":"","ping_status":"","sticky":false,"template":"","format":"standard","meta":{"footnotes":""},"categories":[1589],"tags":[47,11,10658,75,73,1866,1273,414,74,12,1864,1865,1863,308],"class_list":{"0":"post-236432","1":"post","2":"type-post","3":"status-publish","4":"format-standard","5":"has-post-thumbnail","7":"category-etats-unis","8":"tag-actualite","9":"tag-actualites","10":"tag-cour-supreme","11":"tag-donald-trump","12":"tag-etats-unis","13":"tag-etats-unis-damerique","14":"tag-fonctionnaires","15":"tag-licenciement","16":"tag-monde","17":"tag-news","18":"tag-united-states","19":"tag-united-states-of-america","20":"tag-us","21":"tag-usa"},"share_on_mastodon":{"url":"https:\/\/pubeurope.com\/@fr\/114820566536399277","error":""},"_links":{"self":[{"href":"https:\/\/www.europesays.com\/fr\/wp-json\/wp\/v2\/posts\/236432","targetHints":{"allow":["GET"]}}],"collection":[{"href":"https:\/\/www.europesays.com\/fr\/wp-json\/wp\/v2\/posts"}],"about":[{"href":"https:\/\/www.europesays.com\/fr\/wp-json\/wp\/v2\/types\/post"}],"author":[{"embeddable":true,"href":"https:\/\/www.europesays.com\/fr\/wp-json\/wp\/v2\/users\/2"}],"replies":[{"embeddable":true,"href":"https:\/\/www.europesays.com\/fr\/wp-json\/wp\/v2\/comments?post=236432"}],"version-history":[{"count":0,"href":"https:\/\/www.europesays.com\/fr\/wp-json\/wp\/v2\/posts\/236432\/revisions"}],"wp:featuredmedia":[{"embeddable":true,"href":"https:\/\/www.europesays.com\/fr\/wp-json\/wp\/v2\/media\/236433"}],"wp:attachment":[{"href":"https:\/\/www.europesays.com\/fr\/wp-json\/wp\/v2\/media?parent=236432"}],"wp:term":[{"taxonomy":"category","embeddable":true,"href":"https:\/\/www.europesays.com\/fr\/wp-json\/wp\/v2\/categories?post=236432"},{"taxonomy":"post_tag","embeddable":true,"href":"https:\/\/www.europesays.com\/fr\/wp-json\/wp\/v2\/tags?post=236432"}],"curies":[{"name":"wp","href":"https:\/\/api.w.org\/{rel}","templated":true}]}}