{"id":236436,"date":"2025-07-09T01:00:10","date_gmt":"2025-07-09T01:00:10","guid":{"rendered":"https:\/\/www.europesays.com\/fr\/236436\/"},"modified":"2025-07-09T01:00:10","modified_gmt":"2025-07-09T01:00:10","slug":"la-suede-ecrase-la-pologne-et-rejoint-lallemagne-en-quart-de-finale","status":"publish","type":"post","link":"https:\/\/www.europesays.com\/fr\/236436\/","title":{"rendered":"la Su\u00e8de \u00e9crase la Pologne et rejoint l\u2019Allemagne en quart de finale"},"content":{"rendered":"<p>Soir\u00e9e r\u00eav\u00e9e pour la <a href=\"https:\/\/www.footmercato.net\/selection\/suede-feminine\/\" rel=\"nofollow noopener\" target=\"_blank\">Su\u00e8de<\/a> \u00e0 l\u2019Euro 2025. Apr\u00e8s sa victoire 2-0 contre le Danemark, la s\u00e9lection nordique n\u2019a fait qu\u2019une bouch\u00e9e de la <a href=\"https:\/\/www.footmercato.net\/selection\/poland-feminine\/\" rel=\"nofollow noopener\" target=\"_blank\">Pologne<\/a>. Bien lanc\u00e9e par le but de Stina Blackstenius en d\u00e9but de rencontre (28e), la Su\u00e8de a pris le large au cours de la seconde p\u00e9riode. <\/p>\n<p>            La suite apr\u00e8s cette publicit\u00e9<\/p>\n<p>Kosovare Asllani a doubl\u00e9 la mise (52e), avant que Lina Hurtig participe aussi \u00e0 la f\u00eate (77e). Avec cette victoire 3-0, la Su\u00e8de se qualifie pour les quarts de finale et prend la t\u00eate de ce groupe C juste devant l\u2019Allemagne qu\u2019elle affrontera samedi pour la premi\u00e8re place. <\/p>\n<p>\n    Pub. le 08\/07\/2025 22:54<br \/>\n            &#8211; MAJ le 09\/07\/2025 00:03\n    <\/p>\n","protected":false},"excerpt":{"rendered":"Soir\u00e9e r\u00eav\u00e9e pour la Su\u00e8de \u00e0 l\u2019Euro 2025. Apr\u00e8s sa victoire 2-0 contre le Danemark, la s\u00e9lection nordique&hellip;\n","protected":false},"author":2,"featured_media":236437,"comment_status":"","ping_status":"","sticky":false,"template":"","format":"standard","meta":{"footnotes":""},"categories":[1587],"tags":[11,672,1804,1805,1803,1777,674,1801,12,1802],"class_list":{"0":"post-236436","1":"post","2":"type-post","3":"status-publish","4":"format-standard","5":"has-post-thumbnail","7":"category-allemagne","8":"tag-actualites","9":"tag-allemagne","10":"tag-bundesrepublik-deutschland","11":"tag-de","12":"tag-deutschland","13":"tag-eu","14":"tag-europe","15":"tag-germany","16":"tag-news","17":"tag-republique-federale-dallemagne"},"share_on_mastodon":{"url":"https:\/\/pubeurope.com\/@fr\/114820574373193101","error":""},"_links":{"self":[{"href":"https:\/\/www.europesays.com\/fr\/wp-json\/wp\/v2\/posts\/236436","targetHints":{"allow":["GET"]}}],"collection":[{"href":"https:\/\/www.europesays.com\/fr\/wp-json\/wp\/v2\/posts"}],"about":[{"href":"https:\/\/www.europesays.com\/fr\/wp-json\/wp\/v2\/types\/post"}],"author":[{"embeddable":true,"href":"https:\/\/www.europesays.com\/fr\/wp-json\/wp\/v2\/users\/2"}],"replies":[{"embeddable":true,"href":"https:\/\/www.europesays.com\/fr\/wp-json\/wp\/v2\/comments?post=236436"}],"version-history":[{"count":0,"href":"https:\/\/www.europesays.com\/fr\/wp-json\/wp\/v2\/posts\/236436\/revisions"}],"wp:featuredmedia":[{"embeddable":true,"href":"https:\/\/www.europesays.com\/fr\/wp-json\/wp\/v2\/media\/236437"}],"wp:attachment":[{"href":"https:\/\/www.europesays.com\/fr\/wp-json\/wp\/v2\/media?parent=236436"}],"wp:term":[{"taxonomy":"category","embeddable":true,"href":"https:\/\/www.europesays.com\/fr\/wp-json\/wp\/v2\/categories?post=236436"},{"taxonomy":"post_tag","embeddable":true,"href":"https:\/\/www.europesays.com\/fr\/wp-json\/wp\/v2\/tags?post=236436"}],"curies":[{"name":"wp","href":"https:\/\/api.w.org\/{rel}","templated":true}]}}