{"id":236440,"date":"2025-07-09T01:02:13","date_gmt":"2025-07-09T01:02:13","guid":{"rendered":"https:\/\/www.europesays.com\/fr\/236440\/"},"modified":"2025-07-09T01:02:13","modified_gmt":"2025-07-09T01:02:13","slug":"le-rn-et-ses-allies-vises-par-une-nouvelle-enquete-pour-avoir-detourne-plus-de-433-millions-deuros-du-budget-europeen","status":"publish","type":"post","link":"https:\/\/www.europesays.com\/fr\/236440\/","title":{"rendered":"Le RN et ses alli\u00e9s vis\u00e9s par une nouvelle enqu\u00eate pour avoir d\u00e9tourn\u00e9 plus de 4,33\u00a0millions d\u2019euros du budget europ\u00e9en"},"content":{"rendered":"<p class=\"authors latino-300b text-grey-600\">\n<p>  Par\u00a0<br \/>\nLe Nouvel Obs avec AFP<\/p>\n<p class=\"latino-300r text-grey-600 pe-10  border-end-lg\">\n<p>    Publi\u00e9 le\u00a08 juillet 2025 \u00e0 17h00  <\/p>\n<p>      , mis \u00e0 jour le\u00a08 juillet 2025 \u00e0 18h06\n  <\/p>\n<p>              Lecture\u00a0:\u00a01\u00a0min.<\/p>\n<p>      <img fetchpriority=\"high\" decoding=\"async\" class=\"mx-auto\" src=\"data:image\/svg+xml,%3Csvg%20xmlns%3D%27http%3A%2F%2Fwww.w3.org%2F2000%2Fsvg%27%20fill%3D%22%23e4e4e4%22%20viewBox%3D%270%200%20510%20340%27%20width%3D%22510%22%20height%3D%22340%22%3E%3Cpath%20d%3D%27M0%200h510v340H0z%27%2F%3E%3C%2Fsvg%3E\"  loading=\"eager\" width=\"510\" height=\"340\" data-oncrawl-image-size=\"510x340\" alt=\"Marine Le Pen lors de la conf\u00e9rence de presse d\u2019inauguration de la coalition d\u2019extr\u00eame droite Identit\u00e9 et D\u00e9mocratie (ID), \u00e0 Bruxelles le 13\u00a0juin 2019.\"\/>      <\/p>\n<p class=\"latino-100m text-grey-800\">\n            Marine Le Pen lors de la conf\u00e9rence de presse d\u2019inauguration de la coalition d\u2019extr\u00eame droite Identit\u00e9 et D\u00e9mocratie (ID), \u00e0 Bruxelles le 13\u00a0juin 2019.\u00a0VIRGINIA MAYO\/AP\/SIPA        <\/p>\n<p>    Lire\u00a0plus\u00a0tard  <\/p>\n<p><a aria-label=\"Nous suivre sur Google News\" href=\"https:\/\/news.google.com\/publications\/CAAqBwgKMJe4nQkw3dFs?hl=fr&amp;gl=FR&amp;ceid=FR%3Afr\" target=\"_blank\" data-piano=\"Page_Article,Sous_date_publi,Nous_suivre_sur_google_news,1er_clic,action\" class=\"btn btn--small btn--tertiary btn--icon-only\" rel=\"noopener\"><\/p>\n<p>      Google Actualit\u00e9s<br \/>\n  <\/a><\/p>\n<p>  Partager<\/p>\n<p>        Facebook<\/p>\n<p>        Bluesky<\/p>\n<p>        E-mail<\/p>\n<p>        Copier le lien<\/p>\n<p>      Envoyer<\/p>\n<p>  S\u2019abonner<\/p>\n<p class=\"node__paragraphe antonia-750r text-grey-800 pb-24 pb-md-30\">\nLe parquet europ\u00e9en a annonc\u00e9 ce mardi 8\u00a0juillet avoir ouvert une enqu\u00eate sur le Rassemblement national (RN), le parti de <a href=\"https:\/\/www.nouvelobs.com\/politique\/20250404.OBS102326\/quelles-consequences-apres-la-condamnation-de-marine-le-pen-nos-journalistes-vous-repondent-en-live-video.html\" target=\"_blank\" rel=\"noopener\">Marine Le Pen<\/a> et <a href=\"https:\/\/www.nouvelobs.com\/politique\/20241023.OBS95379\/ce-que-je-cherche-le-livre-qui-trahit-la-folie-des-grandeurs-de-jordan-bardella-et-vincent-bollore.html\" target=\"_blank\" rel=\"noopener\">Jordan Bardella<\/a>, ainsi que sur leurs alli\u00e9s d\u2019extr\u00eame droite \u00e0 Bruxelles, soup\u00e7onn\u00e9s de diverses irr\u00e9gularit\u00e9s financi\u00e8res.<\/p>\n<p class=\"node__paragraphe antonia-750r text-grey-800 pb-24 pb-md-30\">\n\u00ab\u00a0Le parquet europ\u00e9en a ouvert une enqu\u00eate\u00a0\u00bb, a indiqu\u00e9 sa porte-parole \u00e0 l\u2019AFP, sans donner davantage de d\u00e9tails \u00ab\u00a0afin de ne pas compromettre les r\u00e9sultats de l\u2019enqu\u00eate\u00a0\u00bb.<\/p>\n<p class=\"node__paragraphe antonia-750r text-grey-800 pb-24 pb-md-30\">\nAvec ses partenaires de l\u2019ex-groupe Identit\u00e9 et D\u00e9mocratie (ID), le parti fran\u00e7ais <a href=\"https:\/\/www.nouvelobs.com\/politique\/20250703.OBS105570\/apres-l-affaire-des-assistants-parlementaires-le-rn-est-de-nouveau-mis-en-cause-pour-des-irregularites-au-parlement-europeen.html\" target=\"_blank\" rel=\"noopener\">est suspect\u00e9<\/a> d\u2019avoir \u00ab\u00a0ind\u00fbment d\u00e9pens\u00e9\u00a0\u00bb plus de 4,3\u00a0millions d\u2019euros entre 2019 et 2024, selon un rapport de la direction des affaires financi\u00e8res de l\u2019institution bruxelloise, r\u00e9v\u00e9l\u00e9 par plusieurs m\u00e9dias d\u00e9but juillet.<\/p>\n<p class=\"latino-500b text-grey-600 pb-16\">A lire aussi<\/p>\n<p><a href=\"https:\/\/www.nouvelobs.com\/politique\/20250621.OBS105173\/tout-pourrait-etre-si-simple-helas-entre-marine-le-pen-et-jordan-bardella-le-temps-des-turbulences.html\" data-article-key=\"20250621.OBS105173\" class=\"link--box flex-grow-1\" data-piano=\"Page_Article,Lire_aussi,,Lien1,navigation\" target=\"_blank\" rel=\"noopener\"><\/p>\n<p>                <img decoding=\"async\" src=\"data:image\/svg+xml,%3Csvg%20xmlns%3D%27http%3A%2F%2Fwww.w3.org%2F2000%2Fsvg%27%20fill%3D%22%23e4e4e4%22%20viewBox%3D%270%200%20120%2080%27%20width%3D%22120%22%20height%3D%2280%22%3E%3Cpath%20d%3D%27M0%200h120v80H0z%27%2F%3E%3C%2Fsvg%3E\"  width=\"120\" height=\"79\" loading=\"lazy\" alt=\"Jordan Bardella et Marine Le Pen en visite au Salon du Bourget, le 19\u00a0juin 2025.\"\/><\/p>\n<p class=\"latino-300r latino-lg-600m text-grey-800\">\n                      <strong class=\"latino-300b latino-lg-600m text-grey-500\">R\u00e9cit\u00a0<\/strong><br \/>\n                    \u00ab\u00a0Tout pourrait \u00eatre si simple. H\u00e9las\u2026\u00a0\u00bb\u00a0: entre Marine Le Pen et Jordan Bardella, le temps des turbulences        <\/p>\n<p><\/a><\/p>\n<p class=\"node__paragraphe antonia-750r text-grey-800 pb-24 pb-md-30\">\nSi la formation fran\u00e7aise n\u2019a exerc\u00e9, durant cette p\u00e9riode, ni la pr\u00e9sidence ni le secr\u00e9tariat g\u00e9n\u00e9ral de cette coalition (\u00e0 l\u2019\u00e9poque domin\u00e9e par la Ligue du Nord italienne), la majeure partie de cette somme a b\u00e9n\u00e9fici\u00e9 \u00e0 deux soci\u00e9t\u00e9s li\u00e9es \u00e0 des proches de Marine Le Pen\u00a0: son ancien conseiller Fr\u00e9d\u00e9ric Chatillon et son \u00e9pouse Sighild Blanc.<\/p>\n<p>\u00ab\u00a0Je ne sais pas ce qu\u2019il en est\u00a0\u00bb<\/p>\n<p class=\"node__paragraphe antonia-750r text-grey-800 pb-24 pb-md-30\">\nD\u2019apr\u00e8s ce document, <a target=\"_blank\" href=\"https:\/\/www.lemonde.fr\/les-decodeurs\/article\/2025\/07\/03\/le-parlement-europeen-accuse-le-rn-et-ses-allies-d-avoir-mis-en-place-un-systeme-illegal-pour-financer-des-associations_6617549_4355770.html\" rel=\"noopener\">d\u00e9voil\u00e9 par \u00ab\u00a0le Monde\u00a0\u00bb<\/a> ainsi que par l\u2019\u00e9mission de t\u00e9l\u00e9vision allemande Kontraste, le magazine allemand \u00ab\u00a0Die Zeit\u00a0\u00bb et l\u2019hebdomadaire autrichien \u00ab\u00a0Falter\u00a0\u00bb, l\u2019agence de communication e-Politic a ainsi per\u00e7u 1,7\u00a0million d\u2019euros apr\u00e8s un appel d\u2019offres \u00ab\u00a0purement formel\u00a0\u00bb et entach\u00e9 de \u00ab\u00a0graves probl\u00e8mes de conformit\u00e9\u00a0\u00bb selon les inspecteurs bruxellois, qui estiment par cons\u00e9quent que \u00ab\u00a0toutes ces d\u00e9penses [\u2026] sont irr\u00e9guli\u00e8res\u00a0\u00bb.<\/p>\n<p class=\"node__paragraphe antonia-750r text-grey-800 pb-24 pb-md-30\">\nM\u00eame chose pour l\u2019entreprise Unanime, qui a empoch\u00e9 plus de 1,4\u00a0million d\u2019euros pour des travaux d\u2019impression, de surcro\u00eet sous-trait\u00e9s \u00e0 moindre co\u00fbt, avec une marge \u00e9valu\u00e9e \u00e0 260\u00a0000\u00a0euros.<\/p>\n<p class=\"latino-500b text-grey-600 pb-16\">A lire aussi<\/p>\n<p><a href=\"https:\/\/www.nouvelobs.com\/politique\/20250501.OBS103437\/a-narbonne-le-duo-marine-le-pen-et-jordan-bardella-veut-afficher-son-unite.html\" data-article-key=\"20250501.OBS103437\" class=\"link--box flex-grow-1\" data-piano=\"Page_Article,Lire_aussi,,Lien2,navigation\" target=\"_blank\" rel=\"noopener\"><\/p>\n<p>                <img decoding=\"async\" src=\"data:image\/svg+xml,%3Csvg%20xmlns%3D%27http%3A%2F%2Fwww.w3.org%2F2000%2Fsvg%27%20fill%3D%22%23e4e4e4%22%20viewBox%3D%270%200%20120%2080%27%20width%3D%22120%22%20height%3D%2280%22%3E%3Cpath%20d%3D%27M0%200h120v80H0z%27%2F%3E%3C%2Fsvg%3E\"  width=\"120\" height=\"79\" loading=\"lazy\" alt=\"Marine Le Pen et Jordan Bardella sur sc\u00e8ne lors de leur meeting du 1er-Mai \u00e0 Narbonne.\"\/><\/p>\n<p class=\"latino-300r latino-lg-600m text-grey-800\">\n                      <strong class=\"latino-300b latino-lg-600m text-grey-500\">Reportage\u00a0<\/strong><br \/>\n                    A Narbonne, le duo Marine Le Pen et Jordan Bardella veut afficher son unit\u00e9        <\/p>\n<p><\/a><\/p>\n<p class=\"node__paragraphe antonia-750r text-grey-800 pb-24 pb-md-30\">\nMarine Le Pen a \u00e9t\u00e9 condamn\u00e9e en France dans une affaire distincte, dite <a href=\"https:\/\/www.nouvelobs.com\/justice\/20241113.OBS96289\/le-proces-des-assistants-parlementaires-du-rassemblement-national.html\" target=\"_blank\" rel=\"noopener\">des assistants parlementaires europ\u00e9ens<\/a>.<\/p>\n<p class=\"node__paragraphe antonia-750r text-grey-800 pb-24 pb-md-30\">\nElle lui a valu fin mars une condamnation la rendant in\u00e9ligible \u00e0 toute \u00e9lection \u2013 pr\u00e9sidentielle ou l\u00e9gislative \u2013 au moins jusqu\u2019\u00e0 son proc\u00e8s en appel pr\u00e9vu d\u2019ici l\u2019\u00e9t\u00e9 2026.<\/p>\n<p class=\"node__paragraphe antonia-750r text-grey-800 pb-24 pb-md-30\">\nLa semaine derni\u00e8re, la responsable d\u2019extr\u00eame droite a affirm\u00e9 ne pas avoir eu connaissance du nouveau dossier visant sa famille politique. \u00ab\u00a0Je ne sais pas ce qu\u2019il en est, je n\u2019ai pas regard\u00e9 ce dossier\u00a0\u00bb, avait-elle d\u00e9clar\u00e9.<\/p>\n<p class=\"authors latino-600m text-grey-800\">\n<p>  Par\u00a0<br \/>\nLe Nouvel Obs avec AFP<\/p>\n","protected":false},"excerpt":{"rendered":"Par\u00a0 Le Nouvel Obs avec AFP Publi\u00e9 le\u00a08 juillet 2025 \u00e0 17h00 , mis \u00e0 jour le\u00a08 juillet&hellip;\n","protected":false},"author":2,"featured_media":236441,"comment_status":"","ping_status":"","sticky":false,"template":"","format":"standard","meta":{"footnotes":""},"categories":[1586],"tags":[17,11,8547,37548,1067,1777,674,1779,1011,27,303,12,2043,316,1078,25,2848,1778,364,37547],"class_list":{"0":"post-236440","1":"post","2":"type-post","3":"status-publish","4":"format-standard","5":"has-post-thumbnail","7":"category-europe","8":"tag-17","9":"tag-actualites","10":"tag-allies","11":"tag-detourne","12":"tag-enquete","13":"tag-eu","14":"tag-europe","15":"tag-european-union","16":"tag-fr","17":"tag-france","18":"tag-justice","19":"tag-news","20":"tag-nouvelle","21":"tag-politique","22":"tag-rassemblement-national","23":"tag-republique-francaise","24":"tag-rn","25":"tag-ue","26":"tag-union-europeenne","27":"tag-vises"},"share_on_mastodon":{"url":"https:\/\/pubeurope.com\/@fr\/114820582603894501","error":""},"_links":{"self":[{"href":"https:\/\/www.europesays.com\/fr\/wp-json\/wp\/v2\/posts\/236440","targetHints":{"allow":["GET"]}}],"collection":[{"href":"https:\/\/www.europesays.com\/fr\/wp-json\/wp\/v2\/posts"}],"about":[{"href":"https:\/\/www.europesays.com\/fr\/wp-json\/wp\/v2\/types\/post"}],"author":[{"embeddable":true,"href":"https:\/\/www.europesays.com\/fr\/wp-json\/wp\/v2\/users\/2"}],"replies":[{"embeddable":true,"href":"https:\/\/www.europesays.com\/fr\/wp-json\/wp\/v2\/comments?post=236440"}],"version-history":[{"count":0,"href":"https:\/\/www.europesays.com\/fr\/wp-json\/wp\/v2\/posts\/236440\/revisions"}],"wp:featuredmedia":[{"embeddable":true,"href":"https:\/\/www.europesays.com\/fr\/wp-json\/wp\/v2\/media\/236441"}],"wp:attachment":[{"href":"https:\/\/www.europesays.com\/fr\/wp-json\/wp\/v2\/media?parent=236440"}],"wp:term":[{"taxonomy":"category","embeddable":true,"href":"https:\/\/www.europesays.com\/fr\/wp-json\/wp\/v2\/categories?post=236440"},{"taxonomy":"post_tag","embeddable":true,"href":"https:\/\/www.europesays.com\/fr\/wp-json\/wp\/v2\/tags?post=236440"}],"curies":[{"name":"wp","href":"https:\/\/api.w.org\/{rel}","templated":true}]}}