{"id":236448,"date":"2025-07-09T01:08:13","date_gmt":"2025-07-09T01:08:13","guid":{"rendered":"https:\/\/www.europesays.com\/fr\/236448\/"},"modified":"2025-07-09T01:08:13","modified_gmt":"2025-07-09T01:08:13","slug":"vannes-officialise-le-remplacant-de-salesi-rayasi-qui-a-rejoint-lubb","status":"publish","type":"post","link":"https:\/\/www.europesays.com\/fr\/236448\/","title":{"rendered":"Vannes officialise le rempla\u00e7ant de Salesi Rayasi qui a rejoint l&rsquo;UBB !"},"content":{"rendered":"<p>Auteur d\u2019une fin de saison impressionnante en Premiership, l\u2019ailier anglais Ben Stevenson va d\u00e9couvrir la Pro D2 sous les couleurs du RC Vannes.<\/p>\n<p>Le RC Vannes continue de fa\u00e7onner un effectif ambitieux pour la saison prochaine. Pour compenser le d\u00e9part de Salesi Rayasi vers l\u2019Union Bordeaux-B\u00e8gles, le club breton a officialis\u00e9 ce mardi l\u2019arriv\u00e9e d\u2019un ailier qui a fait sensation en Angleterre : Ben Stevenson, 26 ans, arrive en provenance de Newcastle pour deux saisons.<\/p>\n<p><strong>Un ailier en pleine ascension<\/strong><\/p>\n<p>Titulaire \u00e0 22 reprises cette saison avec les Falcons, Stevenson s\u2019est impos\u00e9 comme l\u2019un des ailiers les plus prolifiques du championnat anglais. Il a inscrit 10 essais, dont 9 lors des neuf derni\u00e8res journ\u00e9es de Premiership, affichant une r\u00e9gularit\u00e9 et une efficacit\u00e9 impressionnantes dans le money time.<\/p>\n<p>Form\u00e9 \u00e0 Newcastle, Stevenson a disput\u00e9 98 matchs sous le maillot noir et blanc. Il va d\u00e9sormais franchir une nouvelle \u00e9tape de sa carri\u00e8re en d\u00e9couvrant le championnat de Pro D2, une premi\u00e8re pour lui.<\/p>\n<p>Le RC Vannes, dans son communiqu\u00e9, ne tarit pas d\u2019\u00e9loges sur sa recrue, qualifi\u00e9e de \u00ab\u00a0joueur puissant, intense, bon finisseur et efficace sur les ballons hauts.\u00a0\u00bb<\/p>\n<p><strong>Un recrutement ambitieux pour les Vannetais<\/strong><\/p>\n<p>Stevenson devient la neuvi\u00e8me recrue d\u2019un mercato particuli\u00e8rement actif pour le club breton. Le RC Vannes a d\u00e9j\u00e0 attir\u00e9 plusieurs profils d\u2019exp\u00e9rience ou de talent comme Nick Schonert (Sagamihara), Thomas Duch\u00eane (Clermont), Dave Cherry (\u00c9dimbourg), Eduardo Iachizzi (Tr\u00e9vise), Thomas Geffr\u00e9 (Langon), Mikheil Alania (Aurillac), Eliott Roudil (Pau) et Anthony Bouthier (Montpellier).<\/p>\n<p>Avec ce renfort venu de l\u2019\u00e9lite anglaise, les Bretons affirment un peu plus leurs ambitions et esp\u00e8rent surfer sur la dynamique qui les a propuls\u00e9s dans le haut du tableau de Pro D2 ces derni\u00e8res saisons.<\/p>\n","protected":false},"excerpt":{"rendered":"Auteur d\u2019une fin de saison impressionnante en Premiership, l\u2019ailier anglais Ben Stevenson va d\u00e9couvrir la Pro D2 sous&hellip;\n","protected":false},"author":2,"featured_media":236449,"comment_status":"","ping_status":"","sticky":false,"template":"","format":"standard","meta":{"footnotes":""},"categories":[1416],"tags":[1011,27,479,1468,60],"class_list":{"0":"post-236448","1":"post","2":"type-post","3":"status-publish","4":"format-standard","5":"has-post-thumbnail","7":"category-rugby","8":"tag-fr","9":"tag-france","10":"tag-rugby","11":"tag-rugby-football","12":"tag-sports"},"share_on_mastodon":{"url":"https:\/\/pubeurope.com\/@fr\/114820605945655081","error":""},"_links":{"self":[{"href":"https:\/\/www.europesays.com\/fr\/wp-json\/wp\/v2\/posts\/236448","targetHints":{"allow":["GET"]}}],"collection":[{"href":"https:\/\/www.europesays.com\/fr\/wp-json\/wp\/v2\/posts"}],"about":[{"href":"https:\/\/www.europesays.com\/fr\/wp-json\/wp\/v2\/types\/post"}],"author":[{"embeddable":true,"href":"https:\/\/www.europesays.com\/fr\/wp-json\/wp\/v2\/users\/2"}],"replies":[{"embeddable":true,"href":"https:\/\/www.europesays.com\/fr\/wp-json\/wp\/v2\/comments?post=236448"}],"version-history":[{"count":0,"href":"https:\/\/www.europesays.com\/fr\/wp-json\/wp\/v2\/posts\/236448\/revisions"}],"wp:featuredmedia":[{"embeddable":true,"href":"https:\/\/www.europesays.com\/fr\/wp-json\/wp\/v2\/media\/236449"}],"wp:attachment":[{"href":"https:\/\/www.europesays.com\/fr\/wp-json\/wp\/v2\/media?parent=236448"}],"wp:term":[{"taxonomy":"category","embeddable":true,"href":"https:\/\/www.europesays.com\/fr\/wp-json\/wp\/v2\/categories?post=236448"},{"taxonomy":"post_tag","embeddable":true,"href":"https:\/\/www.europesays.com\/fr\/wp-json\/wp\/v2\/tags?post=236448"}],"curies":[{"name":"wp","href":"https:\/\/api.w.org\/{rel}","templated":true}]}}