{"id":236452,"date":"2025-07-09T01:11:11","date_gmt":"2025-07-09T01:11:11","guid":{"rendered":"https:\/\/www.europesays.com\/fr\/236452\/"},"modified":"2025-07-09T01:11:11","modified_gmt":"2025-07-09T01:11:11","slug":"poncharal-dement-fermement-avoir-acte-le-depart-de-tech3-vers-honda","status":"publish","type":"post","link":"https:\/\/www.europesays.com\/fr\/236452\/","title":{"rendered":"Poncharal d\u00e9ment fermement avoir act\u00e9 le d\u00e9part de Tech3 vers Honda"},"content":{"rendered":"<p>Dans la temp\u00eate que traverse KTM, Herv\u00e9 Poncharal maintient le cap. Le patron de Bormes-les-Mimosas mart\u00e8le que Tech3 s&rsquo;en tient \u00e0 son contrat avec le constructeur autrichien et r\u00e9fute toute sp\u00e9culation selon laquelle il aurait d&rsquo;ores et d\u00e9j\u00e0 act\u00e9 une s\u00e9paration anticip\u00e9e et un passage dans le clan Honda d\u00e8s la saison prochaine.<\/p>\n<p>\u00ab\u00a0J&rsquo;ai un contrat de cinq ans avec KTM en MotoGP, de 2022 \u00e0 2026. Je dois donc d\u00e9mentir fermement ceux qui \u00e9crivent que le team Tech3 aurait d\u00e9j\u00e0 un accord avec Honda pour 2026\u00a0\u00bb, d\u00e9clare Herv\u00e9 Poncharal dans une interview accord\u00e9e \u00e0 <a href=\"https:\/\/www.gpone.com\/it\/2025\/07\/05\/motogp\/poncharal-nessun-accordo-con-honda-per-il-2026-la-priorita-resta-ktm.html\" target=\"_blank\" rel=\"noopener nofollow\">GPOne<\/a>.<\/p>\n<p>Ces rumeurs sont n\u00e9es du fait qu&rsquo;un plan de secours serait en phase d&rsquo;\u00e9laboration au sein des plus hautes instances du MotoGP, afin d&rsquo;anticiper d&rsquo;un an l&rsquo;inscription d&rsquo;une seconde \u00e9quipe satellite Honda, si le besoin de combler l&rsquo;hypoth\u00e9tique retrait de deux KTM la saison prochaine devait se faire sentir.<\/p>\n<p>En d\u00e9mentant tout accord d\u00e9j\u00e0 pass\u00e9 avec Honda, il ne s&rsquo;agit pas pour Herv\u00e9 Poncharal d&rsquo;occulter les difficult\u00e9s actuelles, mais bien de se montrer loyal. Il demeure n\u00e9anmoins attentif \u00e0 l&rsquo;\u00e9volution de la situation, au m\u00eame titre que la direction du championnat. Si la dette a \u00e9t\u00e9 sold\u00e9e apr\u00e8s <a href=\"https:\/\/fr.motorsport.com\/motogp\/news\/ktm-obtient-fonds-survie-bajaj\/10725133\/\" target=\"_self\" rel=\"noopener nofollow\">le sauvetage assur\u00e9 par Bajaj<\/a>, des questions continuent en effet \u00e0 se poser quant \u00e0 la strat\u00e9gie que souhaitera mettre en place le groupe indien et l&rsquo;avenir donn\u00e9 au programme de course de KTM.<\/p>\n<p>\u00ab\u00a0J&rsquo;ai eu une longue conversation avec le PDG de la Dorna, Carmelo Ezpeleta, au Mugello. Nous sommes arriv\u00e9s \u00e0 la conclusion qu&rsquo;il faudra attendre de voir quels seront les plans d\u00e9finitifs de KTM pour 2026 et au-del\u00e0\u00a0\u00bb, reprend Herv\u00e9 Poncharal. \u00ab\u00a0Ma situation est claire\u00a0:\u00a0si nous avons la possibilit\u00e9 de continuer avec KTM pour 2026, \u00e0 condition qu&rsquo;ils proposent un accord acceptable, notre priorit\u00e9 sera de continuer avec eux l&rsquo;ann\u00e9e prochaine. C&rsquo;est aussi la position de Carmelo.\u00a0\u00bb<\/p>\n<p>   <img decoding=\"async\" draggable=\"false\" src=\"https:\/\/www.europesays.com\/fr\/wp-content\/uploads\/2025\/07\/1752023471_89_maverick-vinales-red-bull-ktm-.jpg\" alt=\"Maverick Vi\u00f1ales occupe le dixi\u00e8me rang du championnat avec Tech3 et KTM.\" width=\"1200\" height=\"800\" loading=\"lazy\"\/> <\/p>\n<p class=\"title\">Maverick Vi\u00f1ales occupe le dixi\u00e8me rang du championnat avec Tech3 et KTM.<\/p>\n<p class=\"photographer\">Photo de: KTM Images<\/p>\n<p>\u00ab\u00a0Je r\u00e9p\u00e8te, l&rsquo;objectif premier de Tech3 reste de poursuivre avec KTM en 2026. Ensuite, nous verrons si KTM s&rsquo;engage aussi pour les cinq ans allant de 2027 \u00e0 2031\u00a0\u00bb, ajoute le Fran\u00e7ais, qui reste donc dans l&rsquo;expectative. \u00ab\u00a0Lors des derni\u00e8res r\u00e9unions avec le directeur de KTM Motorsports, Pit Beirer, j&rsquo;ai eu l&rsquo;impression que la situation de KTM \u00e9voluait de fa\u00e7on toujours plus positive. C&rsquo;est du moins mon impression personnelle. Mes rapports avec KTM passent clairement par Pit.\u00a0\u00bb<\/p>\n<p>En attendant, GPOne a aussi r\u00e9v\u00e9l\u00e9 que Kurt Trieb, p\u00e8re du moteur de la RC16, quittait Mattighofen, une nouvelle loin d&rsquo;\u00eatre anodine aux yeux d&rsquo;Herv\u00e9 Poncharal. \u00ab\u00a0J&rsquo;ai \u00e9t\u00e9 stup\u00e9fait d&rsquo;apprendre que Kurt Trieb s&rsquo;en allait. J&rsquo;ai beaucoup de respect pour ses moteurs de course, que ce soit en Moto3 ou en MotoGP\u00a0\u00bb, souligne le patron de Tech3, faisant l&rsquo;\u00e9loge d&rsquo;un \u00ab\u00a0ing\u00e9nieur tr\u00e8s qualifi\u00e9 et intelligent\u00a0\u00bb qui peut, selon lui, int\u00e9resser Honda pour combler le point faible de la RC213V qu&rsquo;est le moteur.<\/p>\n<p>Le patron de l&rsquo;\u00e9quipe fran\u00e7aise maintient en tout cas sa confiance au constructeur qu&rsquo;il a rejoint en 2019 apr\u00e8s un long partenariat avec Yamaha. En parall\u00e8le des bruits de couloir sur son avenir avec Mattighofen, Tech3 est aussi en discussion avec d&rsquo;\u00e9ventuels investisseurs. <a href=\"https:\/\/fr.motorsport.com\/motogp\/news\/tech3-vendre-poncharal-discussion-steiner\/10729820\/\" target=\"_self\" rel=\"noopener nofollow\">Herv\u00e9 Poncharal ne cache pas avoir eu des \u00e9changes notamment avec G\u00fcnther Steiner<\/a>, ce que l&rsquo;ancien team principal de Haas en F1 a lui-m\u00eame confirm\u00e9.<\/p>\n<p>Lire aussi :<\/p>\n<p>Dans cet article<\/p>\n<p>    L\u00e9na Buffa\n<\/p>\n<p>    MotoGP\n<\/p>\n<p>    Tech 3\n<\/p>\n<p>Soyez le premier inform\u00e9 et souscrivez aux alertes mails pour recevoir les infos en temps r\u00e9el<\/p>\n<p>    S&rsquo;abonner aux alertes de news<\/p>\n","protected":false},"excerpt":{"rendered":"Dans la temp\u00eate que traverse KTM, Herv\u00e9 Poncharal maintient le cap. Le patron de Bormes-les-Mimosas mart\u00e8le que Tech3&hellip;\n","protected":false},"author":2,"featured_media":236453,"comment_status":"","ping_status":"","sticky":false,"template":"","format":"standard","meta":{"footnotes":""},"categories":[1413],"tags":[1011,27,1457,1456,1458,60,3374],"class_list":{"0":"post-236452","1":"post","2":"type-post","3":"status-publish","4":"format-standard","5":"has-post-thumbnail","7":"category-moto","8":"tag-fr","9":"tag-france","10":"tag-moto","11":"tag-motocycle","12":"tag-motogp","13":"tag-sports","14":"tag-tech-3"},"share_on_mastodon":{"url":"https:\/\/pubeurope.com\/@fr\/114820617568265840","error":""},"_links":{"self":[{"href":"https:\/\/www.europesays.com\/fr\/wp-json\/wp\/v2\/posts\/236452","targetHints":{"allow":["GET"]}}],"collection":[{"href":"https:\/\/www.europesays.com\/fr\/wp-json\/wp\/v2\/posts"}],"about":[{"href":"https:\/\/www.europesays.com\/fr\/wp-json\/wp\/v2\/types\/post"}],"author":[{"embeddable":true,"href":"https:\/\/www.europesays.com\/fr\/wp-json\/wp\/v2\/users\/2"}],"replies":[{"embeddable":true,"href":"https:\/\/www.europesays.com\/fr\/wp-json\/wp\/v2\/comments?post=236452"}],"version-history":[{"count":0,"href":"https:\/\/www.europesays.com\/fr\/wp-json\/wp\/v2\/posts\/236452\/revisions"}],"wp:featuredmedia":[{"embeddable":true,"href":"https:\/\/www.europesays.com\/fr\/wp-json\/wp\/v2\/media\/236453"}],"wp:attachment":[{"href":"https:\/\/www.europesays.com\/fr\/wp-json\/wp\/v2\/media?parent=236452"}],"wp:term":[{"taxonomy":"category","embeddable":true,"href":"https:\/\/www.europesays.com\/fr\/wp-json\/wp\/v2\/categories?post=236452"},{"taxonomy":"post_tag","embeddable":true,"href":"https:\/\/www.europesays.com\/fr\/wp-json\/wp\/v2\/tags?post=236452"}],"curies":[{"name":"wp","href":"https:\/\/api.w.org\/{rel}","templated":true}]}}