{"id":236454,"date":"2025-07-09T01:12:13","date_gmt":"2025-07-09T01:12:13","guid":{"rendered":"https:\/\/www.europesays.com\/fr\/236454\/"},"modified":"2025-07-09T01:12:13","modified_gmt":"2025-07-09T01:12:13","slug":"lavenir-f1-de-fred-vasseur-bel-et-bien-discute-en-interne-chez-ferrari","status":"publish","type":"post","link":"https:\/\/www.europesays.com\/fr\/236454\/","title":{"rendered":"L&rsquo;avenir F1 de Fred Vasseur bel et bien discut\u00e9 en interne chez Ferrari"},"content":{"rendered":"<p>Le PDG de Ferrari admet avoir discut\u00e9 de l\u2019avenir de Fred Vasseur, directeur de l\u2019\u00e9quipe F1.<\/p>\n<p>L\u2019un des dirigeants de Ferrari serait en train de \u00ab discuter \u00bb de l\u2019avenir du patron de l\u2019\u00e9curie de Formule 1 en difficult\u00e9, Fr\u00e9d\u00e9ric Vasseur.<\/p>\n<p>Les sp\u00e9culations vont bon train quant \u00e0 la d\u00e9ception du pr\u00e9sident de Ferrari, John Elkann, et du PDG Benedetto Vigna, qui envisageraient de ne pas prolonger le contrat de trois ans de Vasseur, qui arrive \u00e0 expiration.<\/p>\n<p>Jusqu\u2019\u00e0 pr\u00e9sent, les sup\u00e9rieurs de Vasseur sont rest\u00e9s discrets sur le sujet, mais Vigna \u00e9tait pr\u00e9sent au Grand Prix de Grande-Bretagne.<\/p>\n<p>\u00ab\u00a0J\u2019aime venir ici et voir l\u2019\u00e9quipe unie\u00a0\u00bb, a d\u00e9clar\u00e9 le PDG de la marque bas\u00e9e \u00e0 Maranello \u00e0 Sky Italia \u00e0 Silverstone. \u00ab\u00a0J\u2019adore \u00eatre avec les gens, car ce sont eux qui font toujours la diff\u00e9rence.\u00a0\u00bb<\/p>\n<p>Vigna ne cache pas que Ferrari a connu divers probl\u00e8mes jusqu\u2019\u00e0 pr\u00e9sent en 2025.<\/p>\n<p>\u00ab\u00a0Les \u00e9quipes grandissent avec les difficult\u00e9s\u00a0\u00bb, a-t-il insist\u00e9.\u00ab\u00a0L\u2019union fait la force, et c\u2019est ce que nous avons chez Ferrari, et je peux le ressentir ici.\u00a0\u00bb<\/p>\n<p>Quant \u00e0 l\u2019incertitude intense qui entoure la place de Vasseur dans le stand Ferrari pour 2026, M. Vigna a toutefois admis qu\u2019il n\u2019avait pas encore de r\u00e9ponse.<\/p>\n<p>\u00ab\u00a0C\u2019est le directeur de l\u2019\u00e9quipe\u00a0\u00bb, a-t-il d\u00e9clar\u00e9. \u00ab\u00a0Nous sommes en juillet et nous en discutons. Nous venons de d\u00e9jeuner ensemble\u00a0\u00bb, a-t-il ajout\u00e9 en souriant.<\/p>\n","protected":false},"excerpt":{"rendered":"Le PDG de Ferrari admet avoir discut\u00e9 de l\u2019avenir de Fred Vasseur, directeur de l\u2019\u00e9quipe F1. L\u2019un des&hellip;\n","protected":false},"author":2,"featured_media":236455,"comment_status":"","ping_status":"","sticky":false,"template":"","format":"standard","meta":{"footnotes":""},"categories":[1412],"tags":[5081,1451,5083,5084,5085,5086,5087,2251,1452,1453,1454,1455,1011,27,37549,3504,60,5091,3030],"class_list":{"0":"post-236454","1":"post","2":"type-post","3":"status-publish","4":"format-standard","5":"has-post-thumbnail","7":"category-f1","8":"tag-actuf1","9":"tag-f1","10":"tag-f1-actu","11":"tag-f1-direct","12":"tag-f1-live","13":"tag-f1-news","14":"tag-f1news","15":"tag-ferrari","16":"tag-formula-1","17":"tag-formula1","18":"tag-formule-1","19":"tag-formule1","20":"tag-fr","21":"tag-france","22":"tag-fred-vasseur","23":"tag-scuderia-ferrari","24":"tag-sports","25":"tag-tip","26":"tag-top"},"share_on_mastodon":{"url":"https:\/\/pubeurope.com\/@fr\/114820621531347777","error":""},"_links":{"self":[{"href":"https:\/\/www.europesays.com\/fr\/wp-json\/wp\/v2\/posts\/236454","targetHints":{"allow":["GET"]}}],"collection":[{"href":"https:\/\/www.europesays.com\/fr\/wp-json\/wp\/v2\/posts"}],"about":[{"href":"https:\/\/www.europesays.com\/fr\/wp-json\/wp\/v2\/types\/post"}],"author":[{"embeddable":true,"href":"https:\/\/www.europesays.com\/fr\/wp-json\/wp\/v2\/users\/2"}],"replies":[{"embeddable":true,"href":"https:\/\/www.europesays.com\/fr\/wp-json\/wp\/v2\/comments?post=236454"}],"version-history":[{"count":0,"href":"https:\/\/www.europesays.com\/fr\/wp-json\/wp\/v2\/posts\/236454\/revisions"}],"wp:featuredmedia":[{"embeddable":true,"href":"https:\/\/www.europesays.com\/fr\/wp-json\/wp\/v2\/media\/236455"}],"wp:attachment":[{"href":"https:\/\/www.europesays.com\/fr\/wp-json\/wp\/v2\/media?parent=236454"}],"wp:term":[{"taxonomy":"category","embeddable":true,"href":"https:\/\/www.europesays.com\/fr\/wp-json\/wp\/v2\/categories?post=236454"},{"taxonomy":"post_tag","embeddable":true,"href":"https:\/\/www.europesays.com\/fr\/wp-json\/wp\/v2\/tags?post=236454"}],"curies":[{"name":"wp","href":"https:\/\/api.w.org\/{rel}","templated":true}]}}