{"id":236470,"date":"2025-07-09T01:22:09","date_gmt":"2025-07-09T01:22:09","guid":{"rendered":"https:\/\/www.europesays.com\/fr\/236470\/"},"modified":"2025-07-09T01:22:09","modified_gmt":"2025-07-09T01:22:09","slug":"wimbledon-darren-cahill-coach-de-jannik-sinner-donne-des-nouvelles-apres-lentrainement-annule-il-a-perdu-environ-10km-h-en-coup-droit-nous-sommes-alles-sur-les-courts-interieurs-et-lui-avons","status":"publish","type":"post","link":"https:\/\/www.europesays.com\/fr\/236470\/","title":{"rendered":"Wimbledon > Darren Cahill, coach de Jannik Sinner, donne des nouvelles apr\u00e8s l&rsquo;entra\u00eenement annul\u00e9 : \u00ab\u00a0Il a perdu environ 10km\/h en coup droit. Nous sommes all\u00e9s sur les courts int\u00e9rieurs et lui avons simplement donn\u00e9 des balles pendant 20 \u00e0 30 minutes\u00a0\u00bb"},"content":{"rendered":"<p>Alors que l\u2019in\u00adqui\u00e9\u00adtude commen\u00ad\u00e7ait \u00e0 pointer le bout de son nez suite \u00e0 <a href=\"https:\/\/www.welovetennis.fr\/wimbledon\/grosse-inquietude-pour-jannik-sinner-avant-son-quart-de-finale-contre-ben-shelton\" data-wpel-link=\"internal\" target=\"_blank\" rel=\"noopener\">l\u2019an\u00adnu\u00adla\u00adtion ce mardi apr\u00e8s\u2010midi de l\u2019en\u00adtra\u00ee\u00adne\u00adment de Jannik Sinner<\/a>, touch\u00e9 au niveau du coude lors de sa victoire sur abandon face \u00e0 Dimitrov en huiti\u00e8mes de finale de Wimbledon, l\u2019un de ses entra\u00ee\u00adneurs, Darren Cahill, a tenu \u00e0 rassurer tout le\u00a0monde.<\/p>\n<blockquote class=\"twitter-tweet\">\n<p lang=\"en\" dir=\"ltr\">Cahill on Sinner\u2019s elbow\u00a0: he dropped about 6 mph on fore\u00adhand.<\/p>\n<p>\u00ab\u202fWe did go out to the indoor courts and just fed balls [to him] for 20\u201330\u202fminutes, just to feel the ball. He\u2019s going to be okay, it was just nice to get on the court \u2013 it\u2019s impos\u00adsible for him to take a day\u00a0off.\u202f\u00bb<\/p>\n<p>\u2014 TennisNow (@Tennis_Now) <a href=\"https:\/\/twitter.com\/Tennis_Now\/status\/1942636566289211471?ref_src=twsrc%5Etfw\" data-wpel-link=\"external\" target=\"_blank\" rel=\"nofollow external noopener\">July 8,\u00a02025<\/a><\/p><\/blockquote>\n<p><strong>\u00ab\u202fIl a perdu environ 10km\/h en coup droit\u202f\u00bb<\/strong>, a d\u2019abord lanc\u00e9 le coach austra\u00adlien avant d\u2019en dire plus. <strong>\u00ab\u202fNous sommes all\u00e9s sur les courts int\u00e9\u00adrieurs et lui avons simple\u00adment donn\u00e9 des balles pendant 20 \u00e0 30\u202fminutes, juste pour qu\u2019il sente la balle. Il va bien se porter, c\u2019\u00e9tait un moment agr\u00e9able. Il lui est impos\u00adsible de prendre un jour de\u00a0repos.\u202f\u00bb<\/strong><\/p>\n<p>Plus de peur que mal donc pour le num\u00e9ro 1 mondial qui devrait \u00eatre en pleine posses\u00adsion de ses moyens pour affronter Ben Shelton ce mercredi apr\u00e8s\u2010midi en quarts de finale.\u00a0<\/p>\n<p class=\"post-published-date\" style=\"color: silver; font-size: 75%; text-align: left;\">Publi\u00e9 le mardi 8 juillet 2025 \u00e0 19:50<\/p>\n<p><script async src=\"https:\/\/platform.twitter.com\/widgets.js\" charset=\"utf-8\"><\/script><\/p>\n","protected":false},"excerpt":{"rendered":"Alors que l\u2019in\u00adqui\u00e9\u00adtude commen\u00ad\u00e7ait \u00e0 pointer le bout de son nez suite \u00e0 l\u2019an\u00adnu\u00adla\u00adtion ce mardi apr\u00e8s\u2010midi de&hellip;\n","protected":false},"author":2,"featured_media":236471,"comment_status":"","ping_status":"","sticky":false,"template":"","format":"standard","meta":{"footnotes":""},"categories":[9],"tags":[6580,1011,27,2127,60],"class_list":{"0":"post-236470","1":"post","2":"type-post","3":"status-publish","4":"format-standard","5":"has-post-thumbnail","7":"category-sports","8":"tag-dimitrov","9":"tag-fr","10":"tag-france","11":"tag-sinner","12":"tag-sports"},"share_on_mastodon":{"url":"https:\/\/pubeurope.com\/@fr\/114820660891625347","error":""},"_links":{"self":[{"href":"https:\/\/www.europesays.com\/fr\/wp-json\/wp\/v2\/posts\/236470","targetHints":{"allow":["GET"]}}],"collection":[{"href":"https:\/\/www.europesays.com\/fr\/wp-json\/wp\/v2\/posts"}],"about":[{"href":"https:\/\/www.europesays.com\/fr\/wp-json\/wp\/v2\/types\/post"}],"author":[{"embeddable":true,"href":"https:\/\/www.europesays.com\/fr\/wp-json\/wp\/v2\/users\/2"}],"replies":[{"embeddable":true,"href":"https:\/\/www.europesays.com\/fr\/wp-json\/wp\/v2\/comments?post=236470"}],"version-history":[{"count":0,"href":"https:\/\/www.europesays.com\/fr\/wp-json\/wp\/v2\/posts\/236470\/revisions"}],"wp:featuredmedia":[{"embeddable":true,"href":"https:\/\/www.europesays.com\/fr\/wp-json\/wp\/v2\/media\/236471"}],"wp:attachment":[{"href":"https:\/\/www.europesays.com\/fr\/wp-json\/wp\/v2\/media?parent=236470"}],"wp:term":[{"taxonomy":"category","embeddable":true,"href":"https:\/\/www.europesays.com\/fr\/wp-json\/wp\/v2\/categories?post=236470"},{"taxonomy":"post_tag","embeddable":true,"href":"https:\/\/www.europesays.com\/fr\/wp-json\/wp\/v2\/tags?post=236470"}],"curies":[{"name":"wp","href":"https:\/\/api.w.org\/{rel}","templated":true}]}}