{"id":236494,"date":"2025-07-09T01:36:20","date_gmt":"2025-07-09T01:36:20","guid":{"rendered":"https:\/\/www.europesays.com\/fr\/236494\/"},"modified":"2025-07-09T01:36:20","modified_gmt":"2025-07-09T01:36:20","slug":"a9-coupee-et-deviation-par-a750-a75-entre-montpellier-et-beziers","status":"publish","type":"post","link":"https:\/\/www.europesays.com\/fr\/236494\/","title":{"rendered":"A9 coup\u00e9e et d\u00e9viation par A750\/A75 entre Montpellier et B\u00e9ziers"},"content":{"rendered":"<p itemprop=\"description\">S\u00e9rie noire pour l&rsquo;A9 : un incendie s\u2019est d\u00e9clar\u00e9 entre Castelnau-de-Guers et Montagnac, dans l\u2019H\u00e9rault. L\u2019autoroute A9 est \u00e0 nouveau coup\u00e9e entre Montpellier et B\u00e9ziers. Des moyens terrestres et a\u00e9riens sont mobilis\u00e9s. Les automobilistes sont invit\u00e9s \u00e0 emprunter l\u2019A75 et l&rsquo;A750 pour contourner la zone.<br \/>&#13;<br \/>\nFran\u00e7ois-Xavier Loche, pr\u00e9fet de l\u2019H\u00e9rault, \u00e9tait interview\u00e9 en direct sur le 107.7\u2026<\/p>\n<p>        Mise \u00e0 jour du 8 juillet \u00e0 22:00<br \/><b>R\u00e9ouverture de l&rsquo;autoroute A9<\/b><br \/>Le trafic a pu reprendre, dans les deux sens de circulation, sur les voies de l&rsquo;autoroute A9.Un nouvel incendie important a d\u00e9marr\u00e9 dans l\u2019H\u00e9rault, entre Castelnau-de-Guers et Montagnac. Fran\u00e7ois-Xavier Loche, pr\u00e9fet de l\u2019H\u00e9rault, interview\u00e9 en direct sur le 107.7, pr\u00e9cise\u202f: \u00ab\u202fOn a un gros d\u00e9part de feu actuellement qui est parti de Castelnau-de-Guers et qui est actuellement sur la commune de Montagnac.\u202f\u00bb Le feu s\u2019\u00e9tend sur une vingtaine d\u2019hectares et g\u00e9n\u00e8re un panache de fum\u00e9e qui affecte la visibilit\u00e9 sur l\u2019autoroute A9.<\/p>\n<p>En raison de cette fum\u00e9e, la circulation sur l\u2019A9 est coup\u00e9e entre Montpellier et B\u00e9ziers. Le pr\u00e9fet indique\u202f: \u00ab\u202fOn va malheureusement \u00eatre oblig\u00e9 de d\u00e9vier un maximum de circulation sur l\u2019A75 pour permettre aux personnes de continuer leur parcours.\u202f\u00bb Il est demand\u00e9 aux automobilistes de contourner la zone\u202f: depuis Montpellier, via l\u2019A750 puis l\u2019A75\u202f; depuis B\u00e9ziers, en prenant l\u2019A75 vers le nord.<\/p>\n<p>\u00c9viter cette portion de l\u2019A9<br \/>Les autorit\u00e9s insistent sur l\u2019importance d\u2019\u00e9viter cette portion de l\u2019A9. \u00ab\u202fOn est juste entre Montpellier et B\u00e9ziers, donc il convient d\u2019\u00e9viter cette zone\u202f\u00bb, d\u00e9clare Fran\u00e7ois-Xavier Loche. Il pr\u00e9cise que \u00ab\u202fde gros moyens a\u00e9riens interviennent actuellement\u202f\u00bb et que la r\u00e9ouverture de l\u2019autoroute se fera d\u00e8s que possible.<\/p>\n<p>Concernant les moyens engag\u00e9s, ce sont principalement ceux du d\u00e9partement de l\u2019H\u00e9rault. \u00ab\u202fOn a plus d\u2019une vingtaine de v\u00e9hicules qui sont engag\u00e9s, neuf groupes d\u2019intervention. On a \u00e9galement trois dashs de la s\u00e9curit\u00e9 civile, deux plus petits avions qui interviennent, un h\u00e9licopt\u00e8re de commandement\u202f\u00bb, d\u00e9taille le pr\u00e9fet.<\/p>\n<p>\u00ab\u202fLa priorit\u00e9 reste la s\u00e9curit\u00e9\u202f\u00bb<br \/>\u00c0 ce stade, il est trop t\u00f4t pour qualifier le feu. \u00ab\u202fC\u2019est un feu qui a une heure et quart. Donc, pour l\u2019instant, on est \u00e0 la mont\u00e9e en puissance. Je ne le qualifie pas, mais on met les moyens n\u00e9cessaires\u202f\u00bb, indique Fran\u00e7ois-Xavier Loche. La priorit\u00e9 reste la s\u00e9curit\u00e9, d\u2019o\u00f9 la fermeture pr\u00e9ventive de l\u2019A9.<\/p>\n<p>Pour contourner la zone depuis le sud (Barcelone, Toulouse), il faut passer par B\u00e9ziers, l\u2019A75 direction Clermont-Ferrand, puis l\u2019A750 vers Montpellier. Depuis le nord (Montpellier, Lyon), il convient de prendre l&rsquo;A709, de sortir \u00e0 Saint-Jean-de-V\u00e9das (sortie 32), rejoindre l\u2019A750, puis l\u2019A75 direction B\u00e9ziers et r\u00e9cup\u00e9rer l\u2019A9 vers Barcelone.    <\/p>\n","protected":false},"excerpt":{"rendered":"S\u00e9rie noire pour l&rsquo;A9 : un incendie s\u2019est d\u00e9clar\u00e9 entre Castelnau-de-Guers et Montagnac, dans l\u2019H\u00e9rault. L\u2019autoroute A9 est&hellip;\n","protected":false},"author":2,"featured_media":236495,"comment_status":"","ping_status":"","sticky":false,"template":"","format":"standard","meta":{"footnotes":""},"categories":[9599],"tags":[37551,1111,11,37552,36078,5380,2834,1777,674,1011,27,7089,1310,2208,12,29776,2680,25,521],"class_list":{"0":"post-236494","1":"post","2":"type-post","3":"status-publish","4":"format-standard","5":"has-post-thumbnail","7":"category-montpellier","8":"tag-a750","9":"tag-actu","10":"tag-actualites","11":"tag-beziers","12":"tag-coupee","13":"tag-deviation","14":"tag-entre","15":"tag-eu","16":"tag-europe","17":"tag-fr","18":"tag-france","19":"tag-herault","20":"tag-incendie","21":"tag-montpellier","22":"tag-news","23":"tag-noire","24":"tag-occitanie","25":"tag-republique-francaise","26":"tag-serie"},"share_on_mastodon":{"url":"https:\/\/pubeurope.com\/@fr\/114820715932193945","error":""},"_links":{"self":[{"href":"https:\/\/www.europesays.com\/fr\/wp-json\/wp\/v2\/posts\/236494","targetHints":{"allow":["GET"]}}],"collection":[{"href":"https:\/\/www.europesays.com\/fr\/wp-json\/wp\/v2\/posts"}],"about":[{"href":"https:\/\/www.europesays.com\/fr\/wp-json\/wp\/v2\/types\/post"}],"author":[{"embeddable":true,"href":"https:\/\/www.europesays.com\/fr\/wp-json\/wp\/v2\/users\/2"}],"replies":[{"embeddable":true,"href":"https:\/\/www.europesays.com\/fr\/wp-json\/wp\/v2\/comments?post=236494"}],"version-history":[{"count":0,"href":"https:\/\/www.europesays.com\/fr\/wp-json\/wp\/v2\/posts\/236494\/revisions"}],"wp:featuredmedia":[{"embeddable":true,"href":"https:\/\/www.europesays.com\/fr\/wp-json\/wp\/v2\/media\/236495"}],"wp:attachment":[{"href":"https:\/\/www.europesays.com\/fr\/wp-json\/wp\/v2\/media?parent=236494"}],"wp:term":[{"taxonomy":"category","embeddable":true,"href":"https:\/\/www.europesays.com\/fr\/wp-json\/wp\/v2\/categories?post=236494"},{"taxonomy":"post_tag","embeddable":true,"href":"https:\/\/www.europesays.com\/fr\/wp-json\/wp\/v2\/tags?post=236494"}],"curies":[{"name":"wp","href":"https:\/\/api.w.org\/{rel}","templated":true}]}}