{"id":236496,"date":"2025-07-09T01:39:14","date_gmt":"2025-07-09T01:39:14","guid":{"rendered":"https:\/\/www.europesays.com\/fr\/236496\/"},"modified":"2025-07-09T01:39:14","modified_gmt":"2025-07-09T01:39:14","slug":"un-homme-interpelle-apres-avoir-blesse-un-policier-a-larrivee-de-letape-a-rouen","status":"publish","type":"post","link":"https:\/\/www.europesays.com\/fr\/236496\/","title":{"rendered":"un homme interpell\u00e9 apr\u00e8s avoir bless\u00e9 un policier \u00e0 l\u2019arriv\u00e9e de l\u2019\u00e9tape \u00e0 Rouen"},"content":{"rendered":"<p>        <img decoding=\"async\" loading=\"lazy\" src=\"https:\/\/www.europesays.com\/fr\/wp-content\/uploads\/2025\/07\/c3adff9_1730068410002-000-339w9kq.jpg\"  width=\"728\" height=\"409\" alt=\"Tour de France\u00a0: un homme interpell\u00e9 apr\u00e8s avoir bless\u00e9 un policier \u00e0 l\u2019arriv\u00e9e de l\u2019\u00e9tape \u00e0 Rouen\"\/>  <\/p>\n<p>JEAN-CHRISTOPHE VERHAEGEN \/ AFP<\/p>\n<p>Tour de France\u00a0: un homme interpell\u00e9 apr\u00e8s avoir bless\u00e9 un policier \u00e0 l\u2019arriv\u00e9e de l\u2019\u00e9tape \u00e0 Rouen<\/p>\n<p class=\"asset asset-text\">TOUR DE FRANCE &#8211; Un homme a l\u00e9g\u00e8rement bless\u00e9 ce mardi 8\u00a0juillet d\u2019un coup de couteau un policier \u00e0 l\u2019arriv\u00e9e <a href=\"https:\/\/www.huffingtonpost.fr\/sport\/video\/le-parcours-complet-du-tour-de-france-2025-du-grand-depart-a-lille-jusqu-a-l-arrivee-sur-les-champs-elysees-clx2_241504.html\" rel=\"nofollow noopener\" target=\"_blank\">du Tour de France \u00e0\u00a0Rouen (<\/a>Seine-Maritime), avant d\u2019\u00eatre lui-m\u00eame atteint par un tir et interpell\u00e9, selon une source polici\u00e8re et le parquet \u00e0 l\u2019AFP.<\/p>\n<p class=\"asset asset-text\">Vers 15H30, \u00e0 l\u2019arriv\u00e9e de la <a href=\"https:\/\/www.huffingtonpost.fr\/sport\/video\/le-tour-de-france-2025-son-parcours-et-ses-favoris-vus-par-marion-rousse-consultante-pour-france-televisions_252107.html\" rel=\"nofollow noopener\" target=\"_blank\">quatri\u00e8me \u00e9tape du Tour de France<\/a>, une passante a indiqu\u00e9 aux forces de l\u2019ordre avoir \u00e9t\u00e9 \u00ab\u00a0agress\u00e9e par un individu (&#8230;) porteur d\u2019un couteau de table \u00e0 la main\u00a0\u00bb, a indiqu\u00e9 dans un communiqu\u00e9 le procureur de la R\u00e9publique de\u00a0Rouen, S\u00e9bastien Gallois.<\/p>\n<p class=\"asset asset-text\">\u00ab\u00a0Les policiers poursuivaient et tentaient de ma\u00eetriser le mis en cause qui, alors, portait un coup de couteau au niveau du torse\u00a0d\u2019un des CRS. Gr\u00e2ce \u00e0 son plastron, le CRS n\u2019\u00e9tait pas bless\u00e9\u00a0\u00bb, a-t-il expliqu\u00e9. \u00ab\u00a0Voyant son coll\u00e8gue agress\u00e9, un autre CRS tirait un coup de feu avec son arme de service\u00a0\u00bb, a pr\u00e9cis\u00e9 le magistrat.<\/p>\n<p>    Des ant\u00e9c\u00e9dents psychiatriques    <\/p>\n<p class=\"asset asset-text\">\u00ab\u00a0Bless\u00e9 superficiellement \u00e0 la cuisse\u00a0\u00bb, l\u2019homme, qui \u00ab\u00a0aurait des ant\u00e9c\u00e9dents psychiatriques r\u00e9cents\u00a0\u00bb, a fui mais a \u00e9t\u00e9 rapidement \u00ab\u00a0interpell\u00e9, et imm\u00e9diatement plac\u00e9 en garde \u00e0 vue.\u00a0\u00bb<\/p>\n<p class=\"asset asset-text\">\u00ab\u00a0Pendant ce trajet, il aurait menac\u00e9 des spectateurs du Tour de France avec son couteau\u00a0\u00bb, a signal\u00e9 S\u00e9bastien Gallois, annon\u00e7ant l\u2019ouverture d\u2019une enqu\u00eate \u00ab\u00a0pour tentative d\u2019homicide sur fonctionnaire de police\u00a0\u00bb.<\/p>\n<p class=\"asset asset-text\">Selon une source proche du dossier, l\u2019homme \u00e9tait habill\u00e9 d\u2019un \u00ab\u00a0v\u00eatement musulman\u00a0\u00bb. Son pronostic vital n\u2019est pas engag\u00e9, selon une source polici\u00e8re.<\/p>\n","protected":false},"excerpt":{"rendered":"JEAN-CHRISTOPHE VERHAEGEN \/ AFP Tour de France\u00a0: un homme interpell\u00e9 apr\u00e8s avoir bless\u00e9 un policier \u00e0 l\u2019arriv\u00e9e de&hellip;\n","protected":false},"author":2,"featured_media":236497,"comment_status":"","ping_status":"","sticky":false,"template":"","format":"standard","meta":{"footnotes":""},"categories":[9587],"tags":[1111,11,14118,1777,674,118,1011,27,12,5161,1072,25,9590,210],"class_list":{"0":"post-236496","1":"post","2":"type-post","3":"status-publish","4":"format-standard","5":"has-post-thumbnail","7":"category-rouen","8":"tag-actu","9":"tag-actualites","10":"tag-attaque-au-couteau","11":"tag-eu","12":"tag-europe","13":"tag-faits-divers","14":"tag-fr","15":"tag-france","16":"tag-news","17":"tag-normandie","18":"tag-police","19":"tag-republique-francaise","20":"tag-rouen","21":"tag-tour-de-france"},"share_on_mastodon":{"url":"https:\/\/pubeurope.com\/@fr\/114820727710137497","error":""},"_links":{"self":[{"href":"https:\/\/www.europesays.com\/fr\/wp-json\/wp\/v2\/posts\/236496","targetHints":{"allow":["GET"]}}],"collection":[{"href":"https:\/\/www.europesays.com\/fr\/wp-json\/wp\/v2\/posts"}],"about":[{"href":"https:\/\/www.europesays.com\/fr\/wp-json\/wp\/v2\/types\/post"}],"author":[{"embeddable":true,"href":"https:\/\/www.europesays.com\/fr\/wp-json\/wp\/v2\/users\/2"}],"replies":[{"embeddable":true,"href":"https:\/\/www.europesays.com\/fr\/wp-json\/wp\/v2\/comments?post=236496"}],"version-history":[{"count":0,"href":"https:\/\/www.europesays.com\/fr\/wp-json\/wp\/v2\/posts\/236496\/revisions"}],"wp:featuredmedia":[{"embeddable":true,"href":"https:\/\/www.europesays.com\/fr\/wp-json\/wp\/v2\/media\/236497"}],"wp:attachment":[{"href":"https:\/\/www.europesays.com\/fr\/wp-json\/wp\/v2\/media?parent=236496"}],"wp:term":[{"taxonomy":"category","embeddable":true,"href":"https:\/\/www.europesays.com\/fr\/wp-json\/wp\/v2\/categories?post=236496"},{"taxonomy":"post_tag","embeddable":true,"href":"https:\/\/www.europesays.com\/fr\/wp-json\/wp\/v2\/tags?post=236496"}],"curies":[{"name":"wp","href":"https:\/\/api.w.org\/{rel}","templated":true}]}}