{"id":236498,"date":"2025-07-09T01:42:08","date_gmt":"2025-07-09T01:42:08","guid":{"rendered":"https:\/\/www.europesays.com\/fr\/236498\/"},"modified":"2025-07-09T01:42:08","modified_gmt":"2025-07-09T01:42:08","slug":"le-deuxieme-ligne-thomas-lainault-rejoint-le-racing-92","status":"publish","type":"post","link":"https:\/\/www.europesays.com\/fr\/236498\/","title":{"rendered":"le deuxi\u00e8me ligne Thomas Lainault rejoint le Racing 92"},"content":{"rendered":"<p>C\u2019\u00e9tait <a href=\"https:\/\/www.ledauphine.com\/sport\/2025\/07\/03\/pas-de-revolution-au-fcg\" target=\"_blank\" rel=\"noopener\">dans les tuyaux<\/a> et c\u2019est d\u00e9sormais officiel depuis ce mardi. Thomas Lainault va quitter le FC Grenoble Rugby. Le 2e ligne s\u2019est engag\u00e9 avec le Racing 92 en signant un contrat de deux ans. Il est li\u00e9 avec le club francilien jusqu\u2019en juin\u00a02027.<\/p>\n<p>Ce contenu est bloqu\u00e9 car vous n&rsquo;avez pas accept\u00e9 les cookies et autres traceurs.<\/p>\n<p>En cliquant sur \u00ab J\u2019accepte \u00bb, les cookies et autres traceurs seront d\u00e9pos\u00e9s et vous pourrez visualiser les contenus  (<a href=\"\" class=\"consentModule_policy\" target=\"_blank\" title=\"Consulter la politique de protection des donn\u00e9es du fournisseur\">plus d&rsquo;informations<\/a>).<\/p>\n<p>En cliquant sur \u00ab J\u2019accepte tous les cookies \u00bb, vous autorisez des d\u00e9p\u00f4ts de cookies et autres traceurs pour le stockage de vos donn\u00e9es sur nos sites et applications \u00e0 des fins de personnalisation et de ciblage publicitaire.<\/p>\n<p class=\"consentModule_secondaryText\">Vous gardez la possibilit\u00e9 de retirer votre consentement \u00e0 tout moment en consultant notre <a href=\"https:\/\/www.ledauphine.com\/protection-des-donnees\" target=\"_blank\" title=\"Consulter notre politique de protection des donn\u00e9es\" rel=\"noopener\">politique de protection des donn\u00e9es<\/a>. <br \/>&#13;<br \/>\n            <a href=\"https:\/\/www.ledauphine.com\/sport\/2025\/07\/08\/javascript:Didomi.notice.show()\" class=\"consentModule_cmp\" target=\"_blank\" rel=\"noopener\">G\u00e9rer mes choix<\/a>&#13;\n        <\/p>\n<p>&#13;<br \/>\n                        J&rsquo;accepte&#13;<br \/>\n            J&rsquo;accepte tous les cookies&#13;\n        <\/p>\n<p>Lainault \u00e9tait arriv\u00e9 en 2021 au pied des Alpes en provenance de Rouen. Auparavant, il avait d\u00e9but\u00e9 sa carri\u00e8re professionnelle \u00e0 Carcassonne puis avant encha\u00een\u00e9 \u00e0 Bourg-en-Bresse. Il a ensuite pris de plus en plus d\u2019importance au FCG.<\/p>\n<p>Avec 1\u00a0243 minutes de temps de jeu lors de la saison 2024 \u2013 2025 (21 matches, 17 titularisations, deux essais), il a \u00e9t\u00e9 l\u2019un des avants les plus utilis\u00e9s par le staff is\u00e9rois jusqu\u2019\u00e0 la d\u00e9faite en Access-match Top 14 <a href=\"https:\/\/www.ledauphine.com\/sport\/2025\/06\/14\/le-fcg-s-incline-de-deux-points-contre-l-usap-et-echoue-une-nouvelle-fois-a-monter-en-top-14\" target=\"_blank\" rel=\"noopener\">contre Perpignan (11-13)<\/a> le 14\u00a0juin dernier o\u00f9 il avait d\u2019ailleurs inscrit un essai.<\/p>\n<p>Au Racing, le 2e ligne retrouvera <a href=\"https:\/\/www.ledauphine.com\/sport\/2025\/02\/22\/fcg-wilfried-hulleu-vers-le-racing-92-un-ailier-international-pour-le-remplacer\" target=\"_blank\" rel=\"noopener\">son partenaire du FCG Wilfried Hulleu<\/a> qui a sign\u00e9 pour sa part jusqu\u2019en 2028.<\/p>\n","protected":false},"excerpt":{"rendered":"C\u2019\u00e9tait dans les tuyaux et c\u2019est d\u00e9sormais officiel depuis ce mardi. Thomas Lainault va quitter le FC Grenoble&hellip;\n","protected":false},"author":2,"featured_media":236499,"comment_status":"","ping_status":"","sticky":false,"template":"","format":"standard","meta":{"footnotes":""},"categories":[9566],"tags":[1111,11,2430,112,1777,674,2727,1701,1011,27,2731,2732,108,1985,12,25,479,517],"class_list":{"0":"post-236498","1":"post","2":"type-post","3":"status-publish","4":"format-standard","5":"has-post-thumbnail","7":"category-grenoble","8":"tag-actu","9":"tag-actualites","10":"tag-auvergne-rhone-alpes","11":"tag-edition-grenoble-agglomeration","12":"tag-eu","13":"tag-europe","14":"tag-fcg-fc-grenoble-rugby","15":"tag-fil-info-sport","16":"tag-fr","17":"tag-france","18":"tag-grenoble","19":"tag-grenoble-bassin","20":"tag-isere","21":"tag-metropole-de-grenoble","22":"tag-news","23":"tag-republique-francaise","24":"tag-rugby","25":"tag-sport"},"share_on_mastodon":{"url":"https:\/\/pubeurope.com\/@fr\/114820739664449607","error":""},"_links":{"self":[{"href":"https:\/\/www.europesays.com\/fr\/wp-json\/wp\/v2\/posts\/236498","targetHints":{"allow":["GET"]}}],"collection":[{"href":"https:\/\/www.europesays.com\/fr\/wp-json\/wp\/v2\/posts"}],"about":[{"href":"https:\/\/www.europesays.com\/fr\/wp-json\/wp\/v2\/types\/post"}],"author":[{"embeddable":true,"href":"https:\/\/www.europesays.com\/fr\/wp-json\/wp\/v2\/users\/2"}],"replies":[{"embeddable":true,"href":"https:\/\/www.europesays.com\/fr\/wp-json\/wp\/v2\/comments?post=236498"}],"version-history":[{"count":0,"href":"https:\/\/www.europesays.com\/fr\/wp-json\/wp\/v2\/posts\/236498\/revisions"}],"wp:featuredmedia":[{"embeddable":true,"href":"https:\/\/www.europesays.com\/fr\/wp-json\/wp\/v2\/media\/236499"}],"wp:attachment":[{"href":"https:\/\/www.europesays.com\/fr\/wp-json\/wp\/v2\/media?parent=236498"}],"wp:term":[{"taxonomy":"category","embeddable":true,"href":"https:\/\/www.europesays.com\/fr\/wp-json\/wp\/v2\/categories?post=236498"},{"taxonomy":"post_tag","embeddable":true,"href":"https:\/\/www.europesays.com\/fr\/wp-json\/wp\/v2\/tags?post=236498"}],"curies":[{"name":"wp","href":"https:\/\/api.w.org\/{rel}","templated":true}]}}