{"id":236506,"date":"2025-07-09T01:47:13","date_gmt":"2025-07-09T01:47:13","guid":{"rendered":"https:\/\/www.europesays.com\/fr\/236506\/"},"modified":"2025-07-09T01:47:13","modified_gmt":"2025-07-09T01:47:13","slug":"des-pointes-a-160-km-h-en-corse-et-des-rafales-a-plus-de-100-km-h-enregistrees-dans-le-var-et-les-alpes-maritimes-2","status":"publish","type":"post","link":"https:\/\/www.europesays.com\/fr\/236506\/","title":{"rendered":"Des pointes \u00e0 160 km\/h en Corse et des rafales \u00e0 plus de 100 km\/h enregistr\u00e9es dans le Var et les Alpes-Maritimes"},"content":{"rendered":"<p>Vous l&rsquo;avez peut-\u00eatre constat\u00e9 <strong>lundi 7 juillet en fin de journ\u00e9e<\/strong>, mais les bourrasques de vent \u00e9taient nombreuses sur la C\u00f4te d&rsquo;Azur! Des vents violents pr\u00e9sents non seulement dans la <strong>r\u00e9gion Paca<\/strong> mais \u00e9galement en <strong>Corse<\/strong>.\u00a0<\/p>\n<p>Un \u00e9pisode de vent violent a \u00e9t\u00e9 recens\u00e9 \u00ab\u00a0sur les extr\u00e9mit\u00e9s nord et sud de la Corse ainsi que sur la montagne entre lundi apr\u00e8s-midi et mardi matin\u00a0\u00bb confirme le dernier bulletin de<a href=\"https:\/\/actualite.lachainemeteo.com\/alerte-meteo\/8619-bref-episode-de-vent-fort-en-corse\" target=\"_blank\" rel=\"noopener nofollow\"> La Cha\u00eene M\u00e9t\u00e9o<\/a>. C&rsquo;est dans la soir\u00e9e et la nuit que le vent a souffl\u00e9 le plus violemment.<\/p>\n<p>Des rafales maximales entre <strong>110 et 140km\/h<\/strong> sur le <strong>cap Corse<\/strong> avec des pointes \u00e0 <strong>150 et 160km\/h<\/strong> dans la soir\u00e9e, notamment du c\u00f4t\u00e9 du <strong>Cap Sagro. <\/strong><\/p>\n<p>Des vents de <strong>90 \u00e0 110km\/h<\/strong>\u00a0ont \u00e9t\u00e9 enregistr\u00e9s dans la<strong> r\u00e9gion bastiaise, la Balagne, les Bouches de Bonifacio<\/strong> et le secteur de <strong>Porto-Vecchio.<\/strong><\/p>\n<p>Avec ce vent violent, le risque d&rsquo;incendies est maximal. Une des raisons pour lesquelles <a href=\"https:\/\/www.nicematin.com\/environnement\/vigilance-feux-de-forets-les-massifs-du-tanneron-et-de-l-esterel-fermes-au-public-ce-mardi-993335\" rel=\"nofollow noopener\" target=\"_blank\">8 massifs du Var et des Alpes-Maritimes ont \u00e9t\u00e9 ferm\u00e9s ce mardi 8 juillet.\u00a0<\/a><\/p>\n<p><strong>Plus de 100 km\/h dans le Var\u00a0<\/strong><\/p>\n<p>Dans le <strong>Var<\/strong> les rafales ont \u00e9t\u00e9 \u00e9galement tr\u00e8s fortes avec <strong>plus de 100km\/h<\/strong> enregistr\u00e9s \u00e0 diff\u00e9rents points du d\u00e9partement au cours de la soir\u00e9e de ce lundi.\u00a0<\/p>\n<p>Une rafale maximale de <strong>114km\/h dans le Dramont,<\/strong> <strong>103 km\/h au Cap C\u00e9pet,<\/strong> <strong>102 km\/h enregistr\u00e9s \u00e0 Porquerolle<\/strong>s et pas moins de <strong>92 km\/h sur l&rsquo;\u00cele du Levant.<\/strong><\/p>\n<p>\u00c0 Hy\u00e8res, le vent a lui aussi souffl\u00e9 avec des rafales \u00e0 <strong>87 km\/h<\/strong> enregistr\u00e9es dans les derni\u00e8res 24 heures selon le site sp\u00e9cialis\u00e9 <a href=\"https:\/\/www.meteociel.fr\/obs\/classement.php?mode=21&amp;all=1\" target=\"_blank\" rel=\"noopener nofollow\">M\u00e9t\u00e9o Ciel.<\/a>\u00a0<\/p>\n<p>                                <strong>Plus de 80 km\/h dans les Alpes-Maritimes<\/strong><\/p>\n<p>Les rafales un peu moins impressionnante que chez nos voisins Varois ou Corse mais les rafales ont cependant secou\u00e9 les habitants des\u00a0<strong>Alpes-Maritimes ce lundi soir.\u00a0<\/strong><\/p>\n<p>Toujours selon le site M\u00e9t\u00e9o Ciel, des<strong> rafales \u00e0 82 km\/h<\/strong> ont pu \u00eatre enregistr\u00e9s lundi soir du c\u00f4t\u00e9 <strong>d&rsquo;Antibes<\/strong>. \u00c0 <strong>Nice<\/strong>, certaines rafales ont atteint les <strong>80 km\/h<\/strong> pendant plusieurs heures de la soir\u00e9e.\u00a0<\/p>\n<p>Du c\u00f4t\u00e9 du <strong>bassin cannois<\/strong> le vent \u00e9tait un peu moins fort avec des pointes recens\u00e9es \u00e0 <strong>67 km\/h.\u00a0<\/strong><\/p>\n","protected":false},"excerpt":{"rendered":"Vous l&rsquo;avez peut-\u00eatre constat\u00e9 lundi 7 juillet en fin de journ\u00e9e, mais les bourrasques de vent \u00e9taient nombreuses&hellip;\n","protected":false},"author":2,"featured_media":234896,"comment_status":"","ping_status":"","sticky":false,"template":"","format":"standard","meta":{"footnotes":""},"categories":[2819],"tags":[1111,11,1777,674,1011,27,2487,12,2401,882,25],"class_list":{"0":"post-236506","1":"post","2":"type-post","3":"status-publish","4":"format-standard","5":"has-post-thumbnail","7":"category-nice","8":"tag-actu","9":"tag-actualites","10":"tag-eu","11":"tag-europe","12":"tag-fr","13":"tag-france","14":"tag-meteo","15":"tag-news","16":"tag-nice","17":"tag-provence-alpes-cote-dazur","18":"tag-republique-francaise"},"share_on_mastodon":{"url":"https:\/\/pubeurope.com\/@fr\/114820759161099823","error":""},"_links":{"self":[{"href":"https:\/\/www.europesays.com\/fr\/wp-json\/wp\/v2\/posts\/236506","targetHints":{"allow":["GET"]}}],"collection":[{"href":"https:\/\/www.europesays.com\/fr\/wp-json\/wp\/v2\/posts"}],"about":[{"href":"https:\/\/www.europesays.com\/fr\/wp-json\/wp\/v2\/types\/post"}],"author":[{"embeddable":true,"href":"https:\/\/www.europesays.com\/fr\/wp-json\/wp\/v2\/users\/2"}],"replies":[{"embeddable":true,"href":"https:\/\/www.europesays.com\/fr\/wp-json\/wp\/v2\/comments?post=236506"}],"version-history":[{"count":0,"href":"https:\/\/www.europesays.com\/fr\/wp-json\/wp\/v2\/posts\/236506\/revisions"}],"wp:featuredmedia":[{"embeddable":true,"href":"https:\/\/www.europesays.com\/fr\/wp-json\/wp\/v2\/media\/234896"}],"wp:attachment":[{"href":"https:\/\/www.europesays.com\/fr\/wp-json\/wp\/v2\/media?parent=236506"}],"wp:term":[{"taxonomy":"category","embeddable":true,"href":"https:\/\/www.europesays.com\/fr\/wp-json\/wp\/v2\/categories?post=236506"},{"taxonomy":"post_tag","embeddable":true,"href":"https:\/\/www.europesays.com\/fr\/wp-json\/wp\/v2\/tags?post=236506"}],"curies":[{"name":"wp","href":"https:\/\/api.w.org\/{rel}","templated":true}]}}