{"id":236507,"date":"2025-07-09T01:48:14","date_gmt":"2025-07-09T01:48:14","guid":{"rendered":"https:\/\/www.europesays.com\/fr\/236507\/"},"modified":"2025-07-09T01:48:14","modified_gmt":"2025-07-09T01:48:14","slug":"un-homme-de-82-ans-meurt-apres-setre-noye-dans-une-mer-houleuse","status":"publish","type":"post","link":"https:\/\/www.europesays.com\/fr\/236507\/","title":{"rendered":"un homme de 82 ans meurt apr\u00e8s s\u2019\u00eatre noy\u00e9 dans une mer houleuse"},"content":{"rendered":"<p>Le drame a eu lieu lundi apr\u00e8s-midi, au niveau de la plage de la R\u00e9serve. Dans ce contexte, plusieurs plages de la baie des Anges ont \u00e9t\u00e9 provisoirement ferm\u00e9es au public.<\/p>\n<p class=\"fig-paragraph\">Parce qu\u2019elle est sous-estim\u00e9e, la houle tue chaque \u00e9t\u00e9 sur\u00a0<a href=\"http:\/\/www.lefigaro.fr\/voyages\/guides\/cote-d-azur-pourquoi-il-sera-impossible-de-visiter-ce-monument-adore-des-touristes-cet-ete-20250707\" data-fig-type=\"Article\" data-gtm-custom-categorie=\"navigation\" data-gtm-custom-action=\"crossclick\" data-gtm-custom-label=\"Contextuel\" data-gtm-event=\"customEventSPE\" data-fig-domain=\"LEFIGARO\" rel=\"nofollow noopener\" target=\"_blank\">la C\u00f4te d\u2019Azur<\/a>. Lundi apr\u00e8s-midi, un homme de 82 ans est ainsi mort noy\u00e9 apr\u00e8s s\u2019\u00eatre retrouv\u00e9 en difficult\u00e9 en mer au niveau de la plage de la R\u00e9serve, sur la\u00a0<a href=\"http:\/\/www.lefigaro.fr\/nice\/nice-deux-morts-et-un-blesse-grave-apres-un-terrible-accident-sur-la-promenade-des-anglais-20250708\" data-fig-type=\"NewsFlash\" data-gtm-custom-categorie=\"navigation\" data-gtm-custom-action=\"crossclick\" data-gtm-custom-label=\"Contextuel\" data-gtm-event=\"customEventSPE\" data-fig-domain=\"LEFIGARO\" rel=\"nofollow noopener\" target=\"_blank\">Promenade des Anglais<\/a>, \u00e0 Nice (Alpes-Maritimes).<\/p>\n<p class=\"fig-paragraph\">Ramen\u00e9 sur le rivage en arr\u00eat cardiorespiratoire par les secours rapidement d\u00e9p\u00each\u00e9s sur place, l\u2019octog\u00e9naire a \u00e9t\u00e9 d\u00e9clar\u00e9 mort par le m\u00e9decin du Samu apr\u00e8s de vaines tentatives de r\u00e9animation. Plus t\u00f4t dans la journ\u00e9e, les sapeurs-pompiers des Alpes-Maritimes avaient d\u00e9j\u00e0 \u00e9t\u00e9 appel\u00e9s pour un d\u00e9but de noyade sur une autre plage ni\u00e7oise, au niveau du quartier Magnan. Par chance, cette victime avait pu \u00eatre secourue \u00e0 temps et le drame \u00e9vit\u00e9.<\/p>\n<p>                                    <a class=\"fig-a11y-skip a11y-hidden\" href=\"#fig-a11y-skip-main-inarticle\"><br \/>\n        Passer la publicit\u00e9<br \/>\n    <\/a><\/p>\n<p class=\"fig-paragraph\">Dans ce contexte et avec une forte houle susceptible de mettre en difficult\u00e9 d\u2019autres baigneurs, plusieurs plages de la baie des Anges ont \u00e9t\u00e9 ferm\u00e9es au public. Un ciel bleu et ensoleill\u00e9, des temp\u00e9ratures particuli\u00e8rement cl\u00e9mentes et une mer r\u00e9put\u00e9e tranquille ne signifient pas pour autant qu\u2019il faille ne prendre aucune pr\u00e9caution. Selon les donn\u00e9es de\u00a0<a href=\"http:\/\/www.lefigaro.fr\/demain\/sante\/les-noyades-en-forte-hausse-entre-mi-juillet-et-mi-aout-par-rapport-a-2023-20240830\" target=\"_blank\" data-fig-type=\"NewsFlash\" rel=\"noopener nofollow\" data-gtm-custom-categorie=\"navigation\" data-gtm-custom-action=\"crossclick\" data-gtm-custom-label=\"Contextuel\" data-gtm-event=\"customEventSPE\" data-fig-domain=\"LEFIGARO\">Sant\u00e9 Publique France<\/a>, 576\u00a0<a href=\"http:\/\/www.lefigaro.fr\/nice\/sur-la-cote-d-azur-serie-alarmante-de-noyades-en-juillet-20240802\" target=\"_blank\" data-fig-type=\"NewsFlash\" rel=\"noopener nofollow\" data-gtm-custom-categorie=\"navigation\" data-gtm-custom-action=\"crossclick\" data-gtm-custom-label=\"Contextuel\" data-gtm-event=\"customEventSPE\" data-fig-domain=\"LEFIGARO\">noyades<\/a>\u00a0ont \u00e9t\u00e9 recens\u00e9es en France entre le 16 juillet et le 15 ao\u00fbt 2024, soit une hausse de 41% par rapport \u00e0 la m\u00eame p\u00e9riode en 2023, sans doute en raison de conditions favorables \u00e0 la baignade. Pour ces deux seules quinzaines, on a d\u00e9nombr\u00e9 146 noyades suivies de d\u00e9c\u00e8s en 2024 contre 109 en 2023 (+34%).<\/p>\n","protected":false},"excerpt":{"rendered":"Le drame a eu lieu lundi apr\u00e8s-midi, au niveau de la plage de la R\u00e9serve. Dans ce contexte,&hellip;\n","protected":false},"author":2,"featured_media":236508,"comment_status":"","ping_status":"","sticky":false,"template":"","format":"standard","meta":{"footnotes":""},"categories":[2819],"tags":[1111,11,1777,674,6017,1011,27,1252,12,2401,7781,882,25],"class_list":{"0":"post-236507","1":"post","2":"type-post","3":"status-publish","4":"format-standard","5":"has-post-thumbnail","7":"category-nice","8":"tag-actu","9":"tag-actualites","10":"tag-eu","11":"tag-europe","12":"tag-fait-divers","13":"tag-fr","14":"tag-france","15":"tag-mediterranee","16":"tag-news","17":"tag-nice","18":"tag-noyade","19":"tag-provence-alpes-cote-dazur","20":"tag-republique-francaise"},"share_on_mastodon":{"url":"https:\/\/pubeurope.com\/@fr\/114820763344818335","error":""},"_links":{"self":[{"href":"https:\/\/www.europesays.com\/fr\/wp-json\/wp\/v2\/posts\/236507","targetHints":{"allow":["GET"]}}],"collection":[{"href":"https:\/\/www.europesays.com\/fr\/wp-json\/wp\/v2\/posts"}],"about":[{"href":"https:\/\/www.europesays.com\/fr\/wp-json\/wp\/v2\/types\/post"}],"author":[{"embeddable":true,"href":"https:\/\/www.europesays.com\/fr\/wp-json\/wp\/v2\/users\/2"}],"replies":[{"embeddable":true,"href":"https:\/\/www.europesays.com\/fr\/wp-json\/wp\/v2\/comments?post=236507"}],"version-history":[{"count":0,"href":"https:\/\/www.europesays.com\/fr\/wp-json\/wp\/v2\/posts\/236507\/revisions"}],"wp:featuredmedia":[{"embeddable":true,"href":"https:\/\/www.europesays.com\/fr\/wp-json\/wp\/v2\/media\/236508"}],"wp:attachment":[{"href":"https:\/\/www.europesays.com\/fr\/wp-json\/wp\/v2\/media?parent=236507"}],"wp:term":[{"taxonomy":"category","embeddable":true,"href":"https:\/\/www.europesays.com\/fr\/wp-json\/wp\/v2\/categories?post=236507"},{"taxonomy":"post_tag","embeddable":true,"href":"https:\/\/www.europesays.com\/fr\/wp-json\/wp\/v2\/tags?post=236507"}],"curies":[{"name":"wp","href":"https:\/\/api.w.org\/{rel}","templated":true}]}}