{"id":236513,"date":"2025-07-09T01:52:19","date_gmt":"2025-07-09T01:52:19","guid":{"rendered":"https:\/\/www.europesays.com\/fr\/236513\/"},"modified":"2025-07-09T01:52:19","modified_gmt":"2025-07-09T01:52:19","slug":"la-plaque-du-centre-gisele-halimi-soutien-aux-femmes-victimes-de-violences-a-ete-vandalisee","status":"publish","type":"post","link":"https:\/\/www.europesays.com\/fr\/236513\/","title":{"rendered":"la plaque du centre Gis\u00e8le-Halimi, soutien aux femmes victimes de violences, a \u00e9t\u00e9 vandalis\u00e9e"},"content":{"rendered":"<p>            Par<br \/>\n        <strong><br \/>\n            <a href=\"https:\/\/actu.fr\/auteur\/charlotte-lesprit\" title=\"Consulter tous les articles de Charlotte Lesprit\" target=\"_blank\" rel=\"noopener\">Charlotte Lesprit<\/a><br \/>\n        <\/strong><\/p>\n<p>        Publi\u00e9 le<\/p>\n<p>            8 juil. 2025 \u00e0 16h21        <\/p>\n<p>Les faits se sont d\u00e9roul\u00e9s dans la nuit du jeudi\u00a03 au vendredi 4\u00a0juillet, au 334 bis avenue Thiers, adresse du centre Gis\u00e8le-Halimi qui est un lieu d\u2019accueil et d\u2019\u00e9coute pour les femmes et enfants victimes de <a href=\"https:\/\/actu.fr\/tag\/violences-conjugales\" target=\"_blank\" rel=\"noopener\">violences intrafamiliales<\/a>, \u00e0 Bordeaux, et dont la gestion est assur\u00e9e par L\u2019<strong>Association pour l\u2019accueil des femmes en difficult\u00e9<\/strong> (Apafed).<\/p>\n<p class=\" wall-content\">\u00ab\u2009La plaque a \u00e9t\u00e9 retrouv\u00e9e arrach\u00e9e et cass\u00e9e par l\u2019\u00e9quipe socio-\u00e9ducative qui arrivait sur place. Elle a ensuite \u00e9t\u00e9 <strong>d\u00e9pos\u00e9e sur la poign\u00e9e de porte du centre<\/strong>\u2009\u00bb, t\u00e9moigne Na\u00efma Chara\u00ef, directrice de l\u2019Apafed et ex-conseill\u00e8re r\u00e9gionale aux droits des femmes, \u00e0 la lutte contre les discriminations et solidarit\u00e9 en Nouvelle-Aquitaine. Et de poursuivre\u2009: \u00ab\u2009J\u2019ai appel\u00e9 les voisins mais notre voisine de droite nous a dit qu\u2019elle n\u2019avait rien entendu \u00e0 cause du double vitrage\u2009\u00bb.<\/p>\n<p>Deux actes de vandalisme en quinze jours<\/p>\n<p class=\" wall-content\">Cet acte de vandalisme survient \u00ab\u2009une quinzaine de jours apr\u00e8s qu\u2019une affiche en faveur des droits des femmes a \u00e9t\u00e9 retrouv\u00e9e d\u00e9chir\u00e9e et d\u00e9pos\u00e9e devant notre porte\u2009\u00bb compl\u00e8te Na\u00efma Chara\u00ef. \u00ab\u2009Cela m\u2019inqui\u00e8te, nous avons d\u00e9cid\u00e9<strong> de d\u00e9poser plainte imm\u00e9diatement<\/strong>.\u2009\u00bb<\/p>\n<p class=\" wall-content\">La directrice de l\u2019Apafed, malgr\u00e9 sa stup\u00e9faction face \u00e0 ces actes visant \u00ab\u2009une association d\u2019int\u00e9r\u00eat g\u00e9n\u00e9ral\u2009\u00bb, reconna\u00eet toutefois que, s\u2019il s\u2019agit d\u2019<strong>une tentative d\u2019intimidation<\/strong>, celle-ci ne fonctionne pas\u2009: \u00ab\u2009Au contraire, elle renforce notre d\u00e9termination \u00e0 lutter contre les violences\u2009\u00bb.<\/p>\n<p class=\" wall-content\">Pour l\u2019heure, Na\u00efma Chara\u00ef ne peut toutefois se prononcer ni sur l\u2019identit\u00e9 du ou des auteurs, ni sur les origines des faits tout en mentionnant par ailleurs qu\u2019un portillon avait d\u00e9j\u00e0 par le pass\u00e9 \u00e9t\u00e9 retrouv\u00e9 d\u00e9grad\u00e9 sur un autre site de la m\u00e9tropole bordelaise. \u00ab\u2009S\u2019agit-il d\u2019un conjoint ou d\u2019un ex-conjoint violent\u2009? questionne-t-elle. Ou d\u2019une <strong>mouvance masculiniste<\/strong>, puisque nous sommes une structure qui se revendique f\u00e9ministe.\u2009\u00bb<\/p>\n<p>Vid\u00e9os : en ce moment sur Actu<\/p>\n<p class=\" wall-content\">En Gironde, une ligne locale accessible<strong> 24\u00a0heures sur 24<\/strong> et sept jours sur sept est disponible pour les femmes qui cherchent une \u00e9coute ou un h\u00e9bergement d\u2019urgence. Son num\u00e9ro est le suivant\u2009: 05\u200956\u200940\u200993\u200966. Au national, il faut composer le 3919.<\/p>\n<p class=\" wall-content\">Suivez toute l\u2019actualit\u00e9 de vos villes et m\u00e9dias favoris en vous inscrivant \u00e0 <a href=\"https:\/\/moncompte.actu.fr\" title=\"D\u00e9couvez Mon Actu\" rel=\"nofollow noopener\" data-trk=\"{&quot;cta&quot;:{&quot;action&quot;:&quot;https:\\\/\\\/moncompte.actu.fr&quot;,&quot;category&quot;:&quot;mon compte&quot;,&quot;from&quot;:&quot;article footer&quot;,&quot;name&quot;:&quot;Mon actu&quot;,&quot;type&quot;:&quot;cta&quot;}}\" target=\"_blank\">Mon Actu<\/a>.<\/p>\n<ul class=\"ac-article-tag wall-content\">\n<li><a href=\"https:\/\/actu.fr\/tag\/violences-conjugales\" data-trk=\"{&quot;cta&quot;:{&quot;action&quot;:&quot;Violences conjugales&quot;,&quot;category&quot;:&quot;tag&quot;,&quot;from&quot;:&quot;article footer&quot;,&quot;name&quot;:&quot;Violences conjugales&quot;,&quot;type&quot;:&quot;cta&quot;}}\" target=\"_blank\" rel=\"noopener\">#Violences conjugales<\/a><\/li>\n<li><a href=\"https:\/\/actu.fr\/tag\/violences-sexuelles\" data-trk=\"{&quot;cta&quot;:{&quot;action&quot;:&quot;Violences sexuelles&quot;,&quot;category&quot;:&quot;tag&quot;,&quot;from&quot;:&quot;article footer&quot;,&quot;name&quot;:&quot;Violences sexuelles&quot;,&quot;type&quot;:&quot;cta&quot;}}\" target=\"_blank\" rel=\"noopener\">#Violences sexuelles<\/a><\/li>\n<\/ul>\n","protected":false},"excerpt":{"rendered":"Par Charlotte Lesprit Publi\u00e9 le 8 juil. 2025 \u00e0 16h21 Les faits se sont d\u00e9roul\u00e9s dans la nuit&hellip;\n","protected":false},"author":2,"featured_media":236514,"comment_status":"","ping_status":"","sticky":false,"template":"","format":"standard","meta":{"footnotes":""},"categories":[2817],"tags":[1111,11,1997,1777,674,1011,27,12,2219,25,104,798,799],"class_list":{"0":"post-236513","1":"post","2":"type-post","3":"status-publish","4":"format-standard","5":"has-post-thumbnail","7":"category-bordeaux","8":"tag-actu","9":"tag-actualites","10":"tag-bordeaux","11":"tag-eu","12":"tag-europe","13":"tag-fr","14":"tag-france","15":"tag-news","16":"tag-nouvelle-aquitaine","17":"tag-republique-francaise","18":"tag-societe","19":"tag-violences-conjugales","20":"tag-violences-sexuelles"},"share_on_mastodon":{"url":"https:\/\/pubeurope.com\/@fr\/114820778848512939","error":""},"_links":{"self":[{"href":"https:\/\/www.europesays.com\/fr\/wp-json\/wp\/v2\/posts\/236513","targetHints":{"allow":["GET"]}}],"collection":[{"href":"https:\/\/www.europesays.com\/fr\/wp-json\/wp\/v2\/posts"}],"about":[{"href":"https:\/\/www.europesays.com\/fr\/wp-json\/wp\/v2\/types\/post"}],"author":[{"embeddable":true,"href":"https:\/\/www.europesays.com\/fr\/wp-json\/wp\/v2\/users\/2"}],"replies":[{"embeddable":true,"href":"https:\/\/www.europesays.com\/fr\/wp-json\/wp\/v2\/comments?post=236513"}],"version-history":[{"count":0,"href":"https:\/\/www.europesays.com\/fr\/wp-json\/wp\/v2\/posts\/236513\/revisions"}],"wp:featuredmedia":[{"embeddable":true,"href":"https:\/\/www.europesays.com\/fr\/wp-json\/wp\/v2\/media\/236514"}],"wp:attachment":[{"href":"https:\/\/www.europesays.com\/fr\/wp-json\/wp\/v2\/media?parent=236513"}],"wp:term":[{"taxonomy":"category","embeddable":true,"href":"https:\/\/www.europesays.com\/fr\/wp-json\/wp\/v2\/categories?post=236513"},{"taxonomy":"post_tag","embeddable":true,"href":"https:\/\/www.europesays.com\/fr\/wp-json\/wp\/v2\/tags?post=236513"}],"curies":[{"name":"wp","href":"https:\/\/api.w.org\/{rel}","templated":true}]}}