{"id":236524,"date":"2025-07-09T01:59:27","date_gmt":"2025-07-09T01:59:27","guid":{"rendered":"https:\/\/www.europesays.com\/fr\/236524\/"},"modified":"2025-07-09T01:59:27","modified_gmt":"2025-07-09T01:59:27","slug":"lyon-record-historique-pour-lutilisation-des-velov-au-mois-de-juin","status":"publish","type":"post","link":"https:\/\/www.europesays.com\/fr\/236524\/","title":{"rendered":"Lyon : record historique pour l&rsquo;utilisation des V\u00e9lo&rsquo;V au mois de juin"},"content":{"rendered":"<p>Le service de v\u00e9los en libre-service de la M\u00e9tropole de Lyon, V\u00e9lo&rsquo;V, atteint un niveau in\u00e9dit d&rsquo;utilisation. Avec 1.370.000 locations, juin 2025 devient le mois le plus actif de son histoire.<\/p>\n<p>C&rsquo;est une <b>fr\u00e9quentation jamais vue<\/b> pour <b>V\u00e9lo&rsquo;V \u00e0 Lyon.<\/b><\/p>\n<p>Le service de v\u00e9los en libre-service de la <b>M\u00e9tropole de Lyon<\/b> a d\u00e9pass\u00e9 le cap in\u00e9dit de <b>1.370.000 locations <\/b>sur le <b>seul mois de juin 2025.\u00a0<\/b><\/p>\n<p>Jamais le r\u00e9seau n&rsquo;avait \u00e9t\u00e9 autant sollicit\u00e9 en un mois depuis sa cr\u00e9ation.<\/p>\n<p>L&rsquo;\u00e9lectrique s&rsquo;impose \u00e0 Lyon<\/p>\n<p>Autre fait marquant : <b>les V\u00e9lo&rsquo;V \u00e9lectriques<\/b> <b>ont repr\u00e9sent\u00e9 52 % des trajets effectu\u00e9s<\/b>, une premi\u00e8re.\u00a0<\/p>\n<p>Lanc\u00e9e en <b>janvier 2025<\/b>, cette nouvelle gamme s\u00e9duit de plus en plus d&rsquo;utilisateurs, notamment pour des <b>trajets plus longs<\/b> ou en <b>zones vallonn\u00e9es.\u00a0<\/b><\/p>\n<p>Ce succ\u00e8s confirme <b>l&rsquo;int\u00e9r\u00eat croissant<\/b> pour une <b>mobilit\u00e9 plus accessible<\/b> et <b>confortable<\/b>, tout en restant <b>durable<\/b>.<\/p>\n<p>Une tendance port\u00e9e par la m\u00e9t\u00e9o et les usages<\/p>\n<p>Outre le d\u00e9veloppement de l&rsquo;offre, les <b>conditions m\u00e9t\u00e9o estivales<\/b>, les <b>\u00e9v\u00e9nements en plein air<\/b> et les <b>travaux perturbant <\/b>certaines lignes de <b>transports en commun<\/b> ont certainement contribu\u00e9 \u00e0 cette <b>forte hausse d&rsquo;utilisation.<\/b><\/p>\n<p>Les autorit\u00e9s locales, dont le pr\u00e9sident de la M\u00e9tropole <b>Bruno Bernard<\/b>, se f\u00e9licitent de cette dynamique qui s&rsquo;inscrit dans une strat\u00e9gie globale de <b>transition \u00e9cologique<\/b> et de r\u00e9appropriation de l&rsquo;espace public.<\/p>\n<p>\u00ab\u00a0Pour la premi\u00e8re fois dans son histoire, l&rsquo;offre Velo&rsquo;V \u00c9lectrique a repr\u00e9sent\u00e9 52% des trajets r\u00e9alis\u00e9s. Un engouement pour cette nouvelle gamme lanc\u00e9e en janvier !\u00a0\u00bb,\u00a0se r\u00e9jouit Bruno Bernard sur <a class=\"url\" href=\"https:\/\/bsky.app\/profile\/brunobernard.bsky.social\/post\/3lthhkr2ty323\" target=\"_blank\" rel=\"noopener\">Bluesky<\/a>.<\/p>\n<p><img loading=\"lazy\" decoding=\"async\" src=\"https:\/\/www.europesays.com\/fr\/wp-content\/uploads\/2025\/07\/1752026367_262_img\" width=\"350\" height=\"200\" border=\"0\" title=\"L'incendie \u00c3\u00a0 Marseille provoque d'importantes fum\u00c3\u00a9es noires.\"\/><\/p>\n<p>\u25baFrance<\/p>\n<p style=\"font-size: 22px;\"><b>[MAJ] Incendie \u00e0 Marseille : des trains supprim\u00e9s en Auvergne-Rh\u00f4ne-Alpes<\/b><\/p>\n<p>Un incendie d&rsquo;une rare intensit\u00e9 s&rsquo;est d\u00e9clar\u00e9&#8230;<\/p>\n<p><\/p>\n","protected":false},"excerpt":{"rendered":"Le service de v\u00e9los en libre-service de la M\u00e9tropole de Lyon, V\u00e9lo&rsquo;V, atteint un niveau in\u00e9dit d&rsquo;utilisation. Avec&hellip;\n","protected":false},"author":2,"featured_media":236525,"comment_status":"","ping_status":"","sticky":false,"template":"","format":"standard","meta":{"footnotes":""},"categories":[1889],"tags":[1111,11,2430,5921,2286,1777,674,1011,27,2428,6177,12,25,37555],"class_list":{"0":"post-236524","1":"post","2":"type-post","3":"status-publish","4":"format-standard","5":"has-post-thumbnail","7":"category-lyon","8":"tag-actu","9":"tag-actualites","10":"tag-auvergne-rhone-alpes","11":"tag-bruno-bernard","12":"tag-eelv","13":"tag-eu","14":"tag-europe","15":"tag-fr","16":"tag-france","17":"tag-lyon","18":"tag-mtropole-de-lyon","19":"tag-news","20":"tag-republique-francaise","21":"tag-vlov"},"share_on_mastodon":{"url":"https:\/\/pubeurope.com\/@fr\/114820806574583182","error":""},"_links":{"self":[{"href":"https:\/\/www.europesays.com\/fr\/wp-json\/wp\/v2\/posts\/236524","targetHints":{"allow":["GET"]}}],"collection":[{"href":"https:\/\/www.europesays.com\/fr\/wp-json\/wp\/v2\/posts"}],"about":[{"href":"https:\/\/www.europesays.com\/fr\/wp-json\/wp\/v2\/types\/post"}],"author":[{"embeddable":true,"href":"https:\/\/www.europesays.com\/fr\/wp-json\/wp\/v2\/users\/2"}],"replies":[{"embeddable":true,"href":"https:\/\/www.europesays.com\/fr\/wp-json\/wp\/v2\/comments?post=236524"}],"version-history":[{"count":0,"href":"https:\/\/www.europesays.com\/fr\/wp-json\/wp\/v2\/posts\/236524\/revisions"}],"wp:featuredmedia":[{"embeddable":true,"href":"https:\/\/www.europesays.com\/fr\/wp-json\/wp\/v2\/media\/236525"}],"wp:attachment":[{"href":"https:\/\/www.europesays.com\/fr\/wp-json\/wp\/v2\/media?parent=236524"}],"wp:term":[{"taxonomy":"category","embeddable":true,"href":"https:\/\/www.europesays.com\/fr\/wp-json\/wp\/v2\/categories?post=236524"},{"taxonomy":"post_tag","embeddable":true,"href":"https:\/\/www.europesays.com\/fr\/wp-json\/wp\/v2\/tags?post=236524"}],"curies":[{"name":"wp","href":"https:\/\/api.w.org\/{rel}","templated":true}]}}