{"id":236528,"date":"2025-07-09T02:03:30","date_gmt":"2025-07-09T02:03:30","guid":{"rendered":"https:\/\/www.europesays.com\/fr\/236528\/"},"modified":"2025-07-09T02:03:30","modified_gmt":"2025-07-09T02:03:30","slug":"a-paris-la-gauche-veut-elle-vraiment-ouvrir-36-salles-de-shoot","status":"publish","type":"post","link":"https:\/\/www.europesays.com\/fr\/236528\/","title":{"rendered":"\u00c0 Paris, la gauche veut-elle vraiment \u00ab\u00a0ouvrir 36 salles de shoot\u00a0\u00bb\u00a0?"},"content":{"rendered":"<p class=\"paragraph text_align_left lp-f-body-02\">Une p\u00e9tition \u00e0 plus de 3 000 signatures, une newsletter, des publications sur les r\u00e9seaux sociaux et m\u00eame un outil permettant de voir \u00e0 quelle distance d\u2019une future <a href=\"https:\/\/www.leparisien.fr\/paris-75\/les-injections-auront-lieu-dans-la-rue-a-paris-la-salle-de-shoot-va-t-elle-devoir-fermer-ses-portes-14-04-2025-YVFGCFPH7REUBJ5FMD5XSPWRRE.php\" target=\"_blank\" rel=\"noreferrer nofollow noopener\">\u00ab salle de shoot \u00bb<\/a> (dite aussi salle de consommation \u00e0 moindre risque) se trouve votre domicile\u2026<\/p>\n<p class=\"paragraph text_align_left lp-f-body-02\">Depuis plusieurs jours, la droite parisienne, en particulier les \u00e9lus membres du groupe Changer Paris de <a href=\"https:\/\/www.leparisien.fr\/politique\/rachida-dati\/\" target=\"_blank\" rel=\"noreferrer nofollow noopener\">Rachida Dati<\/a>, assurent que \u00ab la gauche parisienne veut ouvrir 36 salles de shoot \u00e0 Paris \u00bb.<\/p>\n","protected":false},"excerpt":{"rendered":"Une p\u00e9tition \u00e0 plus de 3 000 signatures, une newsletter, des publications sur les r\u00e9seaux sociaux et m\u00eame&hellip;\n","protected":false},"author":2,"featured_media":236529,"comment_status":"","ping_status":"","sticky":false,"template":"","format":"standard","meta":{"footnotes":""},"categories":[1888],"tags":[1111,1928,11,1927,1777,674,1011,27,1944,12,1926,626,1925,25],"class_list":{"0":"post-236528","1":"post","2":"type-post","3":"status-publish","4":"format-standard","5":"has-post-thumbnail","7":"category-paris","8":"tag-actu","9":"tag-actu-paris","10":"tag-actualites","11":"tag-actualites-paris","12":"tag-eu","13":"tag-europe","14":"tag-fr","15":"tag-france","16":"tag-ma-ville","17":"tag-news","18":"tag-news-paris","19":"tag-paris","20":"tag-paris-news","21":"tag-republique-francaise"},"share_on_mastodon":{"url":"https:\/\/pubeurope.com\/@fr\/114820822056131509","error":""},"_links":{"self":[{"href":"https:\/\/www.europesays.com\/fr\/wp-json\/wp\/v2\/posts\/236528","targetHints":{"allow":["GET"]}}],"collection":[{"href":"https:\/\/www.europesays.com\/fr\/wp-json\/wp\/v2\/posts"}],"about":[{"href":"https:\/\/www.europesays.com\/fr\/wp-json\/wp\/v2\/types\/post"}],"author":[{"embeddable":true,"href":"https:\/\/www.europesays.com\/fr\/wp-json\/wp\/v2\/users\/2"}],"replies":[{"embeddable":true,"href":"https:\/\/www.europesays.com\/fr\/wp-json\/wp\/v2\/comments?post=236528"}],"version-history":[{"count":0,"href":"https:\/\/www.europesays.com\/fr\/wp-json\/wp\/v2\/posts\/236528\/revisions"}],"wp:featuredmedia":[{"embeddable":true,"href":"https:\/\/www.europesays.com\/fr\/wp-json\/wp\/v2\/media\/236529"}],"wp:attachment":[{"href":"https:\/\/www.europesays.com\/fr\/wp-json\/wp\/v2\/media?parent=236528"}],"wp:term":[{"taxonomy":"category","embeddable":true,"href":"https:\/\/www.europesays.com\/fr\/wp-json\/wp\/v2\/categories?post=236528"},{"taxonomy":"post_tag","embeddable":true,"href":"https:\/\/www.europesays.com\/fr\/wp-json\/wp\/v2\/tags?post=236528"}],"curies":[{"name":"wp","href":"https:\/\/api.w.org\/{rel}","templated":true}]}}