{"id":236538,"date":"2025-07-09T02:08:10","date_gmt":"2025-07-09T02:08:10","guid":{"rendered":"https:\/\/www.europesays.com\/fr\/236538\/"},"modified":"2025-07-09T02:08:10","modified_gmt":"2025-07-09T02:08:10","slug":"relance-des-liens-franco-britanniques-autour-de-lukraine-la-defense-et-lenergie","status":"publish","type":"post","link":"https:\/\/www.europesays.com\/fr\/236538\/","title":{"rendered":"Relance des liens franco-britanniques autour de l\u2019Ukraine, la d\u00e9fense et l\u2019\u00e9nergie"},"content":{"rendered":"<p>En visite d\u2019Etat au Royaume-Uni, <a href=\"https:\/\/www.20minutes.fr\/politique\/emmanuel-macron\/\" target=\"_blank\" class=\"color-ultramarine c-link\" rel=\"nofollow noopener\">Emmanuel Macron<\/a> a appel\u00e9 ce mardi \u00e0 une coop\u00e9ration renforc\u00e9e entre la <a href=\"https:\/\/www.20minutes.fr\/france\/\" target=\"_blank\" class=\"color-ultramarine c-link\" rel=\"nofollow noopener\">France<\/a> et la <a href=\"https:\/\/www.20minutes.fr\/monde\/grande-bretagne\/\" target=\"_blank\" class=\"color-ultramarine c-link\" rel=\"nofollow noopener\">Grande-Bretagne<\/a> pour d\u00e9fendre l\u2019ordre mondial issu de\u00a01945, en particulier face \u00e0 la guerre en Ukraine. Devant les deux chambres du Parlement britannique, il a exhort\u00e9 les deux nations \u00e0 \u00ab\u00a0travailler ensemble\u00a0\u00bb pour un multilat\u00e9ralisme efficace, assurant que \u00ab\u00a0notre alliance peut faire toute la diff\u00e9rence\u00a0\u00bb.<\/p>\n<p>Dans un discours en anglais salu\u00e9 par de longs applaudissements, il a d\u00e9nonc\u00e9 \u00ab\u00a0la r\u00e9surgence des pulsions imp\u00e9riales\u00a0\u00bb et promis que Fran\u00e7ais et Britanniques \u00ab\u00a0n\u2019abandonneront jamais l\u2019<a href=\"https:\/\/www.20minutes.fr\/monde\/ukraine\/\" target=\"_blank\" class=\"color-ultramarine c-link\" rel=\"nofollow noopener\">Ukraine<\/a>\u00a0\u00bb. \u00ab\u00a0Nous nous battrons jusqu\u2019\u00e0 la derni\u00e8re minute pour un <a href=\"https:\/\/www.20minutes.fr\/monde\/cessez_le_feu\/\" target=\"_blank\" class=\"color-ultramarine c-link\" rel=\"nofollow noopener\">cessez-le-feu<\/a> et une paix durable, car c\u2019est notre s\u00e9curit\u00e9 qui est en jeu\u00a0\u00bb, a-t-il dit. Il a aussi salu\u00e9 les efforts de <a href=\"https:\/\/www.20minutes.fr\/monde\/keir-starmer\/\" target=\"_blank\" class=\"color-ultramarine c-link\" rel=\"nofollow noopener\">Keir Starmer<\/a> pour r\u00e9tablir la confiance avec l\u2019<a href=\"https:\/\/www.20minutes.fr\/dossier\/ue\" target=\"_blank\" class=\"color-ultramarine c-link\" rel=\"nofollow noopener\">Union europ\u00e9enne<\/a>, regrettant le Brexit tout en affirmant le \u00ab\u00a0respecter\u00a0\u00bb.<\/p>\n<p>Clins d\u2019\u0153il, culture et symboles partag\u00e9s<\/p>\n<p>Entre solennit\u00e9 diplomatique et humour britannique, Emmanuel Macron a lanc\u00e9\u00a0: \u00ab\u00a0Nous adorons la <a href=\"https:\/\/www.20minutes.fr\/dossier\/monarchie\" target=\"_blank\" class=\"color-ultramarine c-link\" rel=\"nofollow noopener\">monarchie<\/a>, surtout lorsqu\u2019elle n\u2019est pas chez nous\u00a0\u00bb, provoquant les rires de l\u2019assembl\u00e9e. En \u00e9cho, le pr\u00e9sident de la Chambre des communes a conclu\u00a0: \u00ab\u00a0Vive la France\u00a0\u00bb.<\/p>\n<\/p>\n<p>Le pr\u00e9sident fran\u00e7ais a aussi annonc\u00e9 que la c\u00e9l\u00e8bre tapisserie de Bayeux sera pr\u00eat\u00e9e au British Museum entre\u00a02026 et\u00a02027. En \u00e9change, la France recevra des pi\u00e8ces historiques britanniques issues notamment du tr\u00e9sor de Sutton Hoo.<\/p>\n<p>R\u00e9chauffement diplomatique et coop\u00e9ration renforc\u00e9e<\/p>\n<p>Accueilli avec les honneurs \u00e0 Windsor par le <a href=\"https:\/\/www.20minutes.fr\/dossier\/prince_charles\" target=\"_blank\" class=\"color-ultramarine c-link\" rel=\"nofollow noopener\">roi Charles III<\/a> et la reine Camilla, Emmanuel Macron a particip\u00e9 \u00e0 une c\u00e9r\u00e9monie militaire et \u00e0 un d\u00e9jeuner en pr\u00e9sence du prince William et de son \u00e9pouse Kate. Cette visite d\u2019Etat, la premi\u00e8re d\u2019un pr\u00e9sident fran\u00e7ais depuis\u00a02008, s\u2019inscrit dans un climat diplomatique plus apais\u00e9 depuis l\u2019arriv\u00e9e au pouvoir de Keir Starmer. La guerre en Ukraine a contribu\u00e9 \u00e0 rapprocher les deux puissances, toutes deux membres permanents du Conseil de s\u00e9curit\u00e9 de l\u2019<a href=\"https:\/\/www.20minutes.fr\/monde\/onu\/\" target=\"_blank\" class=\"color-ultramarine c-link\" rel=\"nofollow noopener\">ONU<\/a> et dot\u00e9es de l\u2019arme nucl\u00e9aire.<\/p>\n<p><a href=\"https:\/\/www.20minutes.fr\/monde\/royaume-uni\/\" target=\"_blank\" class=\"c-link c-btn c-btn--primary\" rel=\"nofollow noopener\">Nos informations sur le Royaume-Uni<\/a><\/p>\n<p>Un sommet bilat\u00e9ral pr\u00e9vu jeudi doit acter des avanc\u00e9es concr\u00e8tes dans la coop\u00e9ration sur la d\u00e9fense et la lutte contre l\u2019<a href=\"https:\/\/www.20minutes.fr\/dossier\/immigration_clandestine\" target=\"_blank\" class=\"color-ultramarine c-link\" rel=\"nofollow noopener\">immigration clandestine<\/a>. Le Royaume-Uni esp\u00e8re une implication fran\u00e7aise accrue, alors que les arriv\u00e9es ill\u00e9gales par la Manche ont d\u00e9pass\u00e9 les 21.000 depuis janvier. Sur le plan \u00e9conomique, l\u2019Elys\u00e9e a confirm\u00e9 la participation d\u2019EDF \u00e0 hauteur de 12,5\u00a0% dans la future centrale nucl\u00e9aire britannique de Sizewell C, symbole d\u2019un partenariat strat\u00e9gique relanc\u00e9.<\/p>\n","protected":false},"excerpt":{"rendered":"En visite d\u2019Etat au Royaume-Uni, Emmanuel Macron a appel\u00e9 ce mardi \u00e0 une coop\u00e9ration renforc\u00e9e entre la France&hellip;\n","protected":false},"author":2,"featured_media":236539,"comment_status":"","ping_status":"","sticky":false,"template":"","format":"standard","meta":{"footnotes":""},"categories":[1590],"tags":[47,11,1353,581,312,1073,1777,674,2581,17380,74,12,473,220],"class_list":{"0":"post-236538","1":"post","2":"type-post","3":"status-publish","4":"format-standard","5":"has-post-thumbnail","7":"category-ukraine","8":"tag-actualite","9":"tag-actualites","10":"tag-brexit","11":"tag-charles-iii","12":"tag-diplomatie","13":"tag-emmanuel-macron","14":"tag-eu","15":"tag-europe","16":"tag-keir-starmer","17":"tag-monarchie","18":"tag-monde","19":"tag-news","20":"tag-royaume-uni","21":"tag-ukraine"},"share_on_mastodon":{"url":"https:\/\/pubeurope.com\/@fr\/114820842021582954","error":""},"_links":{"self":[{"href":"https:\/\/www.europesays.com\/fr\/wp-json\/wp\/v2\/posts\/236538","targetHints":{"allow":["GET"]}}],"collection":[{"href":"https:\/\/www.europesays.com\/fr\/wp-json\/wp\/v2\/posts"}],"about":[{"href":"https:\/\/www.europesays.com\/fr\/wp-json\/wp\/v2\/types\/post"}],"author":[{"embeddable":true,"href":"https:\/\/www.europesays.com\/fr\/wp-json\/wp\/v2\/users\/2"}],"replies":[{"embeddable":true,"href":"https:\/\/www.europesays.com\/fr\/wp-json\/wp\/v2\/comments?post=236538"}],"version-history":[{"count":0,"href":"https:\/\/www.europesays.com\/fr\/wp-json\/wp\/v2\/posts\/236538\/revisions"}],"wp:featuredmedia":[{"embeddable":true,"href":"https:\/\/www.europesays.com\/fr\/wp-json\/wp\/v2\/media\/236539"}],"wp:attachment":[{"href":"https:\/\/www.europesays.com\/fr\/wp-json\/wp\/v2\/media?parent=236538"}],"wp:term":[{"taxonomy":"category","embeddable":true,"href":"https:\/\/www.europesays.com\/fr\/wp-json\/wp\/v2\/categories?post=236538"},{"taxonomy":"post_tag","embeddable":true,"href":"https:\/\/www.europesays.com\/fr\/wp-json\/wp\/v2\/tags?post=236538"}],"curies":[{"name":"wp","href":"https:\/\/api.w.org\/{rel}","templated":true}]}}