{"id":236560,"date":"2025-07-09T02:22:13","date_gmt":"2025-07-09T02:22:13","guid":{"rendered":"https:\/\/www.europesays.com\/fr\/236560\/"},"modified":"2025-07-09T02:22:13","modified_gmt":"2025-07-09T02:22:13","slug":"johann-zarco-pret-a-viser-un-double-de-prestige-avec-son-ecurie-le-francais-annonce-la-couleur","status":"publish","type":"post","link":"https:\/\/www.europesays.com\/fr\/236560\/","title":{"rendered":"Johann Zarco pr\u00eat \u00e0 viser un doubl\u00e9 de prestige avec son \u00e9curie, le Fran\u00e7ais annonce la couleur"},"content":{"rendered":"<p>Johann Zarco veut le doubl\u00e9 et le fait savoir. Le pilote cannois, auteur d&rsquo;un d\u00e9but de saison 2025 tr\u00e8s bon en MotoGP mais qui est plus dans le dur r\u00e9cemment, a pris la parole avant son retour sur le l\u00e9gendaire circuit de Suzuka d\u00e9but ao\u00fbt en vue des c\u00e9l\u00e8bres 8 Heures. Vainqueur l\u2019an dernier avec Honda, le Fran\u00e7ais veut aller chercher le doubl\u00e9 et il a annonc\u00e9 la couleur, faisant savoir sa motivation \u00e0 ce sujet. Le Cannois a d&rsquo;ailleurs d\u00e9j\u00e0 boucl\u00e9 deux s\u00e9ances d\u2019essais cette ann\u00e9e et il a \u00e9voqu\u00e9 ces 8 Heures de Suzuka.<\/p>\n<p>Zarco veut son doubl\u00e9<\/p>\n<blockquote>\n<p>\u00ab\u00a0Le changement le plus important concerne la suspension. L\u2019ann\u00e9e derni\u00e8re, nous roulions avec une suspension Showa, tandis que cette ann\u00e9e, nous utilisons une suspension \u00d6hlins. C\u2019\u00e9tait donc la priorit\u00e9 des essais : r\u00e9gler la moto avec cette nouvelle suspension. J\u2019ai beaucoup appr\u00e9ci\u00e9 la stabilit\u00e9 offerte par les \u00d6hlins lors du freinage. Je pense qu\u2019il y a encore du travail \u00e0 faire, notamment pour faciliter la conduite et aller plus vite sans avoir \u00e0 pousser plus fort. Avec Iker Lecuona et Takumi Takahashi, on est dans la course \u00e0 la victoire. Il faudra tout faire parfaitement, mais nous avons bien boss\u00e9. C\u2019est un circuit tr\u00e8s technique. Conna\u00eetre ses subtilit\u00e9s fait gagner plus de temps plut\u00f4t qu\u2019en essayant de r\u00e9gler la moto \u00e0 la perfection pour diff\u00e9rents styles de pilotage\u00a0\u00bb, a fait savoir le Fran\u00e7ais, dans des propos repris par <a href=\"https:\/\/www.paddock-gp.com\/motogp-johann-zarco-est-pret-a-defendre-son-titre-a-suzuka-on-est-dans-la-course-a-la-victoire\/\" rel=\"nofollow noopener\" target=\"_blank\">Paddock GP<\/a>.<\/p>\n<\/blockquote>\n<p>Ambitieux, le Fran\u00e7ais sait qu&rsquo;il aura encore plus de concurrence cette ann\u00e9e, notamment avec l&rsquo;arriv\u00e9e de Jack Miller du c\u00f4t\u00e9 de Yamaha. Le pilote australien va participer \u00e0 ces 8 Heures de Suzuka et Zarco sait qu&rsquo;il aura un adversaire de taille. Mais il se r\u00e9jouit de l&rsquo;affronter. \u00ab\u00a0J\u2019ai os\u00e9 relever le d\u00e9fi l\u2019ann\u00e9e derni\u00e8re et j\u2019ai appr\u00e9ci\u00e9 cette exp\u00e9rience, et la victoire \u00e9tait formidable. Je pense que la pr\u00e9sence de Jack est une bonne chose pour Yamaha ; cela leur donnera une moto en plus de celle de YART. Il aura \u00e9galement de bons pilotes \u00e0 ses c\u00f4t\u00e9s. De plus, pour Jack, ce n\u2019est peut-\u00eatre pas le meilleur moment pour lui en ce moment, et si cela fonctionne bien, cela lui permettra certainement de marquer des points avec Yamaha\u00a0\u00bb, a analys\u00e9 le Cannois, qui veut son doubl\u00e9 et annonce donc la couleur.<\/p>\n<p>    Partagez cette info avec vos amis et vos proches en cliquant ici  <\/p>\n<p> Podcasts \u00e0 la une MEN LIFE <\/p>\n<p>    Pour r\u00e9sumer<\/p>\n<p>Johann Zarco veut le doubl\u00e9 et le fait savoir. Le pilote cannois, auteur d&rsquo;un d\u00e9but de saison 2025 tr\u00e8s bon en MotoGP mais qui est plus dans le dur r\u00e9cemment, a pris la parole avant son retour sur le l\u00e9gendaire circuit de Suzuka d\u00e9but ao\u00fbt en vue des c\u00e9l\u00e8bres 8 Heures.<\/p>\n<p>R\u00e9dacteur<\/p>\n<p><img decoding=\"async\" width=\"76\" height=\"76\" loading=\"lazy\" src=\"https:\/\/www.europesays.com\/fr\/wp-content\/uploads\/2025\/04\/logo-victor-willems.jpg\" alt=\"Victor Willems\"\/><\/p>\n","protected":false},"excerpt":{"rendered":"Johann Zarco veut le doubl\u00e9 et le fait savoir. Le pilote cannois, auteur d&rsquo;un d\u00e9but de saison 2025&hellip;\n","protected":false},"author":2,"featured_media":236561,"comment_status":"","ping_status":"","sticky":false,"template":"","format":"standard","meta":{"footnotes":""},"categories":[1413],"tags":[1011,27,1457,1456,60],"class_list":{"0":"post-236560","1":"post","2":"type-post","3":"status-publish","4":"format-standard","5":"has-post-thumbnail","7":"category-moto","8":"tag-fr","9":"tag-france","10":"tag-moto","11":"tag-motocycle","12":"tag-sports"},"share_on_mastodon":{"url":"https:\/\/pubeurope.com\/@fr\/114820897249532194","error":""},"_links":{"self":[{"href":"https:\/\/www.europesays.com\/fr\/wp-json\/wp\/v2\/posts\/236560","targetHints":{"allow":["GET"]}}],"collection":[{"href":"https:\/\/www.europesays.com\/fr\/wp-json\/wp\/v2\/posts"}],"about":[{"href":"https:\/\/www.europesays.com\/fr\/wp-json\/wp\/v2\/types\/post"}],"author":[{"embeddable":true,"href":"https:\/\/www.europesays.com\/fr\/wp-json\/wp\/v2\/users\/2"}],"replies":[{"embeddable":true,"href":"https:\/\/www.europesays.com\/fr\/wp-json\/wp\/v2\/comments?post=236560"}],"version-history":[{"count":0,"href":"https:\/\/www.europesays.com\/fr\/wp-json\/wp\/v2\/posts\/236560\/revisions"}],"wp:featuredmedia":[{"embeddable":true,"href":"https:\/\/www.europesays.com\/fr\/wp-json\/wp\/v2\/media\/236561"}],"wp:attachment":[{"href":"https:\/\/www.europesays.com\/fr\/wp-json\/wp\/v2\/media?parent=236560"}],"wp:term":[{"taxonomy":"category","embeddable":true,"href":"https:\/\/www.europesays.com\/fr\/wp-json\/wp\/v2\/categories?post=236560"},{"taxonomy":"post_tag","embeddable":true,"href":"https:\/\/www.europesays.com\/fr\/wp-json\/wp\/v2\/tags?post=236560"}],"curies":[{"name":"wp","href":"https:\/\/api.w.org\/{rel}","templated":true}]}}