{"id":236574,"date":"2025-07-09T02:30:10","date_gmt":"2025-07-09T02:30:10","guid":{"rendered":"https:\/\/www.europesays.com\/fr\/236574\/"},"modified":"2025-07-09T02:30:10","modified_gmt":"2025-07-09T02:30:10","slug":"coeur-de-pirate-vit-un-sejour-de-reve-a-marseille-en-famille-voyez-les-images","status":"publish","type":"post","link":"https:\/\/www.europesays.com\/fr\/236574\/","title":{"rendered":"Coeur de pirate vit un s\u00e9jour de r\u00eave \u00e0 Marseille en famille, voyez les images"},"content":{"rendered":"<p><b>Coeur de pirate <\/b>nous fait r\u00eaver avec de somptueuses images de son s\u00e9jour \u00e0 <b>Marseille<\/b>!<\/p>\n<p>Alors qu&rsquo;elle y \u00e9tait en concert au printemps dernier, la chanteuse s&rsquo;est cette fois-ci offert des vacances <a href=\"https:\/\/www.noovomoi.ca\/en-vedette\/coeur-de-pirate-arlo-decouvre-bas-saint-laurent.html\" target=\"_blank\" rel=\"noopener\">en famille<\/a> au bord de l&rsquo;eau.\u00a0<\/p>\n<p>Afin de nous faire vivre ce voyage avec elle, <b><a href=\"https:\/\/www.noovomoi.ca\/en-vedette\/coeur-de-pirate-coming-out-26-ans.html\" target=\"_blank\" rel=\"noopener\">Coeur de pirate<\/a><\/b> a publi\u00e9 un album photos sur Instagram. Coucher du soleil \u00e0 la plage, promenade en bateau, tour de grande roue et baignade dans les vagues turquoises; la vedette, son mari et son fils semblent vivre des vacances de r\u00eave!<\/p>\n<p>Voici le carrousel d&rsquo;images, \u00e0 parcourir \u00e0 l&rsquo;aide de la fl\u00e8che blanche situ\u00e9e \u00e0 droite de la publication:<\/p>\n","protected":false},"excerpt":{"rendered":"Coeur de pirate nous fait r\u00eaver avec de somptueuses images de son s\u00e9jour \u00e0 Marseille! Alors qu&rsquo;elle y&hellip;\n","protected":false},"author":2,"featured_media":236575,"comment_status":"","ping_status":"","sticky":false,"template":"","format":"standard","meta":{"footnotes":""},"categories":[1355],"tags":[37558,58,59,1011,27,1361,873,15656,37557],"class_list":{"0":"post-236574","1":"post","2":"type-post","3":"status-publish","4":"format-standard","5":"has-post-thumbnail","7":"category-musique","8":"tag-coeur-de-pirate","9":"tag-divertissement","10":"tag-entertainment","11":"tag-fr","12":"tag-france","13":"tag-music","14":"tag-musique","15":"tag-plage","16":"tag-voyage-et-vacances"},"share_on_mastodon":{"url":"https:\/\/pubeurope.com\/@fr\/114820928304967438","error":""},"_links":{"self":[{"href":"https:\/\/www.europesays.com\/fr\/wp-json\/wp\/v2\/posts\/236574","targetHints":{"allow":["GET"]}}],"collection":[{"href":"https:\/\/www.europesays.com\/fr\/wp-json\/wp\/v2\/posts"}],"about":[{"href":"https:\/\/www.europesays.com\/fr\/wp-json\/wp\/v2\/types\/post"}],"author":[{"embeddable":true,"href":"https:\/\/www.europesays.com\/fr\/wp-json\/wp\/v2\/users\/2"}],"replies":[{"embeddable":true,"href":"https:\/\/www.europesays.com\/fr\/wp-json\/wp\/v2\/comments?post=236574"}],"version-history":[{"count":0,"href":"https:\/\/www.europesays.com\/fr\/wp-json\/wp\/v2\/posts\/236574\/revisions"}],"wp:featuredmedia":[{"embeddable":true,"href":"https:\/\/www.europesays.com\/fr\/wp-json\/wp\/v2\/media\/236575"}],"wp:attachment":[{"href":"https:\/\/www.europesays.com\/fr\/wp-json\/wp\/v2\/media?parent=236574"}],"wp:term":[{"taxonomy":"category","embeddable":true,"href":"https:\/\/www.europesays.com\/fr\/wp-json\/wp\/v2\/categories?post=236574"},{"taxonomy":"post_tag","embeddable":true,"href":"https:\/\/www.europesays.com\/fr\/wp-json\/wp\/v2\/tags?post=236574"}],"curies":[{"name":"wp","href":"https:\/\/api.w.org\/{rel}","templated":true}]}}