{"id":236578,"date":"2025-07-09T02:33:10","date_gmt":"2025-07-09T02:33:10","guid":{"rendered":"https:\/\/www.europesays.com\/fr\/236578\/"},"modified":"2025-07-09T02:33:10","modified_gmt":"2025-07-09T02:33:10","slug":"retour-sur-terre-gagnant-pour-lois-boisson-apres-la-deception-de-wimbledon","status":"publish","type":"post","link":"https:\/\/www.europesays.com\/fr\/236578\/","title":{"rendered":"Retour sur terre gagnant pour Lo\u00efs Boisson, apr\u00e8s la d\u00e9ception de Wimbledon"},"content":{"rendered":"<p>Laissez-la sur terre battue et Lo\u00efs Boisson entrera forc\u00e9ment dans le top 10 mondial. <a href=\"https:\/\/www.20minutes.fr\/sport\/tennis\/roland-garros\/4157203-20250605-roland-garros-2025-lois-boisson-marche-trop-haute-aventure-extraordinaire\" target=\"_blank\" class=\"color-ultramarine c-link\" rel=\"nofollow noopener\">Apr\u00e8s son \u00e9pop\u00e9e fantastique \u00e0 Roland-Garros<\/a>, o\u00f9 elle a atteint les demi-finales \u00e0 la surprise g\u00e9n\u00e9rale, ce qui lui a permis de gagner pr\u00e8s de 300 places au classement WTA, Lo\u00efs Boisson s\u2019est lanc\u00e9e dans une nouvelle mission\u00a0: <a href=\"https:\/\/www.20minutes.fr\/sport\/tennis\/wimbledon\/4160056-20250624-wimbledon-2025-lois-boisson-attaque-nouvelle-vie-tirage-sort-costaud-qualifications\" target=\"_blank\" class=\"color-ultramarine c-link\" rel=\"nofollow noopener\">l\u2019herbe de Wimbledon<\/a>.<\/p>\n<p>Mais, pour sa premi\u00e8re exp\u00e9rience sur gazon, la Fran\u00e7aise a vite d\u00e9chant\u00e9. Lo\u00efs Boisson (d\u00e9sormais 66e mondiale) a disparu \u00e0 Wimbledon <a href=\"https:\/\/www.20minutes.fr\/sport\/tennis\/wimbledon\/4160141-20250624-wimbledon-2025-desillusion-lois-boisson-eliminee-premier-tour-qualifications\" target=\"_blank\" class=\"color-ultramarine c-link\" rel=\"nofollow noopener\">d\u00e8s le premier tour des qualifications, victime de Carson Branstine<\/a>, une modeste Canadienne alors 197e mondiale. Mais, ce mardi, la Dijonnaise a retrouv\u00e9 sa surface pr\u00e9f\u00e9r\u00e9e en Su\u00e8de, pour son plus grand bonheur.<\/p>\n<\/p>\n<p>A Bastad, la d\u00e9sormais n\u00b01 fran\u00e7aise a retrouv\u00e9 ses marques, en dominant en un peu plus d\u2019une heure sa compatriote Chlo\u00e9 Paquet, face \u00e0 laquelle elle s\u2019est montr\u00e9e clinique en convertissant toutes ses balles de break (4\/4) pour s\u2019imposer en deux sets (6-3, 6-4). Elle affrontera au deuxi\u00e8me tour la Lettone Darja Semenistaja, 128e mondiale.<\/p>\n","protected":false},"excerpt":{"rendered":"Laissez-la sur terre battue et Lo\u00efs Boisson entrera forc\u00e9ment dans le top 10 mondial. Apr\u00e8s son \u00e9pop\u00e9e fantastique&hellip;\n","protected":false},"author":2,"featured_media":236579,"comment_status":"","ping_status":"","sticky":false,"template":"","format":"standard","meta":{"footnotes":""},"categories":[9],"tags":[1011,27,10535,4171,517,60,7199,1467,4173,4170],"class_list":{"0":"post-236578","1":"post","2":"type-post","3":"status-publish","4":"format-standard","5":"has-post-thumbnail","7":"category-sports","8":"tag-fr","9":"tag-france","10":"tag-lois-boisson","11":"tag-roland-garros","12":"tag-sport","13":"tag-sports","14":"tag-suede","15":"tag-tennis","16":"tag-wimbledon","17":"tag-wta"},"share_on_mastodon":{"url":"https:\/\/pubeurope.com\/@fr\/114820940029317233","error":""},"_links":{"self":[{"href":"https:\/\/www.europesays.com\/fr\/wp-json\/wp\/v2\/posts\/236578","targetHints":{"allow":["GET"]}}],"collection":[{"href":"https:\/\/www.europesays.com\/fr\/wp-json\/wp\/v2\/posts"}],"about":[{"href":"https:\/\/www.europesays.com\/fr\/wp-json\/wp\/v2\/types\/post"}],"author":[{"embeddable":true,"href":"https:\/\/www.europesays.com\/fr\/wp-json\/wp\/v2\/users\/2"}],"replies":[{"embeddable":true,"href":"https:\/\/www.europesays.com\/fr\/wp-json\/wp\/v2\/comments?post=236578"}],"version-history":[{"count":0,"href":"https:\/\/www.europesays.com\/fr\/wp-json\/wp\/v2\/posts\/236578\/revisions"}],"wp:featuredmedia":[{"embeddable":true,"href":"https:\/\/www.europesays.com\/fr\/wp-json\/wp\/v2\/media\/236579"}],"wp:attachment":[{"href":"https:\/\/www.europesays.com\/fr\/wp-json\/wp\/v2\/media?parent=236578"}],"wp:term":[{"taxonomy":"category","embeddable":true,"href":"https:\/\/www.europesays.com\/fr\/wp-json\/wp\/v2\/categories?post=236578"},{"taxonomy":"post_tag","embeddable":true,"href":"https:\/\/www.europesays.com\/fr\/wp-json\/wp\/v2\/tags?post=236578"}],"curies":[{"name":"wp","href":"https:\/\/api.w.org\/{rel}","templated":true}]}}