{"id":236580,"date":"2025-07-09T02:34:10","date_gmt":"2025-07-09T02:34:10","guid":{"rendered":"https:\/\/www.europesays.com\/fr\/236580\/"},"modified":"2025-07-09T02:34:10","modified_gmt":"2025-07-09T02:34:10","slug":"le-chanteur-latino-bad-bunny-tourne-trump-en-ridicule-dans-son-nouveau-clip","status":"publish","type":"post","link":"https:\/\/www.europesays.com\/fr\/236580\/","title":{"rendered":"Le chanteur latino Bad Bunny tourne Trump en ridicule dans son nouveau clip"},"content":{"rendered":"<p>L\u2019artiste portoricain a diffus\u00e9 la vid\u00e9o de Nuevayol le jour de la f\u00eate nationale des \u00c9tats-Unis, le 4 juillet. Dans celle-ci, la statue de la Libert\u00e9 arbore le drapeau de Porto Rico avant que le pr\u00e9sident am\u00e9ricain confesse ses erreurs en mati\u00e8re de politique migratoire.<\/p>\n<p class=\"fig-paragraph\">Le chanteur portoricain\u00a0<a href=\"http:\/\/www.lefigaro.fr\/musique\/une-file-d-attente-en-ligne-de-500-000-personnes-pour-les-concerts-de-bad-bunny-en-france-20250509\" data-fig-type=\"Article\" data-gtm-custom-categorie=\"navigation\" data-gtm-custom-action=\"crossclick\" data-gtm-custom-label=\"Contextuel\" data-gtm-event=\"customEventSPE\" data-fig-domain=\"LEFIGARO\" target=\"_blank\" rel=\"noopener\">Bad Bunny<\/a>\u00a0a c\u00e9l\u00e9br\u00e9 l\u2019Independance Day \u00e0 sa mani\u00e8re. Le\u00a0<a href=\"https:\/\/www.lefigaro.fr\/international\/trump-s-empare-de-la-fete-nationale-20190611\" data-fig-type=\"Article\" data-gtm-custom-categorie=\"navigation\" data-gtm-custom-action=\"crossclick\" data-gtm-custom-label=\"Contextuel\" data-gtm-event=\"customEventSPE\" data-fig-domain=\"LEFIGARO\" target=\"_blank\" rel=\"noopener\">4 juillet<\/a>, alors que les Am\u00e9ricains f\u00eataient les 249 ans de la D\u00e9claration d\u2019ind\u00e9pendance, l\u2019artiste de 31 ans a mis en ligne son nouveau clip engag\u00e9, Nuevayol (New-York en fran\u00e7ais). Longue de 3 minutes, la vid\u00e9o rend hommage \u00e0 la culture latino-am\u00e9ricaine et moque la politique anti-immigration de Trump.<\/p>\n<p class=\"fig-paragraph\">Sur une musique Dembow, un genre musical dominicain, une s\u00e9quence montre la statue de la Libert\u00e9 d\u00e9cor\u00e9e d\u2019un drapeau\u00a0<a href=\"http:\/\/www.lefigaro.fr\/international\/les-portoricains-arretez-de-faire-vos-chochottes-staten-island-ce-bastion-trumpiste-en-plein-new-york-20241104\" data-fig-type=\"Article\" data-gtm-custom-categorie=\"navigation\" data-gtm-custom-action=\"crossclick\" data-gtm-custom-label=\"Contextuel\" data-gtm-event=\"customEventSPE\" data-fig-domain=\"LEFIGARO\" target=\"_blank\" rel=\"noopener\">portoricain<\/a>. Selon le journal\u00a0<a href=\"https:\/\/www.la-croix.com\/culture\/bad-bunny-la-superstar-qui-tacle-trump-dans-son-nouveau-clip-20250707\" target=\"_blank\" rel=\"nofollow noopener\" data-gtm-custom-categorie=\"navigation\" data-gtm-custom-action=\"crossclick\" data-gtm-custom-label=\"Contextuel\" data-gtm-event=\"customEventSPE\">La Croix<\/a>, cette sc\u00e8ne fait r\u00e9f\u00e9rence aux mobilisations du 25 octobre 1977, durant lesquelles vingt-cinq activistes du mouvement Los Nacionalistas grimpaient sur le monument pour y suspendre l\u2019\u00e9tendard portoricain et r\u00e9clamer symboliquement l\u2019ind\u00e9pendance de l\u2019\u00eele.<\/p>\n<p>                                    <a class=\"fig-a11y-skip a11y-hidden\" href=\"#fig-a11y-skip-main-inarticle\"><br \/>\n        Passer la publicit\u00e9<br \/>\n    <\/a><\/p>\n<p>Aucun concert aux \u00c9tats-Unis<\/p>\n<p class=\"fig-paragraph\">Plus tard dans le clip, quatre jeunes latinos sont assis autour d\u2019une table et \u00e9coutent un discours prononc\u00e9 par une voix semblable \u00e0 celle de\u00a0<a href=\"http:\/\/www.lefigaro.fr\/conjoncture\/donald-trump-repousse-les-droits-de-douane-les-plus-punitifs-au-1er-aout-annonce-la-maison-blanche-20250707\" data-fig-type=\"NewsFlash\" data-gtm-custom-categorie=\"navigation\" data-gtm-custom-action=\"crossclick\" data-gtm-custom-label=\"Contextuel\" data-gtm-event=\"customEventSPE\" data-fig-domain=\"LEFIGARO\" target=\"_blank\" rel=\"noopener\">Donald Trump<\/a>\u00a0: \u00ab J\u2019ai fait, une erreur, je m\u2019excuse aupr\u00e8s de tous les immigr\u00e9s des \u00c9tats-Unis. Ce pays n\u2019est rien sans eux, sans les Mexicains, Dominicains, Portoricains&#8230;\u00bb. La vid\u00e9o s\u2019ach\u00e8ve avec une phrase adress\u00e9e \u00e0 la communaut\u00e9 latino-am\u00e9ricaine\u00a0: \u00ab\u00a0Juntos somos mas fuertes\u00a0\u00bb, en fran\u00e7ais\u00a0: \u00ab ensemble nous serons plus forts\u00a0\u00bb. <\/p>\n<p class=\"fig-paragraph\">Ce n\u2019est pas la premi\u00e8re fois que Bad Bunny s\u2019en prend au pr\u00e9sident am\u00e9ricain. En octobre 2024, le chanteur avait soutenu la candidate\u00a0<a href=\"http:\/\/www.lefigaro.fr\/international\/kamala-harris-denonce-le-debut-de-mandat-egoiste-de-donald-trump-20250501\" data-fig-type=\"NewsFlash\" data-gtm-custom-categorie=\"navigation\" data-gtm-custom-action=\"crossclick\" data-gtm-custom-label=\"Contextuel\" data-gtm-event=\"customEventSPE\" data-fig-domain=\"LEFIGARO\" target=\"_blank\" rel=\"noopener\">Kamala Harris,\u00a0<\/a>en diffusant une vid\u00e9o o\u00f9 elle critique la mauvaise gestion de Porto Rico par Donald Trump. Malgr\u00e9 le succ\u00e8s de son dernier album Debi Tirar Mas Fotos aux \u00c9tats-Unis, l\u2019artiste n\u2019a pr\u00e9vu aucun concert dans le pays lors de sa prochaine tourn\u00e9e. Sans doute une fa\u00e7on pour lui de protester contre la politique anti-immigration du pr\u00e9sident am\u00e9ricain&#8230;<\/p>\n","protected":false},"excerpt":{"rendered":"L\u2019artiste portoricain a diffus\u00e9 la vid\u00e9o de Nuevayol le jour de la f\u00eate nationale des \u00c9tats-Unis, le 4&hellip;\n","protected":false},"author":2,"featured_media":236581,"comment_status":"","ping_status":"","sticky":false,"template":"","format":"standard","meta":{"footnotes":""},"categories":[8],"tags":[37559,30542,58,75,59,1011,27],"class_list":{"0":"post-236580","1":"post","2":"type-post","3":"status-publish","4":"format-standard","5":"has-post-thumbnail","7":"category-divertissement","8":"tag-chanteur-populaire","9":"tag-clip","10":"tag-divertissement","11":"tag-donald-trump","12":"tag-entertainment","13":"tag-fr","14":"tag-france"},"share_on_mastodon":{"url":"https:\/\/pubeurope.com\/@fr\/114820944323928182","error":""},"_links":{"self":[{"href":"https:\/\/www.europesays.com\/fr\/wp-json\/wp\/v2\/posts\/236580","targetHints":{"allow":["GET"]}}],"collection":[{"href":"https:\/\/www.europesays.com\/fr\/wp-json\/wp\/v2\/posts"}],"about":[{"href":"https:\/\/www.europesays.com\/fr\/wp-json\/wp\/v2\/types\/post"}],"author":[{"embeddable":true,"href":"https:\/\/www.europesays.com\/fr\/wp-json\/wp\/v2\/users\/2"}],"replies":[{"embeddable":true,"href":"https:\/\/www.europesays.com\/fr\/wp-json\/wp\/v2\/comments?post=236580"}],"version-history":[{"count":0,"href":"https:\/\/www.europesays.com\/fr\/wp-json\/wp\/v2\/posts\/236580\/revisions"}],"wp:featuredmedia":[{"embeddable":true,"href":"https:\/\/www.europesays.com\/fr\/wp-json\/wp\/v2\/media\/236581"}],"wp:attachment":[{"href":"https:\/\/www.europesays.com\/fr\/wp-json\/wp\/v2\/media?parent=236580"}],"wp:term":[{"taxonomy":"category","embeddable":true,"href":"https:\/\/www.europesays.com\/fr\/wp-json\/wp\/v2\/categories?post=236580"},{"taxonomy":"post_tag","embeddable":true,"href":"https:\/\/www.europesays.com\/fr\/wp-json\/wp\/v2\/tags?post=236580"}],"curies":[{"name":"wp","href":"https:\/\/api.w.org\/{rel}","templated":true}]}}