{"id":236582,"date":"2025-07-09T02:35:14","date_gmt":"2025-07-09T02:35:14","guid":{"rendered":"https:\/\/www.europesays.com\/fr\/236582\/"},"modified":"2025-07-09T02:35:14","modified_gmt":"2025-07-09T02:35:14","slug":"the-last-of-us-part-2-soffre-une-mise-a-jour-etonnante-pour-redecouvrir-lhistoire-autrement-actu","status":"publish","type":"post","link":"https:\/\/www.europesays.com\/fr\/236582\/","title":{"rendered":"The Last of Us Part 2 s&rsquo;offre une mise \u00e0 jour \u00e9tonnante pour red\u00e9couvrir l&rsquo;histoire autrement &#8211; Actu"},"content":{"rendered":"<p class=\"gk__text__p\">Voil\u00e0 autre chose, les enfants. Cinq ans apr\u00e8s sa sortie, mais seulement quelques semaines apr\u00e8s la fin de la saison 2 de l&rsquo;adaptation t\u00e9l\u00e9, Naughty Dog aimerait vous voir rejouer \u00e0 <a href=\"https:\/\/www.gamekult.com\/jeux\/the-last-of-us-part-ii-3050817635.html\" rel=\"nofollow noopener\" target=\"_blank\">The Last of Us Part 2<\/a>. Sous quel pr\u00e9texte ? Une mise \u00e0 jour gratuite, disponible aujourd&rsquo;hui pour <a href=\"https:\/\/www.gamekult.com\/jeux\/the-last-of-us-part-ii-remastered-3050887218.html\" rel=\"nofollow noopener\" target=\"_blank\">The Last of Us Part 2 Remastered<\/a> sur PS5 et PC, qui propose une nouvelle fa\u00e7on de revivre l&rsquo;histoire des ennemies jur\u00e9es Ellie et Abby : dans l&rsquo;ordre chronologique. Une proposition inhabituelle qui devrait offrir un autre regard sur la narration, normalement non lin\u00e9aire, de cet \u00e9pisode riche en enjeux et rebondissements.<\/p>\n<p class=\"gk__text__p\">\u00ab Ceux qui ont d\u00e9j\u00e0 jou\u00e9 au jeu savent que son histoire est narr\u00e9e de mani\u00e8re non lin\u00e9aire et que les motivations, prises de conscience et enjeux \u00e9motionnels d&rsquo;Ellie et Abby se d\u00e9voilent \u00e0 travers une myriade de flashbacks ou d&rsquo;histoires ancr\u00e9es dans le pr\u00e9sent. Si cette structure est un choix assum\u00e9 qui renforce l\u2019impact des th\u00e8mes et de la narration de Part II sur les joueurs, nous nous sommes toujours demand\u00e9 \u00e0 quoi pourrait ressembler l&rsquo;histoire si elle \u00e9tait pr\u00e9sent\u00e9e dans un ordre chronologique. Et aujourd&rsquo;hui, nous avons enfin la r\u00e9ponse \u00bb, <a target=\"_blank\" href=\"https:\/\/blog.fr.playstation.com\/2025\/07\/08\/decouvrez-the-last-of-us-part-ii-remastered-dans-une-experience-chronologique\/\" rel=\"noopener noreferrer nofollow\">explique<\/a> Jonathon Dornbush, responsable du contenu \u00e9ditorial chez Naughty Dog.<\/p>\n<p><img decoding=\"async\" data-lazyload=\"\" src=\"https:\/\/www.europesays.com\/fr\/wp-content\/uploads\/2025\/07\/the-last-of-us-part-2-s-offre-une-mise-a-jour-etonnante-pour-redecouvrir-l-histoire-autrement-8b049a.jpeg\" width=\"830\" alt=\"Deux skins bonus de Joel et Tommy pour le mode Sans retour attendent ceux qui termineront le jeu dans le mode Chronologique.\"\/>Deux skins bonus de Joel et Tommy pour le mode Sans retour attendent ceux qui termineront le jeu dans le mode Chronologique.<\/p>\n<p class=\"gk__text__p\">\u00ab Gr\u00e2ce au nouveau mode Chronologique, nous pensons que les joueurs plongeront plus profond\u00e9ment dans l&rsquo;histoire de Part II. Par exemple, ils comprendront mieux pourquoi le fait qu&rsquo;Ellie se voie offrir une guitare lui donne tant envie d&rsquo;apprendre \u00e0 en jouer, tandis que la travers\u00e9e de Seattle fera un parall\u00e8le fascinant entre les itin\u00e9raires entrem\u00eal\u00e9s d&rsquo;Ellie et Abby. Vous verrez \u00e0 quel point les protagonistes \u00e9taient proches de se croiser, l&rsquo;impact de leurs actions l&rsquo;une sur l&rsquo;autre et bien plus \u00bb, peut-on lire aussi.<\/p>\n<p class=\"gk__text__p\">R\u00e9alis\u00e9 avec l&rsquo;aide toujours aussi pr\u00e9cieuse du studio Nixxes, ce mode est d\u00e9sormais disponible pour tous les curieux, qui obtiendront au passage deux nouvelles apparences en terminant l&rsquo;aventure ainsi (Joel et Tommy habill\u00e9s respectivement en Nathan et Sam Drake pour le mode Sans retour). Quant \u00e0 ceux qui n&rsquo;ont pas encore fait le jeu (qui sont ces gens ?), Naughty Dog leur recommande de le d\u00e9couvrir dans son d\u00e9coupage authentique et donc non lin\u00e9aire.<\/p>\n<p class=\"gk__text__p\"><img decoding=\"async\" data-lazyload=\"\" src=\"https:\/\/www.europesays.com\/fr\/wp-content\/uploads\/2025\/07\/the-last-of-us-part-2-s-offre-une-mise-a-jour-etonnante-pour-redecouvrir-l-histoire-autrement-199088.jpeg\" width=\"283\" alt=\"\" class=\"gk__text__img--left\" data-gt-lightbox-id=\"lightbox-standalone\" data-gt-index=\"3052756152\"\/>L&rsquo;histoire ne dit pas si Naughty Dog s&rsquo;est inspir\u00e9 de Quantic Dream, d&rsquo;autant que le r\u00e9alisateur Kurt Margenau <a target=\"_blank\" href=\"https:\/\/x.com\/kurtmargenau\/status\/1942603174537302205\" rel=\"noopener noreferrer nofollow\">cr\u00e9dite<\/a> surtout une option pr\u00e9sente sur le DVD du film Memento de Christopher Nolan, mais le fait est que le studio parisien avait propos\u00e9 une alternative similaire pour son <a href=\"https:\/\/www.gamekult.com\/jeux\/beyond-two-souls-3050485463.html\" rel=\"nofollow noopener\" target=\"_blank\">Beyond : Two Souls<\/a>. Si le d\u00e9roulement du jeu par d\u00e9faut est fait d&rsquo;un encha\u00eenement de sc\u00e8nes pr\u00e9sent\u00e9es dans un grand d\u00e9sordre chronologique, un certain nombre de joueurs avaient exprim\u00e9 le souhait de pouvoir vivre la vie de Jodie Holmes dans l&rsquo;ordre chronologique. Ce qu&rsquo;ils ont pu faire gr\u00e2ce \u00e0 un mode alternatif qui fut ajout\u00e9 \u00e0 la sortie de la version PlayStation 4, en novembre 2015.<\/p>\n<ul class=\"gk__text__list\">\n<li>\n<a href=\"https:\/\/www.gamekult.com\/actualite\/neil-druckmann-quitte-ses-fonctions-sur-la-serie-the-last-of-us-3050864587.html\" rel=\"nofollow noopener\" target=\"_blank\"><strong>\u00c0 lire \u00e9galement |<\/strong> Neil Druckmann quitte ses fonctions sur la s\u00e9rie The Last of Us<\/a>\n<\/li>\n<\/ul>\n","protected":false},"excerpt":{"rendered":"Voil\u00e0 autre chose, les enfants. Cinq ans apr\u00e8s sa sortie, mais seulement quelques semaines apr\u00e8s la fin de&hellip;\n","protected":false},"author":2,"featured_media":236583,"comment_status":"","ping_status":"","sticky":false,"template":"","format":"standard","meta":{"footnotes":""},"categories":[7],"tags":[1011,27,43,40,41,39,42,44],"class_list":{"0":"post-236582","1":"post","2":"type-post","3":"status-publish","4":"format-standard","5":"has-post-thumbnail","7":"category-sciences-et-technologies","8":"tag-fr","9":"tag-france","10":"tag-science","11":"tag-science-and-technology","12":"tag-sciences","13":"tag-sciences-et-technologies","14":"tag-technologies","15":"tag-technology"},"share_on_mastodon":{"url":"https:\/\/pubeurope.com\/@fr\/114820947960444230","error":""},"_links":{"self":[{"href":"https:\/\/www.europesays.com\/fr\/wp-json\/wp\/v2\/posts\/236582","targetHints":{"allow":["GET"]}}],"collection":[{"href":"https:\/\/www.europesays.com\/fr\/wp-json\/wp\/v2\/posts"}],"about":[{"href":"https:\/\/www.europesays.com\/fr\/wp-json\/wp\/v2\/types\/post"}],"author":[{"embeddable":true,"href":"https:\/\/www.europesays.com\/fr\/wp-json\/wp\/v2\/users\/2"}],"replies":[{"embeddable":true,"href":"https:\/\/www.europesays.com\/fr\/wp-json\/wp\/v2\/comments?post=236582"}],"version-history":[{"count":0,"href":"https:\/\/www.europesays.com\/fr\/wp-json\/wp\/v2\/posts\/236582\/revisions"}],"wp:featuredmedia":[{"embeddable":true,"href":"https:\/\/www.europesays.com\/fr\/wp-json\/wp\/v2\/media\/236583"}],"wp:attachment":[{"href":"https:\/\/www.europesays.com\/fr\/wp-json\/wp\/v2\/media?parent=236582"}],"wp:term":[{"taxonomy":"category","embeddable":true,"href":"https:\/\/www.europesays.com\/fr\/wp-json\/wp\/v2\/categories?post=236582"},{"taxonomy":"post_tag","embeddable":true,"href":"https:\/\/www.europesays.com\/fr\/wp-json\/wp\/v2\/tags?post=236582"}],"curies":[{"name":"wp","href":"https:\/\/api.w.org\/{rel}","templated":true}]}}