{"id":236584,"date":"2025-07-09T02:36:10","date_gmt":"2025-07-09T02:36:10","guid":{"rendered":"https:\/\/www.europesays.com\/fr\/236584\/"},"modified":"2025-07-09T02:36:10","modified_gmt":"2025-07-09T02:36:10","slug":"societe-generale-free-stellantis-apres-lengouement-post-covid-les-illusions-perdues-du-teletravail-pour-les-entreprises","status":"publish","type":"post","link":"https:\/\/www.europesays.com\/fr\/236584\/","title":{"rendered":"Soci\u00e9t\u00e9 g\u00e9n\u00e9rale, Free, Stellantis&#8230; Apr\u00e8s l\u2019engouement post-Covid, les illusions perdues du t\u00e9l\u00e9travail pour les entreprises"},"content":{"rendered":"<p><strong>ENQU\u00caTE &#8211;<\/strong> Les employeurs sont de plus en plus nombreux \u00e0 r\u00e9duire le nombre de jours de travail \u00e0 distance. Au grand dam des salari\u00e9s, qui aimeraient un statu quo.<\/p>\n<p class=\"fig-paragraph\">La fin d\u2019une \u00e9poque dans les entreprises fran\u00e7aises\u00a0? Ces derniers mois, \u00e0 la surprise des salari\u00e9s,\u00a0plusieurs groupes ont annonc\u00e9 leur d\u00e9cision de r\u00e9duire le\u00a0<a href=\"http:\/\/www.lefigaro.fr\/decideurs\/management\/quentin-perinel-le-teletravail-a-multiplie-les-fragilites-et-les-angoisses-sociales-20241124\" target=\"_blank\" data-fig-type=\"Article\" rel=\"noopener nofollow\" data-gtm-custom-categorie=\"navigation\" data-gtm-custom-action=\"crossclick\" data-gtm-custom-label=\"Contextuel\" data-gtm-event=\"customEventSPE\" data-fig-domain=\"LEFIGARO\">nombre de jours de t\u00e9l\u00e9travail<\/a>. Cette pratique est h\u00e9rit\u00e9e en France de la pand\u00e9mie de Covid qui avait confin\u00e9 \u00e0 la maison l\u2019ensemble de la population. Depuis, de nombreuses entreprises ont instaur\u00e9 la possibilit\u00e9 de travailler deux, voire trois jours par semaine \u00e0 domicile.<\/p>\n<p class=\"fig-paragraph\">Mais, \u00e0 l\u2019instar de grands groupes am\u00e9ricains comme Amazon,\u00a0<a href=\"http:\/\/www.lefigaro.fr\/societes\/tesla-chute-en-bourse-apres-l-annonce-par-elon-musk-de-la-creation-de-son-propre-parti-politique-20250707\" data-fig-type=\"NewsFlash\" data-gtm-custom-categorie=\"navigation\" data-gtm-custom-action=\"crossclick\" data-gtm-custom-label=\"Contextuel\" data-gtm-event=\"customEventSPE\" data-fig-domain=\"LEFIGARO\" rel=\"nofollow noopener\" target=\"_blank\">Tesla<\/a>\u00a0ou JPMorgan Chase, nombre de ces soci\u00e9t\u00e9s fran\u00e7aises sont en train de siffler le retour au bureau. \u00ab\u00a0L\u2019hybridation (entre pr\u00e9sentiel et distanciel, NDLR) est totalement install\u00e9e, explique Marie-Laure Leclerq de Sousa, directrice du cabinet de services immobiliers JLL France. Personne n\u2019imagine un retour au bureau \u00e0 100\u00a0%. En revanche, il y a une r\u00e9flexion sur le nombre de jours de t\u00e9l\u00e9travail par semaine.\u00a0\u00bb Ces entreprises mettent en avant les limites du t\u00e9l\u00e9travail \u00e0 haute dose.<\/p>\n<p class=\"fig-body-link\">\n            \u00c0 lire aussi<br \/>\n        <a class=\"fig-body-link__link fig-premium-mark\" href=\"http:\/\/www.lefigaro.fr\/societes\/la-greve-a-ete-inedite-par-son-ampleur-la-colere-des-salaries-de-la-societe-generale-contre-la-reduction-du-teletravail-20250627\" target=\"_blank\" data-fig-type=\"Article\" rel=\"noopener nofollow\" data-gtm-custom-categorie=\"navigation\" data-gtm-custom-action=\"crossclick\" data-gtm-custom-label=\"Contextuel\" data-gtm-event=\"customEventSPE\" data-fig-domain=\"LEFIGARO\">\u00abLa gr\u00e8ve a \u00e9t\u00e9 in\u00e9dite par son ampleur\u00bb: la col\u00e8re des salari\u00e9s de la Soci\u00e9t\u00e9 g\u00e9n\u00e9rale contre la r\u00e9duction du t\u00e9l\u00e9travail<br \/>\n    <\/a>\n<\/p>\n<p class=\"fig-paragraph\">Elles\u2026<\/p>\n<p class=\"fig-premium-paywall__infos\">\n        Cet article est r\u00e9serv\u00e9 aux abonn\u00e9s.        Il vous reste 91% \u00e0 d\u00e9couvrir.\n    <\/p>\n<p>                <img  data- alt=\"Le Figaro\" class=\"fig-img--complete fig-img\"\/><\/p>\n<p class=\"fig-premium-paywall__title\">Vous avez envie de lire la suite ?<\/p>\n<p class=\"fig-premium-paywall__subtitle\">D\u00e9bloquez tous les articles imm\u00e9diatement.<\/p>\n<p class=\"fig-premium-paywall__connect\">\n                D\u00e9j\u00e0 abonn\u00e9\u00a0?                <a class=\"fig-premium-paywall__connect-link\" href=\"https:\/\/connect.lefigaro.fr\/login?client=horizon_web&amp;type=main&amp;redirect_uri=https%3A%2F%2Fwww.lefigaro.fr%2Fsocietes%2Fsociete-generale-free-stellantis-apres-l-engouement-post-covid-les-illusions-perdues-du-teletravail-pour-les-entreprises-20250708\" data-js-gtm=\"{&quot;customCategorie&quot;: &quot;conversion&quot;, &quot;customAction&quot;: &quot;before_Landing_Connexion_paywall_auto&quot;, &quot;customLabel&quot;: &quot;bGVmaWdhcm8uZnJfXzFmMDViZDRiLTc1ZjgtNjM3MC05MTc4LTU1N2UxYzY5MzFjNV9fQXJ0aWNsZQ==_Soci\u00e9t\u00e9 g\u00e9n\u00e9rale, Free, Stellantis... Apr\u00e8s l\u2019engouement post-Covid, les illusions perdues du t\u00e9l\u00e9travail pour les entreprises_5&quot;, &quot;customIDSPE&quot;: &quot;bGVmaWdhcm8uZnJfXzFmMDViZDRiLTc1ZjgtNjM3MC05MTc4LTU1N2UxYzY5MzFjNV9fQXJ0aWNsZQ==&quot;, &quot;event&quot;: &quot;customEventSPE&quot;}\" rel=\"nofollow noopener\" target=\"_blank\"><br \/>\n                    Connectez-vous<br \/>\n                <\/a>\n            <\/p>\n","protected":false},"excerpt":{"rendered":"ENQU\u00caTE &#8211; Les employeurs sont de plus en plus nombreux \u00e0 r\u00e9duire le nombre de jours de travail&hellip;\n","protected":false},"author":2,"featured_media":236585,"comment_status":"","ping_status":"","sticky":false,"template":"","format":"standard","meta":{"footnotes":""},"categories":[6],"tags":[12544,35,33,34,1011,27,4438,34113,2099,34685],"class_list":{"0":"post-236584","1":"post","2":"type-post","3":"status-publish","4":"format-standard","5":"has-post-thumbnail","7":"category-economie","8":"tag-bureau","9":"tag-business","10":"tag-economie","11":"tag-economy","12":"tag-fr","13":"tag-france","14":"tag-free","15":"tag-societe-generale","16":"tag-stellantis","17":"tag-teletravail"},"share_on_mastodon":{"url":"https:\/\/pubeurope.com\/@fr\/114820951927825200","error":""},"_links":{"self":[{"href":"https:\/\/www.europesays.com\/fr\/wp-json\/wp\/v2\/posts\/236584","targetHints":{"allow":["GET"]}}],"collection":[{"href":"https:\/\/www.europesays.com\/fr\/wp-json\/wp\/v2\/posts"}],"about":[{"href":"https:\/\/www.europesays.com\/fr\/wp-json\/wp\/v2\/types\/post"}],"author":[{"embeddable":true,"href":"https:\/\/www.europesays.com\/fr\/wp-json\/wp\/v2\/users\/2"}],"replies":[{"embeddable":true,"href":"https:\/\/www.europesays.com\/fr\/wp-json\/wp\/v2\/comments?post=236584"}],"version-history":[{"count":0,"href":"https:\/\/www.europesays.com\/fr\/wp-json\/wp\/v2\/posts\/236584\/revisions"}],"wp:featuredmedia":[{"embeddable":true,"href":"https:\/\/www.europesays.com\/fr\/wp-json\/wp\/v2\/media\/236585"}],"wp:attachment":[{"href":"https:\/\/www.europesays.com\/fr\/wp-json\/wp\/v2\/media?parent=236584"}],"wp:term":[{"taxonomy":"category","embeddable":true,"href":"https:\/\/www.europesays.com\/fr\/wp-json\/wp\/v2\/categories?post=236584"},{"taxonomy":"post_tag","embeddable":true,"href":"https:\/\/www.europesays.com\/fr\/wp-json\/wp\/v2\/tags?post=236584"}],"curies":[{"name":"wp","href":"https:\/\/api.w.org\/{rel}","templated":true}]}}