{"id":236588,"date":"2025-07-09T02:38:09","date_gmt":"2025-07-09T02:38:09","guid":{"rendered":"https:\/\/www.europesays.com\/fr\/236588\/"},"modified":"2025-07-09T02:38:09","modified_gmt":"2025-07-09T02:38:09","slug":"incendie-a-marseille-guerilla-urbaine-progression-fulgurante-oiseaux-en-flammes-bruno-retailleau-se-rend-sur-place-pour-mesurer-lampleur-du-desastre","status":"publish","type":"post","link":"https:\/\/www.europesays.com\/fr\/236588\/","title":{"rendered":"Incendie \u00e0 Marseille\u00a0: \u00ab\u00a0Gu\u00e9rilla urbaine\u00a0\u00bb, \u00ab\u00a0progression fulgurante\u00a0\u00bb, \u00ab\u00a0oiseaux en flammes\u00a0\u00bb\u2026 Bruno Retailleau se rend sur place pour mesurer l\u2019ampleur du d\u00e9sastre"},"content":{"rendered":"<p>\n                                                                Le ministre de l\u2019Int\u00e9rieur, Bruno Retailleau, s\u2019est rendu \u00e0 Marseille en milieu de soir\u00e9e aux c\u00f4t\u00e9s des marins-pompiers qui ont lutt\u00e9 toute la journ\u00e9e contre un incendie historique.\n                            <\/p>\n<p>Un feu d\u00e9clench\u00e9 par un incendie d\u2019automobile sur l\u2019autoroute A55, parti en fin de matin\u00e9e des Pennes-Mirabeau, localit\u00e9 limitrophe de la cit\u00e9 phoc\u00e9enne, s\u2019est rapidement propag\u00e9, pouss\u00e9 par un vent du nord causant des \u00ab\u00a0sautes de feu jusqu\u2019\u00e0 300 m\u00e8tres\u00a0\u00bb, selon les pompiers.<\/p>\n<p>Selon les \u00e9l\u00e9ments fournis par les pompiers, la progression a \u00e9t\u00e9 fulgurante avec des avanc\u00e9es de 1.200 m\u00e8tres par minute \u00e0 certains endroits.<\/p>\n<p>En quelques heures, le feu a parcouru 700 hectares en direction de la deuxi\u00e8me ville de France, entra\u00eenant \u00e0 la mi-journ\u00e9e la fermeture de l\u2019a\u00e9roport d\u2019Aix Marseille Provence, le quatri\u00e8me de l\u2019H\u00e9xagone en nombre de passagers. Une reprise partielle du trafic a eu lieu \u00e0 partir de 21h30, permettant notamment l\u2019arriv\u00e9e, sur place, du ministre de l\u2019Int\u00e9rieur, Bruno Retailleau.<\/p>\n<p>Ce dernier est arriv\u00e9 sur place peu apr\u00e8s 22h. \u00ab\u00a0Soutien \u00e0 nos pompiers et forces engag\u00e9s contre les incendies\u00a0\u00bb, avait aussi r\u00e9agi le pr\u00e9sident Emmanuel Macron sur X.<\/p>\n<p>Les conditions m\u00e9t\u00e9o venteuses devaient durer \u00ab\u00a0une bonne partie de la nuit [\u2026], mais on n\u2019a plus de progression lin\u00e9aire\u00a0\u00bb, a expliqu\u00e9 en fin d\u2019apr\u00e8s-midi le vice-amiral Lionel Mathieu, chef des marins-pompiers de Marseille. Plus de 700 pompiers \u00e9taient encore engag\u00e9s mardi en fin de journ\u00e9e.<\/p>\n<p>Quelques \u00e9vacuations pr\u00e9ventives \u2013 au moins 80 personnes \u00e0 Marseille selon la pr\u00e9fecture de police \u2013 ont eu lieu et le syst\u00e8me FR. alert a envoy\u00e9 des textos recommandant le confinement \u00e0 tous les t\u00e9l\u00e9phones bornant dans les zones concern\u00e9es.<\/p>\n<p>Dans la journ\u00e9e, le panache de fum\u00e9e d\u00e9gag\u00e9 a provoqu\u00e9 sur Marseille une concentration en particules fines dix fois sup\u00e9rieure aux normes, selon Atmo-Sud, et s\u2019\u00e9tendait en mer sur une centaine de kilom\u00e8tres, selon les images satellites.<\/p>\n<p>Neuf pompiers ont \u00e9t\u00e9 l\u00e9g\u00e8rement intoxiqu\u00e9s et une \u00ab\u00a0dizaine d\u2019habitations atteintes\u00a0\u00bb, selon le pr\u00e9fet de r\u00e9gion Georges-Fran\u00e7ois Leclerc, qui a qualifi\u00e9 vers 17h30 la situation de \u00ab\u00a0pas fig\u00e9e, mais ma\u00eetris\u00e9e\u00a0\u00bb.<\/p>\n<p><strong>\u00ab\u00a0Oiseaux en flammes\u00a0\u00bb<\/strong><\/p>\n<p>Arriv\u00e9 \u00e0 16h00 aux portes des quartiers Nord de la cit\u00e9 phoc\u00e9enne, l\u2019incendie a pouss\u00e9 la pr\u00e9fecture et les autorit\u00e9s \u00e0 appeler au confinement les quelque 15.000 habitants du 16e arrondissement, m\u00e9lange d\u2019habitat traditionnel villageois et de grandes cit\u00e9s, comme celle de la Castellane.<\/p>\n<p>La police a boucl\u00e9 le secteur, juste en dessous du centre commercial Grand Littoral. \u00ab\u00a0Ils ne nous laissent pas rentrer\u00a0\u00bb, a t\u00e9moign\u00e9 une habitante bloqu\u00e9e avec son panier de courses.<\/p>\n<p>Dans le quartier de l\u2019Estaque, aux confins nord de la ville, Monique Peter, retrait\u00e9e de 73 ans, a \u00ab\u00a0d\u00e9j\u00e0 eu de gros feux comme \u00e7a en 2001, en 2005, en 2006, mais pas aussi rapidement. En l\u2019espace de dix minutes, le feu est sorti des Pennes-Mirabeau, vraiment \u00e7a a fait un saut. Quand on \u00e9tait dehors, on a vu des oiseaux s\u2019envoler en flammes\u00a0\u00bb.<\/p>\n<p>\u00ab\u00a0On a \u00e9t\u00e9 oblig\u00e9s de partir parce que les flammes arrivaient dans le jardin et les pompiers sont arriv\u00e9s quatre heures apr\u00e8s, tout simplement. Et depuis, on est l\u00e0 et on n\u2019arrive pas \u00e0 savoir si notre maison est encore debout\u00a0\u00bb, se d\u00e9sole-t-elle.<\/p>\n<p>En fin d\u2019apr\u00e8s-midi, la circulation des trains passant pr\u00e8s de l\u2019incendie, notamment la ligne vers Paris, a \u00e9t\u00e9 interrompue au d\u00e9part et \u00e0 l\u2019arriv\u00e9e de Marseille, pour une dur\u00e9e ind\u00e9termin\u00e9e.<\/p>\n<p>L\u2019h\u00f4pital Nord, un des plus gros \u00e9tablissements publics de la ville, \u00ab\u00a0est pass\u00e9 sur groupes \u00e9lectrog\u00e8nes, par mesure de s\u00e9curit\u00e9, en raison de micro-coupures \u00e9lectriques\u00a0\u00bb, a indiqu\u00e9 l\u2019Assistance publique-H\u00f4pitaux de Marseille.<\/p>\n","protected":false},"excerpt":{"rendered":"Le ministre de l\u2019Int\u00e9rieur, Bruno Retailleau, s\u2019est rendu \u00e0 Marseille en milieu de soir\u00e9e aux c\u00f4t\u00e9s des marins-pompiers&hellip;\n","protected":false},"author":2,"featured_media":236589,"comment_status":"","ping_status":"","sticky":false,"template":"","format":"standard","meta":{"footnotes":""},"categories":[4],"tags":[11,1011,27,12,25],"class_list":{"0":"post-236588","1":"post","2":"type-post","3":"status-publish","4":"format-standard","5":"has-post-thumbnail","7":"category-france","8":"tag-actualites","9":"tag-fr","10":"tag-france","11":"tag-news","12":"tag-republique-francaise"},"share_on_mastodon":{"url":"https:\/\/pubeurope.com\/@fr\/114820960082579837","error":""},"_links":{"self":[{"href":"https:\/\/www.europesays.com\/fr\/wp-json\/wp\/v2\/posts\/236588","targetHints":{"allow":["GET"]}}],"collection":[{"href":"https:\/\/www.europesays.com\/fr\/wp-json\/wp\/v2\/posts"}],"about":[{"href":"https:\/\/www.europesays.com\/fr\/wp-json\/wp\/v2\/types\/post"}],"author":[{"embeddable":true,"href":"https:\/\/www.europesays.com\/fr\/wp-json\/wp\/v2\/users\/2"}],"replies":[{"embeddable":true,"href":"https:\/\/www.europesays.com\/fr\/wp-json\/wp\/v2\/comments?post=236588"}],"version-history":[{"count":0,"href":"https:\/\/www.europesays.com\/fr\/wp-json\/wp\/v2\/posts\/236588\/revisions"}],"wp:featuredmedia":[{"embeddable":true,"href":"https:\/\/www.europesays.com\/fr\/wp-json\/wp\/v2\/media\/236589"}],"wp:attachment":[{"href":"https:\/\/www.europesays.com\/fr\/wp-json\/wp\/v2\/media?parent=236588"}],"wp:term":[{"taxonomy":"category","embeddable":true,"href":"https:\/\/www.europesays.com\/fr\/wp-json\/wp\/v2\/categories?post=236588"},{"taxonomy":"post_tag","embeddable":true,"href":"https:\/\/www.europesays.com\/fr\/wp-json\/wp\/v2\/tags?post=236588"}],"curies":[{"name":"wp","href":"https:\/\/api.w.org\/{rel}","templated":true}]}}