{"id":236590,"date":"2025-07-09T02:39:13","date_gmt":"2025-07-09T02:39:13","guid":{"rendered":"https:\/\/www.europesays.com\/fr\/236590\/"},"modified":"2025-07-09T02:39:13","modified_gmt":"2025-07-09T02:39:13","slug":"en-proie-aux-incendies-marseille-coupe-du-monde-liberation","status":"publish","type":"post","link":"https:\/\/www.europesays.com\/fr\/236590\/","title":{"rendered":"en proie aux incendies, Marseille coup\u00e9 du monde \u2013 Lib\u00e9ration"},"content":{"rendered":"<p class=\"sc-ksZaOG ehjQrN text-element\">Et en quelques heures \u00e0 peine, <a href=\"https:\/\/www.liberation.fr\/societe\/en-direct-incendies-laeroport-de-marseille-ferme-les-pompiers-sattendent-a-une-apres-midi-difficile-a-narbonne-20250708_42VXUC63NFD3PNA5HTHTBSPSLQ\/\" target=\"_blank\" rel=\"noreferrer nofollow noopener\" title=\"https:\/\/www.liberation.fr\/societe\/en-direct-incendies-laeroport-de-marseille-ferme-les-pompiers-sattendent-a-une-apres-midi-difficile-a-narbonne-20250708_42VXUC63NFD3PNA5HTHTBSPSLQ\/\">la deuxi\u00e8me ville de France s\u2019est retrouv\u00e9e prise au pi\u00e8ge<\/a>, ses habitants appel\u00e9s \u00e0 se confiner, ses pistes d\u2019a\u00e9roports ferm\u00e9es et ses trains \u00e0 quai, immobilis\u00e9s. En cause : un incendie qui s\u2019est d\u00e9clar\u00e9 ce mardi dans la matin\u00e9e sur la commune des Pennes-Mirabeau, limitrophe de Marseille. Pouss\u00e9es par un mistral tr\u00e8s violent, les flammes se sont propag\u00e9es \u00e0 toute vitesse, engloutissant les hectares de v\u00e9g\u00e9tation \u00e0 une vitesse \u00e9clair. \u00abLes conditions m\u00e9t\u00e9o sont d\u00e9favorables sur le terrain, la vitesse de propagation du feu est tr\u00e8s rapide\u00bb, ont soulign\u00e9 les pompiers des Bouches-du-Rh\u00f4ne.<\/p>\n<p class=\"sc-ksZaOG ehjQrN text-element\">Alors qu\u2019une fum\u00e9e \u00e9paisse flotte enveloppe le Vieux-Port, tous les Marseillais ont \u00e9t\u00e9 appel\u00e9s \u00e0 rester chez eux. Et en parall\u00e8le, c\u2019est toute la ville qui doit s\u2019isoler et couper tous ses moyens de transport.<\/p>\n<p class=\"sc-ksZaOG ehjQrN text-element\">D\u2019abord, concernant la situation sur le rail, la SNCF a annonc\u00e9 dans l\u2019apr\u00e8s-midi que la circulation des trains \u00e9tait \u00abinterrompue au d\u00e9part et \u00e0 l\u2019arriv\u00e9e de Marseille en direction du nord et du sud-ouest, en raison d\u2019un incendie aux abords des voies vers l\u2019Estaque\u00bb, sans que cela ne touche les trains en direction de l\u2019Est. Les TGV au d\u00e9part de Paris et \u00e0 destination de Marseille, Toulon et Nice sont ainsi supprim\u00e9s. A l\u2019inverse, les trains au d\u00e9part de Paris et \u00e0 destination de Lyon, N\u00eemes, Montpellier et Perpignan circulent. La gare Saint Charles reste ouverte aux voyageurs.<\/p>\n<p class=\"sc-ksZaOG ehjQrN text-element\">Mais l\u2019heure de reprise des circulations est \u00abactuellement ind\u00e9termin\u00e9e\u00bb, poursuit la SNCF Voyageurs dans un communiqu\u00e9 ce mardi soir, tout en exhortant \u00ables passagers \u00e0 reporter leur voyage et \u00e0 ne pas se rendre en gare\u00bb. Le personnel de l\u2019entreprise de transport a, lui, \u00e9t\u00e9 \u00e9vacu\u00e9, rapporte <a href=\"https:\/\/www.ter.sncf.com\/sud-provence-alpes-cote-d-azur\/se-deplacer\/prochaines-arrivees\/marseille-saint-charles-87751008\" target=\"_blank\" rel=\"noreferrer nofollow noopener\" title=\"https:\/\/www.ter.sncf.com\/sud-provence-alpes-cote-d-azur\/se-deplacer\/prochaines-arrivees\/marseille-saint-charles-87751008\">SNCF R\u00e9seau.<\/a><\/p>\n<p class=\"sc-ksZaOG ehjQrN text-element\">Par ailleurs, la circulation des trains r\u00e9gionaux entre Marseille et Miramas via Rognac et via Martigues est interrompue, rapporte le r\u00e9seau de transport en commun de la r\u00e9gion PACA (trains ZOU !) sur <a href=\"https:\/\/x.com\/Transports_zou\/status\/1942577337784234311\" target=\"_blank\" rel=\"noreferrer nofollow\" title=\"https:\/\/x.com\/Transports_zou\/status\/1942577337784234311\">son compte X<\/a>, ajoutant qu\u2019une reprise de la circulation est attendue en d\u00e9but de soir\u00e9e. Les circulations sont toutefois maintenues en train r\u00e9gional vers Nice-Vintimille et Aix-Ville.<\/p>\n<p class=\"sc-ksZaOG ehjQrN text-element\">Au-del\u00e0 de la circulation ferroviaire, la circulation routi\u00e8re subit elle aussi les cons\u00e9quences des flammes. <a href=\"https:\/\/x.com\/AMPMetropole\/status\/1942596799660777515\" target=\"_blank\" rel=\"noreferrer nofollow\" title=\"https:\/\/x.com\/AMPMetropole\/status\/1942596799660777515\">Dans un message publi\u00e9 sur X,<\/a> la m\u00e9tropole Aix-Marseille-Provence annonce que des portions des autoroutes A55 et A50, dans le nord de la ville, ont \u00e9t\u00e9 ferm\u00e9es, ainsi que plusieurs tunnels routiers de la ville de Marseille.<\/p>\n<p class=\"sc-ksZaOG ehjQrN text-element\">M\u00eame situation pour \u00abl\u2019axe littoral Nord \/Sud et la bretelle Dame du Tunnel Joliette\u00bb, souligne la m\u00eame source. Plusieurs lignes de bus et de cars ont \u00e9galement \u00e9t\u00e9 suspendues. \u00abEvitez ou diff\u00e9rez vos d\u00e9placements pour faciliter l\u2019arriv\u00e9e et l\u2019intervention des secours\u00bb, met ainsi en garde la m\u00e9tropole.<\/p>\n<p class=\"sc-ksZaOG ehjQrN text-element\">Dans une ville \u00e0 la circulation d\u00e9j\u00e0 chaotique, le site de <a href=\"https:\/\/www.bison-fute.gouv.fr\/marseille.html\" target=\"_blank\" rel=\"noreferrer nofollow noopener\" title=\"https:\/\/www.bison-fute.gouv.fr\/marseille.html\">Bison Fut\u00e9 <\/a>fait appara\u00eetre ce mardi soir de nombreuses perturbations sur les principaux axes marseillais.<\/p>\n<p class=\"sc-ksZaOG ehjQrN text-element\">Marseille se coupe \u00e9galement du monde par les airs. Dans l\u2019apr\u00e8s-midi, l\u2019a\u00e9roport de Marseille-Provence, le quatri\u00e8me de France apr\u00e8s Roissy, Orly et Nice, a \u00e9t\u00e9 ferm\u00e9, entra\u00eenant le d\u00e9routage de nombreux vols. Aupr\u00e8s de <a href=\"https:\/\/www.laprovence.com\/article\/faits-divers-justice\/6385505788801514\/direct-laprovence-direct-incendie-aux-pennes-mirabeau-avions-cloues-au-sol-trains-a-l-arret-30-hectares-parcourus-suivez-l-evolution\" target=\"_blank\" rel=\"noreferrer nofollow noopener\" title=\"https:\/\/www.laprovence.com\/article\/faits-divers-justice\/6385505788801514\/direct-laprovence-direct-incendie-aux-pennes-mirabeau-avions-cloues-au-sol-trains-a-l-arret-30-hectares-parcourus-suivez-l-evolution\">La Provence<\/a>, Julien Coffinier, pr\u00e9sident du directoire de l\u2019a\u00e9roport, d\u00e9clare qu\u2019il a en effet \u00e9t\u00e9 d\u00e9cid\u00e9 de \u00absuspendre toute activit\u00e9 sur l\u2019a\u00e9roport pour donner la priorit\u00e9 aux activit\u00e9s de lutte contre l\u2019incendie\u00bb. Pr\u00e8s de 40 vols auraient ainsi \u00e9t\u00e9 annul\u00e9s dans l\u2019apr\u00e8s-midi. Un nombre qui devrait encore augmenter dans la soir\u00e9e.<\/p>\n<p class=\"sc-ksZaOG ehjQrN text-element\">\u00abLes Canadairs devraient op\u00e9rer jusqu\u2019\u00e0 la nuit a\u00e9ronautique, jusqu\u2019\u00e0 22 heures, 22 h 30. \u00c0 partir de cet horaire-l\u00e0, nous pourrions envisager de reprendre quelques arriv\u00e9es et d\u00e9parts mais de mani\u00e8re extr\u00eamement progressive\u00bb, poursuit Julien Coffinier, tout en se projetant vers de \u00abnouvelles perturbations demain matin si le feu n\u2019est pas encore \u00e9teint\u00bb.<\/p>\n","protected":false},"excerpt":{"rendered":"Et en quelques heures \u00e0 peine, la deuxi\u00e8me ville de France s\u2019est retrouv\u00e9e prise au pi\u00e8ge, ses habitants&hellip;\n","protected":false},"author":2,"featured_media":236591,"comment_status":"","ping_status":"","sticky":false,"template":"","format":"standard","meta":{"footnotes":""},"categories":[2],"tags":[11,1011,27,1310,884,12],"class_list":{"0":"post-236590","1":"post","2":"type-post","3":"status-publish","4":"format-standard","5":"has-post-thumbnail","7":"category-actualites","8":"tag-actualites","9":"tag-fr","10":"tag-france","11":"tag-incendie","12":"tag-marseille","13":"tag-news"},"share_on_mastodon":{"url":"https:\/\/pubeurope.com\/@fr\/114820963634605983","error":""},"_links":{"self":[{"href":"https:\/\/www.europesays.com\/fr\/wp-json\/wp\/v2\/posts\/236590","targetHints":{"allow":["GET"]}}],"collection":[{"href":"https:\/\/www.europesays.com\/fr\/wp-json\/wp\/v2\/posts"}],"about":[{"href":"https:\/\/www.europesays.com\/fr\/wp-json\/wp\/v2\/types\/post"}],"author":[{"embeddable":true,"href":"https:\/\/www.europesays.com\/fr\/wp-json\/wp\/v2\/users\/2"}],"replies":[{"embeddable":true,"href":"https:\/\/www.europesays.com\/fr\/wp-json\/wp\/v2\/comments?post=236590"}],"version-history":[{"count":0,"href":"https:\/\/www.europesays.com\/fr\/wp-json\/wp\/v2\/posts\/236590\/revisions"}],"wp:featuredmedia":[{"embeddable":true,"href":"https:\/\/www.europesays.com\/fr\/wp-json\/wp\/v2\/media\/236591"}],"wp:attachment":[{"href":"https:\/\/www.europesays.com\/fr\/wp-json\/wp\/v2\/media?parent=236590"}],"wp:term":[{"taxonomy":"category","embeddable":true,"href":"https:\/\/www.europesays.com\/fr\/wp-json\/wp\/v2\/categories?post=236590"},{"taxonomy":"post_tag","embeddable":true,"href":"https:\/\/www.europesays.com\/fr\/wp-json\/wp\/v2\/tags?post=236590"}],"curies":[{"name":"wp","href":"https:\/\/api.w.org\/{rel}","templated":true}]}}