{"id":236592,"date":"2025-07-09T02:41:11","date_gmt":"2025-07-09T02:41:11","guid":{"rendered":"https:\/\/www.europesays.com\/fr\/236592\/"},"modified":"2025-07-09T02:41:11","modified_gmt":"2025-07-09T02:41:11","slug":"piscine-en-ebullition-saint-etienne-sort-le-prive-contre-la-greve","status":"publish","type":"post","link":"https:\/\/www.europesays.com\/fr\/236592\/","title":{"rendered":"PISCINE EN \u00c9BULLITION : SAINT-\u00c9TIENNE SORT LE PRIV\u00c9 CONTRE LA GR\u00c8VE"},"content":{"rendered":"<p>                <a href=\"https:\/\/cadenceradio.fr\" target=\"_blank\" aria-label=\"Banni\u00e8re Cadence 2025\" rel=\"nofollow noopener\"><img loading=\"lazy\" decoding=\"async\" src=\"https:\/\/www.europesays.com\/fr\/wp-content\/uploads\/2025\/07\/Banniere-Cadence-2025-scaled.jpg\" alt=\"\"   width=\"2560\" height=\"738\"\/><\/a><\/p>\n<p>Face \u00e0 un mouvement de gr\u00e8ve r\u00e9current les week-ends, la municipalit\u00e9 a trouv\u00e9 une solution controvers\u00e9e en faisant appel au secteur priv\u00e9. Depuis le d\u00e9but de l\u2019\u00e9t\u00e9, la piscine Raymond-Sommet, seul \u00e9quipement aquatique municipal ouvert \u00e0 Saint-\u00c9tienne, fait l\u2019objet d\u2019un pr\u00e9avis de gr\u00e8ve r\u00e9current durant les week-ends. Cette mobilisation des agents d\u2019hygi\u00e8ne, totale selon la CGT qui \u00e9voque \u00ab\u00a0100 %\u00a0\u00bb de gr\u00e9vistes, menace r\u00e9guli\u00e8rement l\u2019acc\u00e8s aux bassins pour les usagers.<\/p>\n<p>Le week-end pr\u00e9c\u00e9dent avait d\u00e9j\u00e0 vu la fermeture compl\u00e8te de l\u2019\u00e9tablissement, privant les St\u00e9phanois de leur unique possibilit\u00e9 de baignade municipale. Cette situation particuli\u00e8rement frustrante en p\u00e9riode de forte chaleur pousse la municipalit\u00e9 \u00e0 rechercher des solutions alternatives.<\/p>\n<p>Le recours au priv\u00e9 pour maintenir l\u2019ouverture<\/p>\n<p>Samedi 5 juillet, la Ville a innov\u00e9 en faisant appel \u00e0 une entreprise priv\u00e9e pour pallier l\u2019absence des agents gr\u00e9vistes. Trois personnes externes ont rejoint l\u2019\u00e9quipe r\u00e9duite pr\u00e9sente sur site, permettant d\u2019\u00e9viter une nouvelle fermeture totale de l\u2019\u00e9quipement.Une ouverture adapt\u00e9e aux moyens disponibles<\/p>\n<p>Les effectifs r\u00e9duits ont contraint la direction \u00e0 repenser l\u2019organisation quotidienne de l\u2019\u00e9tablissement. Plut\u00f4t que de fermer compl\u00e8tement, les responsables ont opt\u00e9 pour une ouverture s\u00e9quenc\u00e9e adapt\u00e9e aux diff\u00e9rents publics fr\u00e9quentant la piscine.<\/p>\n<p>Cette approche pragmatique a permis de maintenir l\u2019acc\u00e8s aux bassins tout en respectant les contraintes de s\u00e9curit\u00e9 et de surveillance impos\u00e9es par la r\u00e9glementation. Elle illustre \u00e9galement la capacit\u00e9 d\u2019adaptation des services publics face aux difficult\u00e9s exceptionnelles.<\/p>\n<p>Un planning matinal pour les nageurs sportifs<\/p>\n<p>Le matin, de 10 \u00e0 14 heures, seuls les bassins int\u00e9rieurs ont accueilli les usagers. Cette tranche horaire correspond aux habitudes des nageurs r\u00e9guliers, souvent plus nombreux en matin\u00e9e et privil\u00e9giant les bassins couverts pour leurs s\u00e9ances d\u2019entra\u00eenement ou de loisir sportif.<\/p>\n<p>L\u2019apr\u00e8s-midi r\u00e9serv\u00e9 aux familles et aux bassins ext\u00e9rieurs<\/p>\n<p>L\u2019apr\u00e8s-midi, de 14h30 \u00e0 20 heures, la strat\u00e9gie s\u2019est invers\u00e9e. Les bassins ext\u00e9rieurs ont pris le relais, fermant l\u2019acc\u00e8s aux espaces int\u00e9rieurs. Cette organisation privil\u00e9gie les familles avec enfants qui appr\u00e9cient particuli\u00e8rement les jeux autour des bassins en plein air. Le dimanche, l\u2019\u00e9tablissement a retrouv\u00e9 un fonctionnement normal avec une ouverture compl\u00e8te en deux cr\u00e9neaux : 10h-14h et 14h30-20h. Cette normalisation temporaire illustre le caract\u00e8re intermittent du mouvement de gr\u00e8ve, concentr\u00e9 sur certains moments de la semaine.Des conseils pratiques pour les usagers<\/p>\n<p>Face \u00e0 cette instabilit\u00e9, la direction recommande aux usagers de contacter l\u2019\u00e9tablissement avant tout d\u00e9placement durant les week-ends. Cette pr\u00e9caution permet d\u2019\u00e9viter les d\u00e9ceptions et les d\u00e9placements inutiles en cas de fermeture ou de restrictions d\u2019acc\u00e8s.<\/p>\n<p>Sollicit\u00e9e pour commenter la situation, la municipalit\u00e9 a choisi de ne faire \u00ab\u00a0aucun commentaire\u00a0\u00bb sur le mouvement social en cours. Cette discr\u00e9tion peut s\u2019interpr\u00e9ter comme une volont\u00e9 de ne pas envenimer la situation ou comme une strat\u00e9gie de communication visant \u00e0 ne pas donner d\u2019\u00e9cho suppl\u00e9mentaire aux revendications.<\/p>\n<p>Le recours au secteur priv\u00e9 pour remplacer des agents gr\u00e9vistes soul\u00e8ve des questions sur l\u2019\u00e9volution des services publics et les m\u00e9thodes de gestion des conflits sociaux. Si cette solution permet de maintenir l\u2019ouverture, elle questionne \u00e9galement les conditions de travail et les revendications \u00e0 l\u2019origine du mouvement.<\/p>\n","protected":false},"excerpt":{"rendered":"Face \u00e0 un mouvement de gr\u00e8ve r\u00e9current les week-ends, la municipalit\u00e9 a trouv\u00e9 une solution controvers\u00e9e en faisant&hellip;\n","protected":false},"author":2,"featured_media":236593,"comment_status":"","ping_status":"","sticky":false,"template":"","format":"standard","meta":{"footnotes":""},"categories":[9653],"tags":[1111,11,2430,1777,674,1011,27,3367,12,25,4001],"class_list":{"0":"post-236592","1":"post","2":"type-post","3":"status-publish","4":"format-standard","5":"has-post-thumbnail","7":"category-saint-etienne","8":"tag-actu","9":"tag-actualites","10":"tag-auvergne-rhone-alpes","11":"tag-eu","12":"tag-europe","13":"tag-fr","14":"tag-france","15":"tag-loire","16":"tag-news","17":"tag-republique-francaise","18":"tag-saint-etienne"},"share_on_mastodon":{"url":"https:\/\/pubeurope.com\/@fr\/114820971528441968","error":""},"_links":{"self":[{"href":"https:\/\/www.europesays.com\/fr\/wp-json\/wp\/v2\/posts\/236592","targetHints":{"allow":["GET"]}}],"collection":[{"href":"https:\/\/www.europesays.com\/fr\/wp-json\/wp\/v2\/posts"}],"about":[{"href":"https:\/\/www.europesays.com\/fr\/wp-json\/wp\/v2\/types\/post"}],"author":[{"embeddable":true,"href":"https:\/\/www.europesays.com\/fr\/wp-json\/wp\/v2\/users\/2"}],"replies":[{"embeddable":true,"href":"https:\/\/www.europesays.com\/fr\/wp-json\/wp\/v2\/comments?post=236592"}],"version-history":[{"count":0,"href":"https:\/\/www.europesays.com\/fr\/wp-json\/wp\/v2\/posts\/236592\/revisions"}],"wp:featuredmedia":[{"embeddable":true,"href":"https:\/\/www.europesays.com\/fr\/wp-json\/wp\/v2\/media\/236593"}],"wp:attachment":[{"href":"https:\/\/www.europesays.com\/fr\/wp-json\/wp\/v2\/media?parent=236592"}],"wp:term":[{"taxonomy":"category","embeddable":true,"href":"https:\/\/www.europesays.com\/fr\/wp-json\/wp\/v2\/categories?post=236592"},{"taxonomy":"post_tag","embeddable":true,"href":"https:\/\/www.europesays.com\/fr\/wp-json\/wp\/v2\/tags?post=236592"}],"curies":[{"name":"wp","href":"https:\/\/api.w.org\/{rel}","templated":true}]}}