{"id":236601,"date":"2025-07-09T02:49:30","date_gmt":"2025-07-09T02:49:30","guid":{"rendered":"https:\/\/www.europesays.com\/fr\/236601\/"},"modified":"2025-07-09T02:49:30","modified_gmt":"2025-07-09T02:49:30","slug":"que-vient-faire-eric-ciotti-a-montpellier","status":"publish","type":"post","link":"https:\/\/www.europesays.com\/fr\/236601\/","title":{"rendered":"que vient faire \u00c9ric Ciotti \u00e0 Montpellier ?"},"content":{"rendered":"<p>\nEric Ciotti est l\u2019invit\u00e9 du d\u00e9put\u00e9 UDR de l&rsquo;H\u00e9rault, Charles Alloncle, ce mercredi 9\u00a0juillet au Ch\u00e2teau de Flaugergues \u00e0 Montpellier.<\/p>\n<p>\n\u00a9 DR. Facebook Eric Ciotti. .<\/p>\n<p>Voil\u00e0 une \u00ab\u00a0grande r\u00e9union publique\u00a0\u00bb annonc\u00e9e par le d\u00e9put\u00e9 UDR <a href=\"https:\/\/infoccitanie.fr\/herault-le-depute-udr-charles-alloncle-fera-le-point-lors-dune-reunion-publique\/\" rel=\"nofollow noopener\" target=\"_blank\">Charles Alloncle<\/a> (Union des droites, alliance RN-Ciotti), ce mercredi 9 juillet, au Ch\u00e2teau de Flaugergues \u00e0 Montpellier. \u00ab\u00a0J\u2019aurai le plaisir et l\u2019honneur d\u2019accueillir \u00c9ric Ciotti pour une grande soir\u00e9e d\u2019\u00e9changes sans d\u00e9tour autour de l\u2019actualit\u00e9 nationale, des grands enjeux parlementaires et de cette premi\u00e8re ann\u00e9e de mandat\u00a0\u00bb, d\u00e9taille le d\u00e9put\u00e9 de la 9e circonscription de l\u2019H\u00e9rault sur ses r\u00e9seaux sociaux.<\/p>\n<p>Actualit\u00e9 nationale et \u00ab\u00a0grands enjeux parlementaires\u00a0\u00bb<\/p>\n<p>La rencontre (<a href=\"https:\/\/docs.google.com\/forms\/d\/e\/1FAIpQLSfjTKk1RuML7R577Z7Wlq-V_V1clY0owCAHB8E6o2eOFZxleg\/viewform\" target=\"_blank\" rel=\"nofollow noopener\">inscription ici<\/a>) sera suivie d\u2019une s\u00e9ance de d\u00e9dicaces du nouveau livre d\u2019Eric Ciotti et \u00ab\u00a0d\u2019un buffet convivial pour prolonger les discussions dans un cadre chaleureux\u00a0\u00bb. A moins d\u2019un an des municipales 2026, peut-on y voir l\u2019occasion de remotiver les troupes et de n\u00e9gocier des arrangements en vue d\u2019une candidature UDR dans quelques municipalit\u00e9s h\u00e9raultaises ?<\/p>\n","protected":false},"excerpt":{"rendered":"Eric Ciotti est l\u2019invit\u00e9 du d\u00e9put\u00e9 UDR de l&rsquo;H\u00e9rault, Charles Alloncle, ce mercredi 9\u00a0juillet au Ch\u00e2teau de Flaugergues&hellip;\n","protected":false},"author":2,"featured_media":236602,"comment_status":"","ping_status":"","sticky":false,"template":"","format":"standard","meta":{"footnotes":""},"categories":[9599],"tags":[1111,11,37560,1777,674,1011,27,2208,12,2680,25],"class_list":{"0":"post-236601","1":"post","2":"type-post","3":"status-publish","4":"format-standard","5":"has-post-thumbnail","7":"category-montpellier","8":"tag-actu","9":"tag-actualites","10":"tag-charles-alloncle","11":"tag-eu","12":"tag-europe","13":"tag-fr","14":"tag-france","15":"tag-montpellier","16":"tag-news","17":"tag-occitanie","18":"tag-republique-francaise"},"share_on_mastodon":{"url":"https:\/\/pubeurope.com\/@fr\/114821002876117387","error":""},"_links":{"self":[{"href":"https:\/\/www.europesays.com\/fr\/wp-json\/wp\/v2\/posts\/236601","targetHints":{"allow":["GET"]}}],"collection":[{"href":"https:\/\/www.europesays.com\/fr\/wp-json\/wp\/v2\/posts"}],"about":[{"href":"https:\/\/www.europesays.com\/fr\/wp-json\/wp\/v2\/types\/post"}],"author":[{"embeddable":true,"href":"https:\/\/www.europesays.com\/fr\/wp-json\/wp\/v2\/users\/2"}],"replies":[{"embeddable":true,"href":"https:\/\/www.europesays.com\/fr\/wp-json\/wp\/v2\/comments?post=236601"}],"version-history":[{"count":0,"href":"https:\/\/www.europesays.com\/fr\/wp-json\/wp\/v2\/posts\/236601\/revisions"}],"wp:featuredmedia":[{"embeddable":true,"href":"https:\/\/www.europesays.com\/fr\/wp-json\/wp\/v2\/media\/236602"}],"wp:attachment":[{"href":"https:\/\/www.europesays.com\/fr\/wp-json\/wp\/v2\/media?parent=236601"}],"wp:term":[{"taxonomy":"category","embeddable":true,"href":"https:\/\/www.europesays.com\/fr\/wp-json\/wp\/v2\/categories?post=236601"},{"taxonomy":"post_tag","embeddable":true,"href":"https:\/\/www.europesays.com\/fr\/wp-json\/wp\/v2\/tags?post=236601"}],"curies":[{"name":"wp","href":"https:\/\/api.w.org\/{rel}","templated":true}]}}