{"id":236605,"date":"2025-07-09T02:53:52","date_gmt":"2025-07-09T02:53:52","guid":{"rendered":"https:\/\/www.europesays.com\/fr\/236605\/"},"modified":"2025-07-09T02:53:52","modified_gmt":"2025-07-09T02:53:52","slug":"le-centre-des-congres-fermera-ses-portes-en-fin-dannee","status":"publish","type":"post","link":"https:\/\/www.europesays.com\/fr\/236605\/","title":{"rendered":"le centre des congr\u00e8s fermera ses portes en fin d\u2019ann\u00e9e"},"content":{"rendered":"<p>\u00c0 seulement quelques pas de la gare et de la Presqu\u2019\u00eele scientifique de Grenoble, le centre des congr\u00e8s du World trade center de Grenoble accueille, selon la CCI\u00a0<a href=\"https:\/\/www.ledauphine.com\/economie\/2025\/06\/25\/double-anniversaire-pour-la-fondation-grenoble-inp\" target=\"_blank\" rel=\"noopener\">pr\u00e8s de \u00ab\u00a0200 \u00e9v\u00e9nements par an<\/a>\u00a0de la r\u00e9union au grand s\u00e9minaire\u00bb. Mais \u00e7a ne sera bient\u00f4t plus le cas. La Chambre de commerce et d\u2019industrie a annonc\u00e9 sa prochaine fermeture\u00a0le 31 d\u00e9cembre prochain.<\/p>\n<p>La CCI explique vouloir \u00ab\u00a0recentrer ses activit\u00e9s sur son c\u0153ur d\u2019activit\u00e9\u00a0: missions r\u00e9galiennes, appui aux entreprises, formation\u00a0\u00bb et \u00ab\u00a0apporter \u00e0 Grenoble \u00e9cole de Management (GEM), qui enregistre une forte croissance de ses \u00e9tudiants dans le cadre du d\u00e9veloppement de son plan strat\u00e9gique Eagle 2030, des capacit\u00e9s d\u2019accueil suppl\u00e9mentaires pour ses enseignements.\u00a0\u00bb<\/p>\n<p>Ce contenu est bloqu\u00e9 car vous n&rsquo;avez pas accept\u00e9 les cookies et autres traceurs.<\/p>\n<p>En cliquant sur \u00ab J\u2019accepte \u00bb, les cookies et autres traceurs seront d\u00e9pos\u00e9s et vous pourrez visualiser les contenus  (<a href=\"\" class=\"consentModule_policy\" target=\"_blank\" title=\"Consulter la politique de protection des donn\u00e9es du fournisseur\">plus d&rsquo;informations<\/a>).<\/p>\n<p>En cliquant sur \u00ab J\u2019accepte tous les cookies \u00bb, vous autorisez des d\u00e9p\u00f4ts de cookies et autres traceurs pour le stockage de vos donn\u00e9es sur nos sites et applications \u00e0 des fins de personnalisation et de ciblage publicitaire.<\/p>\n<p class=\"consentModule_secondaryText\">Vous gardez la possibilit\u00e9 de retirer votre consentement \u00e0 tout moment en consultant notre <a href=\"https:\/\/www.ledauphine.com\/protection-des-donnees\" target=\"_blank\" title=\"Consulter notre politique de protection des donn\u00e9es\" rel=\"noopener\">politique de protection des donn\u00e9es<\/a>. <br \/>&#13;<br \/>\n            <a href=\"https:\/\/www.ledauphine.com\/economie\/2025\/07\/07\/javascript:Didomi.notice.show()\" class=\"consentModule_cmp\" target=\"_blank\" rel=\"noopener\">G\u00e9rer mes choix<\/a>&#13;\n        <\/p>\n<p>&#13;<br \/>\n                        J&rsquo;accepte&#13;<br \/>\n            J&rsquo;accepte tous les cookies&#13;\n        <\/p>\n<p>La gestion du lieu doit en effet \u00eatre transf\u00e9r\u00e9e \u00e0 <a href=\"https:\/\/www.ledauphine.com\/economie\/2025\/06\/10\/grenoble-harcelement-racisme-problemes-financiers-gem-est-au-bord-de-l-implosion\" target=\"_blank\" rel=\"noopener\">Grenoble \u00e9cole de management<\/a>, dont la CCI de Grenoble est la principale actionnaire. \u00ab Tous les espaces seront occup\u00e9s par GEM \u00bb, confirme Pierre Streiff, le pr\u00e9sident de la CCI Grenoble.<\/p>\n<p>Qui r\u00e9fute une concurrence accrue d&rsquo;Alpexpo notamment. \u00ab\u00a0Le centre de congr\u00e8s poss\u00e8de de nombreux atouts, Alpexpo ou d\u2019autres lieux de r\u00e9ception, d\u2019autres avantages. Ils sont rarement concurrents, souvent compl\u00e9mentaires\u00a0\u00bb, pr\u00e9cise-t-il, assurant que les co\u00fbts de location \u00ab\u00a0sons dans les prix du march\u00e9\u00a0\u00bb.\u00a0<\/p>\n<p>Quant au sort des cinq salari\u00e9s du site, Pierre Streiff indique que \u00ab nous les recevons chacune leur tour cette semaine afin de leur apporter une solution personnalis\u00e9e. Nous les accompagnerons pendant ces 6 mois \u00bb.<\/p>\n<p class=\"note\">Article mis \u00e0 jour le 8 juillet avec les r\u00e9ponses de la CCI Grenoble.<\/p>\n","protected":false},"excerpt":{"rendered":"\u00c0 seulement quelques pas de la gare et de la Presqu\u2019\u00eele scientifique de Grenoble, le centre des congr\u00e8s&hellip;\n","protected":false},"author":2,"featured_media":236606,"comment_status":"","ping_status":"","sticky":false,"template":"","format":"standard","meta":{"footnotes":""},"categories":[9566],"tags":[1111,11,2430,9810,33,112,1777,674,107,1011,27,2731,2732,108,12,25,273],"class_list":{"0":"post-236605","1":"post","2":"type-post","3":"status-publish","4":"format-standard","5":"has-post-thumbnail","7":"category-grenoble","8":"tag-actu","9":"tag-actualites","10":"tag-auvergne-rhone-alpes","11":"tag-direct-entreprises","12":"tag-economie","13":"tag-edition-grenoble-agglomeration","14":"tag-eu","15":"tag-europe","16":"tag-fil-info","17":"tag-fr","18":"tag-france","19":"tag-grenoble","20":"tag-grenoble-bassin","21":"tag-isere","22":"tag-news","23":"tag-republique-francaise","24":"tag-selection-de-la-redaction"},"share_on_mastodon":{"url":"https:\/\/pubeurope.com\/@fr\/114821022694805915","error":""},"_links":{"self":[{"href":"https:\/\/www.europesays.com\/fr\/wp-json\/wp\/v2\/posts\/236605","targetHints":{"allow":["GET"]}}],"collection":[{"href":"https:\/\/www.europesays.com\/fr\/wp-json\/wp\/v2\/posts"}],"about":[{"href":"https:\/\/www.europesays.com\/fr\/wp-json\/wp\/v2\/types\/post"}],"author":[{"embeddable":true,"href":"https:\/\/www.europesays.com\/fr\/wp-json\/wp\/v2\/users\/2"}],"replies":[{"embeddable":true,"href":"https:\/\/www.europesays.com\/fr\/wp-json\/wp\/v2\/comments?post=236605"}],"version-history":[{"count":0,"href":"https:\/\/www.europesays.com\/fr\/wp-json\/wp\/v2\/posts\/236605\/revisions"}],"wp:featuredmedia":[{"embeddable":true,"href":"https:\/\/www.europesays.com\/fr\/wp-json\/wp\/v2\/media\/236606"}],"wp:attachment":[{"href":"https:\/\/www.europesays.com\/fr\/wp-json\/wp\/v2\/media?parent=236605"}],"wp:term":[{"taxonomy":"category","embeddable":true,"href":"https:\/\/www.europesays.com\/fr\/wp-json\/wp\/v2\/categories?post=236605"},{"taxonomy":"post_tag","embeddable":true,"href":"https:\/\/www.europesays.com\/fr\/wp-json\/wp\/v2\/tags?post=236605"}],"curies":[{"name":"wp","href":"https:\/\/api.w.org\/{rel}","templated":true}]}}