{"id":236613,"date":"2025-07-09T02:58:10","date_gmt":"2025-07-09T02:58:10","guid":{"rendered":"https:\/\/www.europesays.com\/fr\/236613\/"},"modified":"2025-07-09T02:58:10","modified_gmt":"2025-07-09T02:58:10","slug":"plus-dun-mois-que-la-fuite-deau-se-repand-dans-ce-lotissement-les-coproprietaires-et-la-regie-eau-azur-se-renvoient-la-responsabilite","status":"publish","type":"post","link":"https:\/\/www.europesays.com\/fr\/236613\/","title":{"rendered":"Plus d&rsquo;un mois que la fuite d&rsquo;eau se r\u00e9pand dans ce lotissement: les copropri\u00e9taires et la r\u00e9gie Eau Azur se renvoient la responsabilit\u00e9"},"content":{"rendered":"<p>De l\u2019eau coulant en continu sur l\u2019asphalte, en pleine chaleur estivale. C\u2019est le sc\u00e9nario ubuesque qui se joue dans l\u2019all\u00e9e d\u2019acc\u00e8s aux maisons du lotissement Le Clos du Baou, chemin des Trigands \u00e0 Saint-Jeannet.<\/p>\n<p>Depuis plusieurs semaines, cette copropri\u00e9t\u00e9 est en proie \u00e0 une fuite importante. \u00ab\u00a0Les dix propri\u00e9taires disposent d\u2019un compteur individuel. Sur la voie principale, un tuyau am\u00e8ne l\u2019eau \u00e0 chacune des maisons, un second permet notamment de faire des vidanges. Le 30 mai, j\u2019ai constat\u00e9 une fuite au niveau de la vanne pour vidanger le r\u00e9seau. Cette eau ne nous est pas factur\u00e9e car elle se situe avant nos compteurs. J\u2019ai appel\u00e9 la r\u00e9gie m\u00e9tropolitaine Eau d\u2019Azur pour l\u2019informer. Un technicien s\u2019est d\u00e9plac\u00e9&#8230; pour nous dire que ce n\u2019\u00e9tait finalement pas de son ressort d\u2019intervenir\u00a0\u00bb, d\u00e9taille Jean Teissier, porte-voix de l\u2019Association syndical libre (ASL) du Clos.<\/p>\n<p>\u00ab\u00a0Nous sommes dans le flou\u00a0\u00bb<\/p>\n<p>Contact\u00e9, le service public de l\u2019eau de la M\u00e9tropole Nice C\u00f4te d\u2019Azur renvoie la balle \u00e0 l\u2019envoyeur: \u00ab\u00a0Il s\u2019agit d\u2019un r\u00e9seau priv\u00e9. Par le pass\u00e9, la r\u00e9gie \u00e9tait d\u00e9j\u00e0 intervenue dans un contexte d\u2019incertitude de domanialit\u00e9. Dans le but de prot\u00e9ger la ressource, [nos services ont] r\u00e9alis\u00e9 un travail important d\u2019identification des r\u00e9seaux sur l\u2019ensemble de [notre] p\u00e9rim\u00e8tre. Depuis, des contacts ont eu lieu avec l\u2019ASL pour les informer de leur responsabilit\u00e9 sur leur domaine\u00a0\u00bb. Mais au sein de la copropri\u00e9t\u00e9 saint-jeannoise, \u00ab\u00a0aucun courrier indiquant ce transfert n\u2019a jamais \u00e9t\u00e9 re\u00e7u\u00a0\u00bb, r\u00e9fute Jean Teissier. Propri\u00e9taire d\u2019une villa depuis la construction du Clos du Baou il y a 21 ans, ce retrait\u00e9 a \u00e9pluch\u00e9 les documents relatifs \u00e0 la gestion de l\u2019eau.<\/p>\n<p>Dans le cahier des charges du lotissement, l\u2019article 6 mentionne que le r\u00e9seau d\u2019alimentation en eau potable \u00ab\u00a0est enti\u00e8rement r\u00e9alis\u00e9 par la Compagnie concessionnaire locale\u00a0\u00bb, pr\u00e9cisant que celle-ci \u00ab\u00a0sera responsable de son ouvrage et en assurera l\u2019entretien\u00a0\u00bb.<\/p>\n<p>Constitu\u00e9e en 2013, la r\u00e9gie Eau d\u2019Azur reprend alors la comp\u00e9tence de l\u2019eau sur les 51 communes de la M\u00e9tropole. \u00ab\u00a0Par la suite, ses services sont intervenus \u00e0 diverses reprises. (&#8230;) Son r\u00e8glement indique qu\u2019il est interdit \u201cde proc\u00e9der \u00e0 toute intervention sur les ouvrages de la r\u00e9gie (&#8230;), qu\u2019ils soient situ\u00e9s en domaine public ou priv\u00e9 avant compteur\u00a0\u00bb \u00bb, pose Jean Teissier, document \u00e0 l\u2019appui. Sur Internet, le retrait\u00e9 a trouv\u00e9 trace d\u2019un litige similaire, jug\u00e9 fin 2024 par la Cour administrative d\u2019appel de Lyon: une fuite sur une canalisation de desserte g\u00e9n\u00e9rale d\u2019un lotissement situ\u00e9e avant les compteurs individuels&#8230; que la M\u00e9tropole grenobloise refusait de prendre en charge. Cette derni\u00e8re a \u00e9t\u00e9 condamn\u00e9e \u00e0 verser plus de 4.000 euros de d\u00e9dommagement \u00e0 chaque plaignant. \u00ab\u00a0La l\u00e9gislation a \u00e9volu\u00e9: aujourd\u2019hui, les r\u00e9gies d\u2019eau installent un compteur \u00e0 l\u2019entr\u00e9e du lotissement et divisent la totalit\u00e9 de la consommation avec les copropri\u00e9taires. Or, nous n\u2019avons pas ce type d\u2019\u00e9quipement et d\u00e9pendons de l\u2019ancienne r\u00e9glementation. Je suis certain qu\u2019on n\u2019est pas seuls \u00e0 vivre ce genre de flou\u00a0\u00bb, pose Jean Teissier, qui aimerait entrer en lien avec des personnes dans le m\u00eame cas localement.<\/p>\n<p>En attendant, l\u2019eau coule toujours chemin des Trigands, en pleine chaleur estivale&#8230;<\/p>\n","protected":false},"excerpt":{"rendered":"De l\u2019eau coulant en continu sur l\u2019asphalte, en pleine chaleur estivale. C\u2019est le sc\u00e9nario ubuesque qui se joue&hellip;\n","protected":false},"author":2,"featured_media":236614,"comment_status":"","ping_status":"","sticky":false,"template":"","format":"standard","meta":{"footnotes":""},"categories":[2819],"tags":[1111,11,436,1777,674,1011,27,12,2401,882,25,3366],"class_list":{"0":"post-236613","1":"post","2":"type-post","3":"status-publish","4":"format-standard","5":"has-post-thumbnail","7":"category-nice","8":"tag-actu","9":"tag-actualites","10":"tag-environnement","11":"tag-eu","12":"tag-europe","13":"tag-fr","14":"tag-france","15":"tag-news","16":"tag-nice","17":"tag-provence-alpes-cote-dazur","18":"tag-republique-francaise","19":"tag-vie-locale"},"share_on_mastodon":{"url":"https:\/\/pubeurope.com\/@fr\/114821038269226387","error":""},"_links":{"self":[{"href":"https:\/\/www.europesays.com\/fr\/wp-json\/wp\/v2\/posts\/236613","targetHints":{"allow":["GET"]}}],"collection":[{"href":"https:\/\/www.europesays.com\/fr\/wp-json\/wp\/v2\/posts"}],"about":[{"href":"https:\/\/www.europesays.com\/fr\/wp-json\/wp\/v2\/types\/post"}],"author":[{"embeddable":true,"href":"https:\/\/www.europesays.com\/fr\/wp-json\/wp\/v2\/users\/2"}],"replies":[{"embeddable":true,"href":"https:\/\/www.europesays.com\/fr\/wp-json\/wp\/v2\/comments?post=236613"}],"version-history":[{"count":0,"href":"https:\/\/www.europesays.com\/fr\/wp-json\/wp\/v2\/posts\/236613\/revisions"}],"wp:featuredmedia":[{"embeddable":true,"href":"https:\/\/www.europesays.com\/fr\/wp-json\/wp\/v2\/media\/236614"}],"wp:attachment":[{"href":"https:\/\/www.europesays.com\/fr\/wp-json\/wp\/v2\/media?parent=236613"}],"wp:term":[{"taxonomy":"category","embeddable":true,"href":"https:\/\/www.europesays.com\/fr\/wp-json\/wp\/v2\/categories?post=236613"},{"taxonomy":"post_tag","embeddable":true,"href":"https:\/\/www.europesays.com\/fr\/wp-json\/wp\/v2\/tags?post=236613"}],"curies":[{"name":"wp","href":"https:\/\/api.w.org\/{rel}","templated":true}]}}