{"id":236627,"date":"2025-07-09T03:08:56","date_gmt":"2025-07-09T03:08:56","guid":{"rendered":"https:\/\/www.europesays.com\/fr\/236627\/"},"modified":"2025-07-09T03:08:56","modified_gmt":"2025-07-09T03:08:56","slug":"lequipe-cofidis-annonce-le-vol-de-plusieurs-velos-durant-la-nuit-dans-le-nord","status":"publish","type":"post","link":"https:\/\/www.europesays.com\/fr\/236627\/","title":{"rendered":"l&rsquo;\u00e9quipe Cofidis annonce le vol de plusieurs v\u00e9los durant la nuit dans le Nord"},"content":{"rendered":"<p>            Par<br \/>\n        <strong><br \/>\n            <a href=\"https:\/\/actu.fr\/auteur\/nicolas-demollien\" title=\"Consulter tous les articles de Nicolas Demollien\" rel=\"nofollow noopener\" target=\"_blank\">Nicolas Demollien<\/a><br \/>\n        <\/strong><\/p>\n<p>        Publi\u00e9 le<\/p>\n<p>            6 juil. 2025 \u00e0 15h21        <\/p>\n<p>Mauvaise nouvelle pour l\u2019<b>\u00e9quipe Cofidis<\/b>. A la veille de la <a href=\"https:\/\/actu.fr\/hauts-de-france\/lauwin-planque_59334\/en-images-a-lauwin-planque-letape-la-plus-longue-du-tour-de-france-se-prepare-sous-la-pluie-ce-dimanche_62874280.html\" rel=\"nofollow noopener\" target=\"_blank\">seconde \u00e9tape au d\u00e9part de Lauwin-Planque<\/a> (Nord) ce dimanche 6 juillet 2025, les <b>coureurs ont \u00e9t\u00e9 victimes d\u2019un vol important<\/b> durant la nuit.<\/p>\n<p>L\u2019\u00e9quipe Cofidis cambriol\u00e9e dans le Nord \u00e0 la veille de la seconde \u00e9tape<\/p>\n<p class=\" wall-content\">C\u2019est l\u2019\u00e9quipe elle-m\u00eame qui a annonc\u00e9 la nouvelle sur ses r\u00e9seaux sociaux. \u00ab\u00a0La porte du camion-atelier a \u00e9t\u00e9 forc\u00e9e et <b>onze de nos v\u00e9los LOOK Cycle<\/b> ont \u00e9t\u00e9 d\u00e9rob\u00e9s malgr\u00e9 les dispositifs de s\u00e9curit\u00e9 qui avaient \u00e9t\u00e9 mis en place\u00a0\u00bb.<\/p>\n<p class=\" wall-content\">Les forces de l\u2019ordre se sont \u00e9videmment rendus \u00e0 l\u2019h\u00f4tel o\u00f9 \u00e9tait log\u00e9e l\u2019\u00e9quipe au petit matin afin de constater les faits et d\u00e9buter leur enqu\u00eate.<\/p>\n<p class=\" wall-content\">\u00ab\u00a0Nous condamnons fermement cet acte d\u2019incivilit\u00e9 et appelons les auteurs de ces faits au civisme et \u00e0 la responsabilit\u00e9\u00a0\u00bb, lance l\u2019\u00e9quipe dans un communiqu\u00e9.\u00a0<\/p>\n<p class=\" wall-content\">\n<p class=\" wall-content\">Esp\u00e9rons que ce coup dur ne soit pas trop pr\u00e9judiciable pour l\u2019\u00e9quipe nordiste. Affaire \u00e0 suivre.<\/p>\n<p>Vid\u00e9os : en ce moment sur Actu<\/p>\n<p class=\" wall-content\">Suivez toute l\u2019actualit\u00e9 de vos villes et m\u00e9dias favoris en vous inscrivant \u00e0 <a href=\"https:\/\/moncompte.actu.fr\" title=\"D\u00e9couvez Mon Actu\" rel=\"nofollow noopener\" data-trk=\"{&quot;cta&quot;:{&quot;action&quot;:&quot;https:\\\/\\\/moncompte.actu.fr&quot;,&quot;category&quot;:&quot;mon compte&quot;,&quot;from&quot;:&quot;article footer&quot;,&quot;name&quot;:&quot;Mon actu&quot;,&quot;type&quot;:&quot;cta&quot;}}\" target=\"_blank\">Mon Actu<\/a>.<\/p>\n","protected":false},"excerpt":{"rendered":"Par Nicolas Demollien Publi\u00e9 le 6 juil. 2025 \u00e0 15h21 Mauvaise nouvelle pour l\u2019\u00e9quipe Cofidis. A la veille&hellip;\n","protected":false},"author":2,"featured_media":236628,"comment_status":"","ping_status":"","sticky":false,"template":"","format":"standard","meta":{"footnotes":""},"categories":[2815],"tags":[1111,11,1777,674,118,1011,27,811,1307,12,25,2116],"class_list":{"0":"post-236627","1":"post","2":"type-post","3":"status-publish","4":"format-standard","5":"has-post-thumbnail","7":"category-lille","8":"tag-actu","9":"tag-actualites","10":"tag-eu","11":"tag-europe","12":"tag-faits-divers","13":"tag-fr","14":"tag-france","15":"tag-hauts-de-france","16":"tag-lille","17":"tag-news","18":"tag-republique-francaise","19":"tag-tour-de-france-2025"},"share_on_mastodon":{"url":"https:\/\/pubeurope.com\/@fr\/114821081705383168","error":""},"_links":{"self":[{"href":"https:\/\/www.europesays.com\/fr\/wp-json\/wp\/v2\/posts\/236627","targetHints":{"allow":["GET"]}}],"collection":[{"href":"https:\/\/www.europesays.com\/fr\/wp-json\/wp\/v2\/posts"}],"about":[{"href":"https:\/\/www.europesays.com\/fr\/wp-json\/wp\/v2\/types\/post"}],"author":[{"embeddable":true,"href":"https:\/\/www.europesays.com\/fr\/wp-json\/wp\/v2\/users\/2"}],"replies":[{"embeddable":true,"href":"https:\/\/www.europesays.com\/fr\/wp-json\/wp\/v2\/comments?post=236627"}],"version-history":[{"count":0,"href":"https:\/\/www.europesays.com\/fr\/wp-json\/wp\/v2\/posts\/236627\/revisions"}],"wp:featuredmedia":[{"embeddable":true,"href":"https:\/\/www.europesays.com\/fr\/wp-json\/wp\/v2\/media\/236628"}],"wp:attachment":[{"href":"https:\/\/www.europesays.com\/fr\/wp-json\/wp\/v2\/media?parent=236627"}],"wp:term":[{"taxonomy":"category","embeddable":true,"href":"https:\/\/www.europesays.com\/fr\/wp-json\/wp\/v2\/categories?post=236627"},{"taxonomy":"post_tag","embeddable":true,"href":"https:\/\/www.europesays.com\/fr\/wp-json\/wp\/v2\/tags?post=236627"}],"curies":[{"name":"wp","href":"https:\/\/api.w.org\/{rel}","templated":true}]}}