{"id":236629,"date":"2025-07-09T03:10:13","date_gmt":"2025-07-09T03:10:13","guid":{"rendered":"https:\/\/www.europesays.com\/fr\/236629\/"},"modified":"2025-07-09T03:10:13","modified_gmt":"2025-07-09T03:10:13","slug":"marseille-degoute-soprano-annonce-lannulation-de-son-concert-au-velodrome-voici-pourquoi","status":"publish","type":"post","link":"https:\/\/www.europesays.com\/fr\/236629\/","title":{"rendered":"Marseille. \u00ab\u00a0D\u00e9go\u00fbt\u00e9\u00a0\u00bb, Soprano annonce l&rsquo;annulation de son concert au V\u00e9lodrome : voici pourquoi"},"content":{"rendered":"<p>            Par<br \/>\n        <strong><br \/>\n            <a href=\"https:\/\/actu.fr\/auteur\/fabien-binacchi\" title=\"Consulter tous les articles de Fabien Binacchi\" target=\"_blank\" rel=\"noopener\">Fabien Binacchi<\/a><br \/>\n        <\/strong><\/p>\n<p>        Publi\u00e9 le<\/p>\n<p>            8 juil. 2025 \u00e0 15h39        <\/p>\n<p>\u00c7a devait \u00eatre une gigantesque f\u00eate. Le concert de Soprano, <strong>programm\u00e9 le 11\u00a0octobre 2025<\/strong> au <a href=\"https:\/\/actu.fr\/tag\/velodrome\" target=\"_blank\" rel=\"noopener\">V\u00e9lodrome<\/a>, \u00e0 <a href=\"https:\/\/actu.fr\/marseille\/\" target=\"_blank\" rel=\"noopener\">Marseille<\/a>, n\u2019aura pas lieu, a annonc\u00e9 le chanteur sur ses r\u00e9seaux sociaux. \u00ab\u2009Je suis d\u00e9go\u00fbt\u00e9\u2009\u00bb, a-t-il l\u00e2ch\u00e9 en d\u00e9taillant les raisons de cette annulation.<\/p>\n<p>Un probl\u00e8me\u2026 de pelouse<\/p>\n<p class=\" wall-content\">Soprano avait pr\u00e9par\u00e9 un show aux petits oignons. Avec<strong> un gigantesque plateau.<\/strong> Et c\u2019est justement cette installation qui coince\u2026 avec le gazon du V\u00e9lodrome, assurent la star, son \u00e9quipe et celles du V\u00e9lodrome, dans un communiqu\u00e9 publi\u00e9 sur ses r\u00e9seaux sociaux.<\/p>\n<blockquote class=\"ac-article-quote wall-content\">\n<p>Une \u00e9tude technique approfondie men\u00e9e avec les \u00e9quipes du stade a r\u00e9v\u00e9l\u00e9 que la nouvelle pelouse, pr\u00e9vue en ao\u00fbt, ne pourra pas supporter la sc\u00e8ne du dernier show de Soprano.<br \/>\nSon installation aurait n\u00e9cessit\u00e9 un remplacement complet du terrain, ce qui est incompatible avec le calendrier sportif du stade, en pleine saison de Ligue 1 et de Ligue des Champions.<\/p>\n<p>    <strong>Communiqu\u00e9 publi\u00e9 sur les r\u00e9seaux sociaux<\/strong>\n            <\/p><\/blockquote>\n<p class=\" wall-content\"><strong>Un cr\u00e8ve-c\u0153ur pour l\u2019artiste.<\/strong> \u00ab\u2009Je suis d\u00e9go\u00fbt\u00e9\u2009\u00bb, a-t-il l\u00e2ch\u00e9 notamment sur Instagram.<\/p>\n<p class=\" wall-content\"><a href=\"https:\/\/www.instagram.com\/p\/DL17g7JsKz5\/embed\" title=\"Ouvrir le lien sur Instagram\" target=\"_blank\" rel=\"noopener\">Visualiser le contenu sur Instagram<\/a><\/p>\n<p class=\" wall-content\">\u00ab\u2009Soprano, profond\u00e9ment attach\u00e9 \u00e0 sa ville, se r\u00e9jouissait de remonter sur la sc\u00e8ne de l\u2019Orange V\u00e9lodrome pour la sixi\u00e8me fois. Ce concert devait marquer <strong>un moment fort de sa tourn\u00e9e<\/strong> et prolonger le lien unique qu\u2019il entretient avec Marseille\u2009\u00bb, poursuit son \u00e9quipe.<\/p>\n<p>Vid\u00e9os : en ce moment sur ActuQuatre nouvelles dates<\/p>\n<p class=\" wall-content\">Les spectateurs qui avaient achet\u00e9 des billets vont recevoir \u00ab\u2009tr\u00e8s prochainement\u2009\u00bb la proc\u00e9dure de remboursement de la part de leur r\u00e9seau de billetterie.<\/p>\n<p class=\" wall-content\">Les locaux pourront se consoler. Quatre nouvelles dates, <strong>dans d\u2019autres lieux de moindre capacit\u00e9, toujours dans la r\u00e9gion de Marseille,<\/strong> ont \u00e9t\u00e9 trouv\u00e9es \u00ab\u2009dans l\u2019urgence\u2009\u00bb\u2009:<\/p>\n<ul class=\" wall-content\">\n<li>Les 25 et 26\u00a0novembre 2025 au D\u00f4me de Marseille (capacit\u00e9 de 8500 places)<\/li>\n<li>Les 16 et 17\u00a0d\u00e9cembre 2025 \u00e0 l\u2019Arena d\u2019Aix-en-Provence (capacit\u00e9 de 6000 places)<\/li>\n<\/ul>\n<p class=\" wall-content\">\u00ab\u2009Ces concerts ne remplaceront pas l\u2019exp\u00e9rience d\u2019un stade mais permettront d\u2019accueillir dans les meilleures conditions possibles les personnes qui avaient pris leurs billets\u2009\u00bb pour le V\u00e9lodrome, esp\u00e8re l\u2019\u00e9quipe de Soprano.<\/p>\n<p class=\" wall-content\">Suivez toute l\u2019actualit\u00e9 de vos villes et m\u00e9dias favoris en vous inscrivant \u00e0 <a href=\"https:\/\/moncompte.actu.fr\" title=\"D\u00e9couvez Mon Actu\" rel=\"nofollow noopener\" data-trk=\"{&quot;cta&quot;:{&quot;action&quot;:&quot;https:\\\/\\\/moncompte.actu.fr&quot;,&quot;category&quot;:&quot;mon compte&quot;,&quot;from&quot;:&quot;article footer&quot;,&quot;name&quot;:&quot;Mon actu&quot;,&quot;type&quot;:&quot;cta&quot;}}\" target=\"_blank\">Mon Actu<\/a>.<\/p>\n<p>                    <script async src=\"\/\/www.instagram.com\/embed.js\"><\/script><\/p>\n","protected":false},"excerpt":{"rendered":"Par Fabien Binacchi Publi\u00e9 le 8 juil. 2025 \u00e0 15h39 \u00c7a devait \u00eatre une gigantesque f\u00eate. Le concert&hellip;\n","protected":false},"author":2,"featured_media":114718,"comment_status":"","ping_status":"","sticky":false,"template":"","format":"standard","meta":{"footnotes":""},"categories":[2814],"tags":[1111,11,1697,1777,674,1011,27,1652,884,12,882,25,10826,1280],"class_list":{"0":"post-236629","1":"post","2":"type-post","3":"status-publish","4":"format-standard","5":"has-post-thumbnail","7":"category-marseille","8":"tag-actu","9":"tag-actualites","10":"tag-concert","11":"tag-eu","12":"tag-europe","13":"tag-fr","14":"tag-france","15":"tag-loisirs-culture","16":"tag-marseille","17":"tag-news","18":"tag-provence-alpes-cote-dazur","19":"tag-republique-francaise","20":"tag-soprano","21":"tag-stade-velodrome"},"share_on_mastodon":{"url":"https:\/\/pubeurope.com\/@fr\/114821085656245626","error":""},"_links":{"self":[{"href":"https:\/\/www.europesays.com\/fr\/wp-json\/wp\/v2\/posts\/236629","targetHints":{"allow":["GET"]}}],"collection":[{"href":"https:\/\/www.europesays.com\/fr\/wp-json\/wp\/v2\/posts"}],"about":[{"href":"https:\/\/www.europesays.com\/fr\/wp-json\/wp\/v2\/types\/post"}],"author":[{"embeddable":true,"href":"https:\/\/www.europesays.com\/fr\/wp-json\/wp\/v2\/users\/2"}],"replies":[{"embeddable":true,"href":"https:\/\/www.europesays.com\/fr\/wp-json\/wp\/v2\/comments?post=236629"}],"version-history":[{"count":0,"href":"https:\/\/www.europesays.com\/fr\/wp-json\/wp\/v2\/posts\/236629\/revisions"}],"wp:featuredmedia":[{"embeddable":true,"href":"https:\/\/www.europesays.com\/fr\/wp-json\/wp\/v2\/media\/114718"}],"wp:attachment":[{"href":"https:\/\/www.europesays.com\/fr\/wp-json\/wp\/v2\/media?parent=236629"}],"wp:term":[{"taxonomy":"category","embeddable":true,"href":"https:\/\/www.europesays.com\/fr\/wp-json\/wp\/v2\/categories?post=236629"},{"taxonomy":"post_tag","embeddable":true,"href":"https:\/\/www.europesays.com\/fr\/wp-json\/wp\/v2\/tags?post=236629"}],"curies":[{"name":"wp","href":"https:\/\/api.w.org\/{rel}","templated":true}]}}