{"id":236641,"date":"2025-07-09T03:19:16","date_gmt":"2025-07-09T03:19:16","guid":{"rendered":"https:\/\/www.europesays.com\/fr\/236641\/"},"modified":"2025-07-09T03:19:16","modified_gmt":"2025-07-09T03:19:16","slug":"paris-termine-en-hausse-apres-les-dernieres-annonces-de-trump","status":"publish","type":"post","link":"https:\/\/www.europesays.com\/fr\/236641\/","title":{"rendered":"Paris termine en hausse apr\u00e8s les derni\u00e8res annonces de Trump"},"content":{"rendered":"<p style=\"margin-top:5px\">Paris (awp\/afp) &#8211; La Bourse de Paris a termin\u00e9 en hausse de 0,56% mardi, dig\u00e9rant les derni\u00e8res annonces de Donald Trump sur le plan commercial, au lendemain du d\u00e9cret qui a d\u00e9cal\u00e9 au 1er ao\u00fbt l&rsquo;entr\u00e9e en vigueur de ses droits de douane les plus punitifs.<\/p>\n<p>Le CAC 40 a pris 43,24 points, cl\u00f4turant \u00e0 7.766,71 points. La veille, il avait conclu la s\u00e9ance sur un gain de 0,35% (+27,20 points).<\/p>\n<p>Le pr\u00e9sident am\u00e9ricain a promis lundi dans des lettres une surtaxe douani\u00e8re d&rsquo;au moins 25% \u00e0 plusieurs pays, dont le Japon et la Cor\u00e9e du Sud, nouvelle \u00e9tape dans son offensive bouleversant les \u00e9changes \u00e9conomiques internationaux.<\/p>\n<p>Toutefois, \u00ab\u00a0dans ces lettres, on ne voit pas tr\u00e8s bien ce qui change par rapport au mois d&rsquo;avril. La seule chose qui semble diff\u00e9rente est la date limite, repouss\u00e9e, une fois de plus\u00a0\u00bb, a r\u00e9sum\u00e9 Neil Wilson, analyste de Saxo Markets.<\/p>\n<p>Le locataire de la Maison-Blanche a en effet officiellement repouss\u00e9 du 9 juillet au 1er ao\u00fbt la date butoir pour trouver un accord avec ses partenaires commerciaux sur des surtaxes douani\u00e8res.<\/p>\n<p>Cela \u00ab\u00a0peut \u00eatre analys\u00e9 comme une nouvelle volte-face\u00a0\u00bb, ou comme le fait que l&rsquo;administration Trump a r\u00e9alis\u00e9 que \u00ab\u00a0n\u00e9gocier des droits de douane prend du temps\u00a0\u00bb, a estim\u00e9 Kevin Thozet, membre du comit\u00e9 d&rsquo;investissement chez Carmignac, interrog\u00e9 par l&rsquo;AFP.<\/p>\n<p>L&rsquo;Union Europ\u00e9enne n&rsquo;\u00e9tant pour l&rsquo;instant pas concern\u00e9e par la salve de lettres envoy\u00e9es par Donald Trump, cela rassure les investisseurs quant \u00e0 la possibilit\u00e9 d&rsquo;un accord entre les deux zones.<\/p>\n<p>Reste que \u00ab\u00a0la question des droits de douane est loin d&rsquo;\u00eatre derri\u00e8re nous\u00a0\u00bb, a relev\u00e9 Kevin Thozet.<\/p>\n<p>Donald Trump a en effet assur\u00e9 mardi qu&rsquo;il n&rsquo;accorderait aucun nouveau d\u00e9lai apr\u00e8s le 1er ao\u00fbt. \u00ab\u00a0LES DROITS DE DOUANE COMMENCERONT A ETRE COLLECTES LE 1ER AOUT\u00a0\u00bb, a \u00e9crit le pr\u00e9sident am\u00e9ricain sur sa plateforme Truth Social. \u00ab\u00a0Il n&rsquo;y aura pas de changement de date\u00a0\u00bb, a-t-il ajout\u00e9.<\/p>\n<p>D&rsquo;autres lettres seront envoy\u00e9es \u00ab\u00a0aujourd&rsquo;hui, demain, et dans les prochains jours\u00a0\u00bb, a-t-il aussi pr\u00e9venu.<\/p>\n<p>C\u00f4t\u00e9 obligataire, le rendement de l&#8217;emprunt fran\u00e7ais \u00e0 dix ans a atteint mardi 3,36%, contre 3,32% en cl\u00f4ture. Son \u00e9quivalent allemand s&rsquo;est hiss\u00e9 \u00e0 2,68%, contre 2,64%.<\/p>\n<p><b>Aramis d\u00e9rape<\/b><\/p>\n<p>Le groupe automobile Aramis a c\u00e9d\u00e9 15,29% \u00e0 6,65 euros apr\u00e8s avoir revu en baisse ses objectifs de croissance pour l&rsquo;ann\u00e9e 2025, anticipant \u00ab\u00a0une croissance moins forte qu&rsquo;attendue au second semestre\u00a0\u00bb, d&rsquo;apr\u00e8s un communiqu\u00e9 publi\u00e9 lundi.<\/p>\n<p>Aramis \u00e9voque notamment \u00ab\u00a0un contexte de march\u00e9 sensiblement ralenti depuis d\u00e9but avril\u00a0\u00bb et le choix de \u00ab\u00a0privil\u00e9gier la rentabilit\u00e9 unitaire dans certains pays\u00a0\u00bb.<\/p>\n<p>afp\/rp<\/p>\n","protected":false},"excerpt":{"rendered":"Paris (awp\/afp) &#8211; La Bourse de Paris a termin\u00e9 en hausse de 0,56% mardi, dig\u00e9rant les derni\u00e8res annonces&hellip;\n","protected":false},"author":2,"featured_media":236642,"comment_status":"","ping_status":"","sticky":false,"template":"","format":"standard","meta":{"footnotes":""},"categories":[1888],"tags":[11,340,1777,674,1011,27,12,626,25],"class_list":{"0":"post-236641","1":"post","2":"type-post","3":"status-publish","4":"format-standard","5":"has-post-thumbnail","7":"category-paris","8":"tag-actualites","9":"tag-bourse","10":"tag-eu","11":"tag-europe","12":"tag-fr","13":"tag-france","14":"tag-news","15":"tag-paris","16":"tag-republique-francaise"},"share_on_mastodon":{"url":"https:\/\/pubeurope.com\/@fr\/114821121006273577","error":""},"_links":{"self":[{"href":"https:\/\/www.europesays.com\/fr\/wp-json\/wp\/v2\/posts\/236641","targetHints":{"allow":["GET"]}}],"collection":[{"href":"https:\/\/www.europesays.com\/fr\/wp-json\/wp\/v2\/posts"}],"about":[{"href":"https:\/\/www.europesays.com\/fr\/wp-json\/wp\/v2\/types\/post"}],"author":[{"embeddable":true,"href":"https:\/\/www.europesays.com\/fr\/wp-json\/wp\/v2\/users\/2"}],"replies":[{"embeddable":true,"href":"https:\/\/www.europesays.com\/fr\/wp-json\/wp\/v2\/comments?post=236641"}],"version-history":[{"count":0,"href":"https:\/\/www.europesays.com\/fr\/wp-json\/wp\/v2\/posts\/236641\/revisions"}],"wp:featuredmedia":[{"embeddable":true,"href":"https:\/\/www.europesays.com\/fr\/wp-json\/wp\/v2\/media\/236642"}],"wp:attachment":[{"href":"https:\/\/www.europesays.com\/fr\/wp-json\/wp\/v2\/media?parent=236641"}],"wp:term":[{"taxonomy":"category","embeddable":true,"href":"https:\/\/www.europesays.com\/fr\/wp-json\/wp\/v2\/categories?post=236641"},{"taxonomy":"post_tag","embeddable":true,"href":"https:\/\/www.europesays.com\/fr\/wp-json\/wp\/v2\/tags?post=236641"}],"curies":[{"name":"wp","href":"https:\/\/api.w.org\/{rel}","templated":true}]}}