{"id":236647,"date":"2025-07-09T03:23:10","date_gmt":"2025-07-09T03:23:10","guid":{"rendered":"https:\/\/www.europesays.com\/fr\/236647\/"},"modified":"2025-07-09T03:23:10","modified_gmt":"2025-07-09T03:23:10","slug":"macron-appelle-le-royaume-uni-et-la-france-a-rompre-leur-dependance-envers-les-etats-unis-et-la-chine","status":"publish","type":"post","link":"https:\/\/www.europesays.com\/fr\/236647\/","title":{"rendered":"Macron appelle le Royaume-Uni et la France \u00e0 rompre leur d\u00e9pendance envers les \u00c9tats-Unis et la Chine"},"content":{"rendered":"<p>Le pr\u00e9sident fran\u00e7ais Emmanuel Macron a averti mardi que la Grande-Bretagne et la France devaient collaborer pour faire face aux nombreuses menaces d\u00e9stabilisatrices dans le monde et prot\u00e9ger l&rsquo;Europe des \u00ab d\u00e9pendances excessives \u00bb envers les \u00c9tats-Unis et la Chine.<\/p>\n<p>Dans une allocution rare devant les deux chambres du Parlement britannique, Macron a salu\u00e9 le retour \u00e0 des relations plus \u00e9troites entre les deux pays, devenant ainsi le premier dirigeant europ\u00e9en invit\u00e9 \u00e0 une visite d&rsquo;\u00c9tat au Royaume-Uni depuis le Brexit.<\/p>\n<p>Apr\u00e8s avoir \u00e9t\u00e9 accueilli plus t\u00f4t par la famille royale britannique, Macron s&rsquo;est adress\u00e9 au Parlement, affirmant que les deux nations devaient s&rsquo;unir pour renforcer l&rsquo;Europe, notamment en mati\u00e8re de d\u00e9fense, d&rsquo;immigration, de climat et de commerce.<\/p>\n<p>\u00ab Le Royaume-Uni et la France doivent \u00e0 nouveau montrer au monde que notre alliance peut faire toute la diff\u00e9rence \u00bb, a-t-il d\u00e9clar\u00e9.<\/p>\n<p>\u00ab La seule fa\u00e7on de surmonter les d\u00e9fis auxquels nous sommes confront\u00e9s, les d\u00e9fis de notre \u00e9poque, sera d&rsquo;avancer ensemble, main dans la main, c\u00f4te \u00e0 c\u00f4te. \u00bb<\/p>\n<p>\u00c9num\u00e9rant les menaces g\u00e9opolitiques auxquelles font face les deux pays, Macron a \u00e9galement soulign\u00e9 qu&rsquo;ils devaient se m\u00e9fier des \u00ab d\u00e9pendances excessives tant envers les \u00c9tats-Unis que la Chine \u00bb, expliquant qu&rsquo;il fallait \u00ab r\u00e9duire les risques pour nos \u00e9conomies et nos soci\u00e9t\u00e9s li\u00e9s \u00e0 cette double d\u00e9pendance \u00bb.<\/p>\n<p>Il a \u00e9galement mis en avant les opportunit\u00e9s qu&rsquo;offre un rapprochement, sugg\u00e9rant de faciliter la mobilit\u00e9 des \u00e9tudiants, chercheurs et artistes entre les deux pays, ainsi que de collaborer sur l&rsquo;intelligence artificielle et la protection des enfants en ligne.<\/p>\n<p>Ce discours symbolise l&rsquo;am\u00e9lioration des relations recherch\u00e9e par le Parti travailliste de centre-gauche du Premier ministre britannique Keir Starmer, dans le cadre d&rsquo;une volont\u00e9 plus large de r\u00e9initialiser les liens avec les alli\u00e9s europ\u00e9ens apr\u00e8s les tensions li\u00e9es au d\u00e9part du Royaume-Uni de l&rsquo;Union europ\u00e9enne.<\/p>\n<p><b>\u00ab ENTENTE AMICALE \u00bb<\/b><\/p>\n<p>Macron, qui entretient une relation personnelle \u00e9troite avec le roi Charles, a \u00e9t\u00e9 accueilli plus t\u00f4t par la famille royale, notamment par le prince h\u00e9ritier William et son \u00e9pouse la princesse Catherine, avant un trajet en cal\u00e8che jusqu&rsquo;au ch\u00e2teau de Windsor.<\/p>\n<p>Dans son discours lors du somptueux banquet d&rsquo;\u00c9tat du soir, Charles a inaugur\u00e9 une nouvelle \u00e8re de relations amicales, \u00e9levant l&rsquo;\u00ab entente cordiale \u00bb &#8212; une alliance datant de 1904 ayant mis fin \u00e0 des si\u00e8cles de rivalit\u00e9s militaires &#8212; \u00e0 une \u00ab entente amicale \u00bb.<\/p>\n<p>\u00ab Alors que nous d\u00eenons ici dans ce lieu ancien, empreint de notre histoire commune, permettez-moi de porter un toast \u00e0 la France et \u00e0 notre nouvelle entente. Une entente non seulement pass\u00e9e et pr\u00e9sente, mais aussi tourn\u00e9e vers l&rsquo;avenir &#8211; et qui n&rsquo;est plus simplement cordiale, mais d\u00e9sormais amicale \u00bb, a-t-il d\u00e9clar\u00e9.<\/p>\n<p>Le monarque de 76 ans, actuellement en traitement contre le cancer, arborait un oeil droit visiblement rouge. Selon une source du palais de Buckingham, il aurait souffert d&rsquo;une rupture de vaisseau sanguin, sans lien avec une autre condition m\u00e9dicale.<\/p>\n<p>Le Royaume-Uni et la France ont marqu\u00e9 cette visite de trois jours par l&rsquo;annonce d&rsquo;un investissement de 1,1 milliard de livres sterling (1,5 milliard de dollars) de l&rsquo;\u00e9nerg\u00e9ticien nucl\u00e9aire fran\u00e7ais EDF dans un projet de centrale nucl\u00e9aire dans l&rsquo;est de l&rsquo;Angleterre.<\/p>\n<p>Les deux pays ont \u00e9galement convenu que la France pr\u00eaterait au Royaume-Uni la Tapisserie de Bayeux, permettant ainsi \u00e0 ce chef-d&rsquo;oeuvre du XIe si\u00e8cle de revenir pour la premi\u00e8re fois depuis plus de 900 ans, en \u00e9change du pr\u00eat par la Grande-Bretagne de tr\u00e9sors anglo-saxons et vikings \u00e0 la France.<\/p>\n<p>Cette visite d&rsquo;\u00c9tat intervient seize ans apr\u00e8s que la d\u00e9funte reine \u00c9lisabeth II ait accueilli le pr\u00e9sident fran\u00e7ais de l&rsquo;\u00e9poque, Nicolas Sarkozy.<\/p>\n<p>Malgr\u00e9 les tensions persistantes autour des relations post-Brexit et de la question des travers\u00e9es de migrants en petites embarcations \u00e0 travers la Manche, le Royaume-Uni et la France coop\u00e8rent \u00e9troitement pour mettre en place une force militaire destin\u00e9e \u00e0 soutenir l&rsquo;Ukraine en cas de cessez-le-feu avec la Russie.<\/p>\n<p>Starmer esp\u00e8re que cette coop\u00e9ration incitera Macron \u00e0 adopter une approche diff\u00e9rente pour lutter contre le trafic de migrants, Londres souhaitant exp\u00e9rimenter un accord de retour des demandeurs d&rsquo;asile. Ce dispositif consisterait \u00e0 expulser un demandeur d&rsquo;asile vers la France en \u00e9change de l&rsquo;accueil par le Royaume-Uni d&rsquo;une personne ayant un dossier l\u00e9gitime.<\/p>\n<p>Un nombre record de demandeurs d&rsquo;asile est arriv\u00e9 au Royaume-Uni \u00e0 bord de petites embarcations au cours des six premiers mois de cette ann\u00e9e.<\/p>\n<p>Starmer, dont le parti est devanc\u00e9 dans les sondages par le parti de droite Reform UK de Nigel Farage, est sous pression pour trouver une solution.<\/p>\n<p>La France a jusqu&rsquo;\u00e0 pr\u00e9sent refus\u00e9 de signer un tel accord, estimant que le Royaume-Uni devrait n\u00e9gocier un arrangement avec l&rsquo;ensemble des pays de l&rsquo;UE.<\/p>\n","protected":false},"excerpt":{"rendered":"Le pr\u00e9sident fran\u00e7ais Emmanuel Macron a averti mardi que la Grande-Bretagne et la France devaient collaborer pour faire&hellip;\n","protected":false},"author":2,"featured_media":236648,"comment_status":"","ping_status":"","sticky":false,"template":"","format":"standard","meta":{"footnotes":""},"categories":[1588],"tags":[11,340,1777,674,12,473,1853,1851,1850,1852],"class_list":{"0":"post-236647","1":"post","2":"type-post","3":"status-publish","4":"format-standard","5":"has-post-thumbnail","7":"category-royaume-uni","8":"tag-actualites","9":"tag-bourse","10":"tag-eu","11":"tag-europe","12":"tag-news","13":"tag-royaume-uni","14":"tag-royaume-uni-de-grande-bretagne-et-dirlande-du-nord","15":"tag-uk","16":"tag-united-kingdom","17":"tag-united-kingdom-of-great-britain-and-northern-ireland"},"share_on_mastodon":{"url":"https:\/\/pubeurope.com\/@fr\/114821136664118587","error":""},"_links":{"self":[{"href":"https:\/\/www.europesays.com\/fr\/wp-json\/wp\/v2\/posts\/236647","targetHints":{"allow":["GET"]}}],"collection":[{"href":"https:\/\/www.europesays.com\/fr\/wp-json\/wp\/v2\/posts"}],"about":[{"href":"https:\/\/www.europesays.com\/fr\/wp-json\/wp\/v2\/types\/post"}],"author":[{"embeddable":true,"href":"https:\/\/www.europesays.com\/fr\/wp-json\/wp\/v2\/users\/2"}],"replies":[{"embeddable":true,"href":"https:\/\/www.europesays.com\/fr\/wp-json\/wp\/v2\/comments?post=236647"}],"version-history":[{"count":0,"href":"https:\/\/www.europesays.com\/fr\/wp-json\/wp\/v2\/posts\/236647\/revisions"}],"wp:featuredmedia":[{"embeddable":true,"href":"https:\/\/www.europesays.com\/fr\/wp-json\/wp\/v2\/media\/236648"}],"wp:attachment":[{"href":"https:\/\/www.europesays.com\/fr\/wp-json\/wp\/v2\/media?parent=236647"}],"wp:term":[{"taxonomy":"category","embeddable":true,"href":"https:\/\/www.europesays.com\/fr\/wp-json\/wp\/v2\/categories?post=236647"},{"taxonomy":"post_tag","embeddable":true,"href":"https:\/\/www.europesays.com\/fr\/wp-json\/wp\/v2\/tags?post=236647"}],"curies":[{"name":"wp","href":"https:\/\/api.w.org\/{rel}","templated":true}]}}