{"id":236649,"date":"2025-07-09T03:24:14","date_gmt":"2025-07-09T03:24:14","guid":{"rendered":"https:\/\/www.europesays.com\/fr\/236649\/"},"modified":"2025-07-09T03:24:14","modified_gmt":"2025-07-09T03:24:14","slug":"les-geants-allemands-preparent-une-initiative-commune-pour-restaurer-la-confiance-des-investisseurs","status":"publish","type":"post","link":"https:\/\/www.europesays.com\/fr\/236649\/","title":{"rendered":"Les g\u00e9ants allemands pr\u00e9parent une initiative commune pour restaurer la confiance des investisseurs"},"content":{"rendered":"<p>Plusieurs des plus grandes entreprises d&rsquo;Allemagne envisagent de lancer une initiative conjointe afin de renforcer la confiance des investisseurs dans la premi\u00e8re \u00e9conomie europ\u00e9enne, ont indiqu\u00e9 \u00e0 Reuters deux sources proches du dossier. Cette d\u00e9marche comprendrait des engagements d&rsquo;investissement ainsi qu&rsquo;un effort pour attirer davantage de capitaux priv\u00e9s.<\/p>\n<p>Pilot\u00e9e par des groupes tels que Siemens, Deutsche Bank et FGS Global, l&rsquo;initiative rassemble plus de 30 des plus grandes entreprises allemandes, qui se sont engag\u00e9es collectivement \u00e0 investir environ 300\u00a0milliards d&rsquo;euros (soit 352\u00a0milliards de dollars) en Allemagne d&rsquo;ici \u00e0 2028, selon ces m\u00eames sources.<\/p>\n<p>La majeure partie de cette somme, qui pourrait toutefois \u00e9voluer, correspond \u00e0 des engagements d\u00e9j\u00e0 pris par ces entreprises, ont pr\u00e9cis\u00e9 les sources. L&rsquo;objectif affich\u00e9 est n\u00e9anmoins de lib\u00e9rer de nouveaux fonds, aussi bien aupr\u00e8s des entreprises que des investisseurs.<\/p>\n<p>Une r\u00e9union est pr\u00e9vue le 21 juillet \u00e0 la Chancellerie avec le Chancelier allemand Friedrich Merz et le ministre des Finances Lars Klingbeil, ont indiqu\u00e9 les sources \u00e0 Reuters.<\/p>\n<p>Des groupes tels que RWE, Rheinmetall, SAP et Volkswagen pourraient \u00e9galement soutenir cette initiative, selon les personnes interrog\u00e9es, qui ont souhait\u00e9 garder l&rsquo;anonymat, les discussions n&rsquo;\u00e9tant pas publiques et susceptibles d&rsquo;\u00e9voluer.<\/p>\n<p>De grands investisseurs internationaux, dont Advent et KKR, devraient aussi jouer un r\u00f4le dans cette d\u00e9marche, qui pourrait \u00eatre formalis\u00e9e d&rsquo;ici la fin du mois en coop\u00e9ration avec le gouvernement allemand, d&rsquo;apr\u00e8s les m\u00eames sources.<\/p>\n<p>Deutsche Bank, Rheinmetall, RWE, FGS Global, Siemens, KKR et Advent se sont refus\u00e9s \u00e0 tout commentaire.<\/p>\n<p>SAP et Volkswagen n&rsquo;ont pas souhait\u00e9 r\u00e9agir dans l&rsquo;imm\u00e9diat.<\/p>\n<p>Le gouvernement allemand, sous la houlette de Merz, mise sur une reprise de la croissance \u00e9conomique, jug\u00e9e indispensable pour permettre au pays de prendre la t\u00eate du mouvement d&rsquo;\u00e9mancipation du continent vis-\u00e0-vis des \u00c9tats-Unis.<\/p>\n<p>L&rsquo;initiative pourrait \u00e9galement contribuer \u00e0 r\u00e9parer les relations tendues entre Berlin et les grands patrons allemands, lass\u00e9s sous le pr\u00e9c\u00e9dent gouvernement d&rsquo;Olaf Scholz, jug\u00e9 peu conscient des difficult\u00e9s \u00e9conomiques du pays.<\/p>\n<p>En juin, le gouvernement allemand a approuv\u00e9 un plan d&rsquo;all\u00e8gement fiscal de 46\u00a0milliards d&rsquo;euros, destin\u00e9 \u00e0 soutenir les entreprises et \u00e0 relancer une \u00e9conomie en perte de vitesse, et ce jusqu&rsquo;en 2029.<\/p>\n<p>Ce plan constitue la premi\u00e8re mesure d&rsquo;une s\u00e9rie attendue de la part du nouveau gouvernement pour stimuler l&rsquo;\u00e9conomie, qui pourrait conna\u00eetre, pour la premi\u00e8re fois depuis la Seconde Guerre mondiale, une troisi\u00e8me ann\u00e9e cons\u00e9cutive de contraction.<\/p>\n<p>Le Bundestag a \u00e9galement valid\u00e9 en mars un plan de relance budg\u00e9taire massif, rompant avec des d\u00e9cennies de rigueur fiscale dans l&rsquo;espoir de ranimer la croissance et d&rsquo;accro\u00eetre les d\u00e9penses militaires.<\/p>\n<p>\u00ab\u00a0Nous constatons une am\u00e9lioration du climat \u00e9conomique et nous voyons que l&rsquo;Allemagne redevient un lieu plus attractif pour l&rsquo;investissement\u00a0\u00bb, a d\u00e9clar\u00e9 Lars Klingbeil mardi devant la chambre basse du Parlement.<\/p>\n<p>Le moral des chefs d&rsquo;entreprise allemands s&rsquo;est ainsi am\u00e9lior\u00e9 en juin pour le sixi\u00e8me mois cons\u00e9cutif, encourag\u00e9 par la baisse des co\u00fbts d&#8217;emprunt et les mesures fiscales gouvernementales.<\/p>\n<p>Cependant, la croissance demeure poussive et le gouvernement pr\u00e9voit une stagnation de l&rsquo;\u00e9conomie cette ann\u00e9e, fortement expos\u00e9e aux incertitudes commerciales mondiales.<\/p>\n<p>Les organisations patronales allemandes ont critiqu\u00e9 l&rsquo;augmentation des d\u00e9penses publiques du nouveau gouvernement, ciblant principalement la d\u00e9fense et les infrastructures, estimant que cela ne suffira pas \u00e0 relancer l&rsquo;\u00e9conomie sans r\u00e9formes structurelles pour renforcer la comp\u00e9titivit\u00e9.<\/p>\n<p>(1\u00a0$ = 0,8519\u00a0euros)<\/p>\n","protected":false},"excerpt":{"rendered":"Plusieurs des plus grandes entreprises d&rsquo;Allemagne envisagent de lancer une initiative conjointe afin de renforcer la confiance des&hellip;\n","protected":false},"author":2,"featured_media":236650,"comment_status":"","ping_status":"","sticky":false,"template":"","format":"standard","meta":{"footnotes":""},"categories":[1587],"tags":[11,672,340,1804,1805,1803,1777,674,1801,12,1802],"class_list":{"0":"post-236649","1":"post","2":"type-post","3":"status-publish","4":"format-standard","5":"has-post-thumbnail","7":"category-allemagne","8":"tag-actualites","9":"tag-allemagne","10":"tag-bourse","11":"tag-bundesrepublik-deutschland","12":"tag-de","13":"tag-deutschland","14":"tag-eu","15":"tag-europe","16":"tag-germany","17":"tag-news","18":"tag-republique-federale-dallemagne"},"share_on_mastodon":{"url":"https:\/\/pubeurope.com\/@fr\/114821140486890086","error":""},"_links":{"self":[{"href":"https:\/\/www.europesays.com\/fr\/wp-json\/wp\/v2\/posts\/236649","targetHints":{"allow":["GET"]}}],"collection":[{"href":"https:\/\/www.europesays.com\/fr\/wp-json\/wp\/v2\/posts"}],"about":[{"href":"https:\/\/www.europesays.com\/fr\/wp-json\/wp\/v2\/types\/post"}],"author":[{"embeddable":true,"href":"https:\/\/www.europesays.com\/fr\/wp-json\/wp\/v2\/users\/2"}],"replies":[{"embeddable":true,"href":"https:\/\/www.europesays.com\/fr\/wp-json\/wp\/v2\/comments?post=236649"}],"version-history":[{"count":0,"href":"https:\/\/www.europesays.com\/fr\/wp-json\/wp\/v2\/posts\/236649\/revisions"}],"wp:featuredmedia":[{"embeddable":true,"href":"https:\/\/www.europesays.com\/fr\/wp-json\/wp\/v2\/media\/236650"}],"wp:attachment":[{"href":"https:\/\/www.europesays.com\/fr\/wp-json\/wp\/v2\/media?parent=236649"}],"wp:term":[{"taxonomy":"category","embeddable":true,"href":"https:\/\/www.europesays.com\/fr\/wp-json\/wp\/v2\/categories?post=236649"},{"taxonomy":"post_tag","embeddable":true,"href":"https:\/\/www.europesays.com\/fr\/wp-json\/wp\/v2\/tags?post=236649"}],"curies":[{"name":"wp","href":"https:\/\/api.w.org\/{rel}","templated":true}]}}