{"id":236651,"date":"2025-07-09T03:25:19","date_gmt":"2025-07-09T03:25:19","guid":{"rendered":"https:\/\/www.europesays.com\/fr\/236651\/"},"modified":"2025-07-09T03:25:19","modified_gmt":"2025-07-09T03:25:19","slug":"lunion-europeenne-contourne-t-elle-le-veto-francais","status":"publish","type":"post","link":"https:\/\/www.europesays.com\/fr\/236651\/","title":{"rendered":"\u00ab L&rsquo;Union europ\u00e9enne contourne-t-elle le v\u00e9to fran\u00e7ais ? \u00bb"},"content":{"rendered":"<p>Pendant des ann\u00e9es, le pr\u00e9sident de la R\u00e9publique et le Gouvernement fran\u00e7ais se sont clairement oppos\u00e9s au trait\u00e9 de libre-\u00e9change entre la France et l&rsquo;Am\u00e9rique du Sud (MERCOSUR). Mais depuis quelques semaines monte une petite musique qui fait craindre la trahison. On entend d\u00e9sormais l&rsquo;ex\u00e9cutif parler de signature sous condition, de clause de sauvegarde. Et on ne parle plus du droit de veto de la France. Apr\u00e8s s&rsquo;\u00eatre engag\u00e9e \u00e0 ne pas signer l&rsquo;accord la France aurait-elle chang\u00e9 son fusil d&rsquo;\u00e9paule et serait-elle d\u00e9sormais pr\u00eate \u00e0 le ratifier ?<\/p>\n<p>Sur le MERCOSUR, nous le r\u00e9affirmons, non, c&rsquo;est non. Ce trait\u00e9 serait une catastrophe pour notre agriculture en g\u00e9n\u00e9ral et nos \u00e9leveurs en particulier. En pr\u00e9voyant d&rsquo;\u00e9liminer plus de 90% des droits de douane impos\u00e9s par le MERCOSUR et l&rsquo;Union europ\u00e9enne aux produits venant de part et d&rsquo;autre de l&rsquo;Atlantique, l&rsquo;accord ouvre la voie \u00e0 une politique d&rsquo;importation massive.<\/p>\n<p>Un tel accord mettrait en concurrence nos agriculteurs vertueux avec du b\u0153uf et des volailles dop\u00e9s aux antibiotiques, des c\u00e9r\u00e9ales cultiv\u00e9es avec des dizaines de pesticides interdis en Europe, un syst\u00e8me de production tout OGM, des \u00e9levages avec parfois plus de 30 000 bovins. \u00c0 terme, ce sont ainsi 99 000 tonnes de b\u0153uf par an qui pourraient entrer en Europe \u00e0 un taux pr\u00e9f\u00e9rentiel (7.5%). Pour le riz et le miel, il n&rsquo;y aurait plus d&rsquo;obstacles tarifaires.<\/p>\n<p>Encourager cette concurrence d\u00e9loyale, c&rsquo;est tuer nos agriculteurs fran\u00e7ais.<\/p>\n<p>C&rsquo;est aussi consid\u00e9rer que notre souverainet\u00e9 est un bien comme un autre qui se solde sur l&rsquo;autel du libre-\u00e9change. Un d\u00e9tail dans notre politique commerciale et non la condition de sa r\u00e9ussite.<\/p>\n<p>Au-del\u00e0 de la France, c&rsquo;est l&rsquo;Union europ\u00e9enne qui est en cause. En 2018, la Commission s&rsquo;\u00e9tait engag\u00e9e \u00e0 faire de l&rsquo;accord un accord mixte : les pays, dont la France, disposaient alors d&rsquo;un droit de veto. On comprend aujourd&rsquo;hui qu&rsquo;elle souhaite scinder cet accord en deux parties, supprimant le droit de veto des pays, et exigeant d\u00e9sormais une minorit\u00e9 de blocage pour emp\u00eacher ce funeste accord d&rsquo;un autre si\u00e8cle de voir le jour.<\/p>\n<p>Or, comme chacun sait, obtenir une minorit\u00e9 de blocage au niveau europ\u00e9en r\u00e9sulte du casse-t\u00eate chinois. Ce passage en force de la Commission europ\u00e9enne va \u00e0 l&rsquo;encontre de la culture d\u00e9mocratique qu&rsquo;elle promeut : le dialogue devrait \u00eatre privil\u00e9gi\u00e9 quelle que soit la situation.<\/p>\n<p>A l&rsquo;heure o\u00f9 les populismes grondent et o\u00f9 les peuples europ\u00e9ens critiquent toujours plus une Europe per\u00e7ue comme technocratique, le choix de la Commission europ\u00e9enne d&rsquo;outrepasser le pouvoir politique des pays souverains ne fait que donner du cr\u00e9dit \u00e0 ces critiques. Coop\u00e9rer oui, se soumettre, non. L&rsquo;Union europ\u00e9enne doit rester une Europe des Nations et non une Europe sans les Nations.<\/p>\n<p>Ce trait\u00e9 va donc \u00e0 l&rsquo;encontre de ce qui fait l&rsquo;essence m\u00eame de notre culture agricole et de notre identit\u00e9 en tant que Nation. Sans agriculture, pas de nourriture dans nos assiettes. Pas de pays sans paysans disaient les slogans des manifestations agricoles ! Car oui, abandonner nos paysans, c&rsquo;est nous trahir collectivement.<\/p>\n<p>Nous demandons donc au gouvernement qu&rsquo;il impose le droit de veto fran\u00e7ais sur l&rsquo;accord de libre-\u00e9change avec le MERCOSUR. Il ne peut pas \u00eatre complice d&rsquo;une Commission europ\u00e9enne qui s&rsquo;appr\u00eate par une ruse, un subterfuge \u00e0 contourner la volont\u00e9 du peuple fran\u00e7ais. Qu&rsquo;il prot\u00e8ge ses agriculteurs plut\u00f4t que de les sacrifier au nom d&rsquo;une mondialisation dont ils payent le prix chaque jour. La politique ce n&rsquo;est pas subir mais agir, et se battre quand c&rsquo;est n\u00e9cessaire.<\/p>\n<p>(*) Lo\u00efc Kervran, D\u00e9put\u00e9 Horizons du Cher depuis 2017. Il est vice-pr\u00e9sident du Parlement rural fran\u00e7ais et vice-pr\u00e9sident du groupe d&rsquo;\u00e9tude ruralit\u00e9s \u00e0 l&rsquo;assembl\u00e9e nationale.<\/p>\n<p>Patrick Benezit, Pr\u00e9sident de la f\u00e9d\u00e9ration nationale bovine. Eleveur dans le Cantal.<\/p>\n<p class=\"rev-margin-0 rev-text-xs-bold !text-lt-neutral-30 mt-[32px]\">Lo\u00efc Kervran et Patrick Benezit<\/p>\n","protected":false},"excerpt":{"rendered":"Pendant des ann\u00e9es, le pr\u00e9sident de la R\u00e9publique et le Gouvernement fran\u00e7ais se sont clairement oppos\u00e9s au trait\u00e9&hellip;\n","protected":false},"author":2,"featured_media":236652,"comment_status":"","ping_status":"","sticky":false,"template":"","format":"standard","meta":{"footnotes":""},"categories":[1586],"tags":[17,743,11,37562,1777,674,4538,1011,27,4537,21426,12,4536,1427,25,12140],"class_list":{"0":"post-236651","1":"post","2":"type-post","3":"status-publish","4":"format-standard","5":"has-post-thumbnail","7":"category-europe","8":"tag-17","9":"tag-accord","10":"tag-actualites","11":"tag-contourne-t-elle","12":"tag-eu","13":"tag-europe","14":"tag-europeenne","15":"tag-fr","16":"tag-france","17":"tag-lunion","18":"tag-mercosur","19":"tag-news","20":"tag-opinion","21":"tag-opinions","22":"tag-republique-francaise","23":"tag-veto"},"share_on_mastodon":{"url":"https:\/\/pubeurope.com\/@fr\/114821144749170095","error":""},"_links":{"self":[{"href":"https:\/\/www.europesays.com\/fr\/wp-json\/wp\/v2\/posts\/236651","targetHints":{"allow":["GET"]}}],"collection":[{"href":"https:\/\/www.europesays.com\/fr\/wp-json\/wp\/v2\/posts"}],"about":[{"href":"https:\/\/www.europesays.com\/fr\/wp-json\/wp\/v2\/types\/post"}],"author":[{"embeddable":true,"href":"https:\/\/www.europesays.com\/fr\/wp-json\/wp\/v2\/users\/2"}],"replies":[{"embeddable":true,"href":"https:\/\/www.europesays.com\/fr\/wp-json\/wp\/v2\/comments?post=236651"}],"version-history":[{"count":0,"href":"https:\/\/www.europesays.com\/fr\/wp-json\/wp\/v2\/posts\/236651\/revisions"}],"wp:featuredmedia":[{"embeddable":true,"href":"https:\/\/www.europesays.com\/fr\/wp-json\/wp\/v2\/media\/236652"}],"wp:attachment":[{"href":"https:\/\/www.europesays.com\/fr\/wp-json\/wp\/v2\/media?parent=236651"}],"wp:term":[{"taxonomy":"category","embeddable":true,"href":"https:\/\/www.europesays.com\/fr\/wp-json\/wp\/v2\/categories?post=236651"},{"taxonomy":"post_tag","embeddable":true,"href":"https:\/\/www.europesays.com\/fr\/wp-json\/wp\/v2\/tags?post=236651"}],"curies":[{"name":"wp","href":"https:\/\/api.w.org\/{rel}","templated":true}]}}