{"id":236655,"date":"2025-07-09T03:27:14","date_gmt":"2025-07-09T03:27:14","guid":{"rendered":"https:\/\/www.europesays.com\/fr\/236655\/"},"modified":"2025-07-09T03:27:14","modified_gmt":"2025-07-09T03:27:14","slug":"invite-par-le-roi-charles-iii-le-couple-macron-profite-dun-banquet-fastueux-au-chateau-de-windsor","status":"publish","type":"post","link":"https:\/\/www.europesays.com\/fr\/236655\/","title":{"rendered":"Invit\u00e9 par le roi Charles III, le couple Macron profite d\u2019un banquet fastueux au ch\u00e2teau de\u00a0Windsor"},"content":{"rendered":"<p>        <img decoding=\"async\" loading=\"lazy\" src=\"https:\/\/www.europesays.com\/fr\/wp-content\/uploads\/2025\/07\/3918317_upload-1-8oi94ywnysak-000-66862g9.jpg\"  width=\"728\" height=\"410\" alt=\"Le roi Charles III a mis les petits plats dans les grands au ch\u00e2teau de\u00a0Windsor\u00a0ce mardi 8\u00a0juillet, pour accueillir le couple Macron.\"\/>  <\/p>\n<p>YUI MOK \/ AFP<\/p>\n<p>Le roi Charles III a mis les petits plats dans les grands au ch\u00e2teau de\u00a0Windsor\u00a0ce mardi 8\u00a0juillet, pour accueillir le couple Macron.<\/p>\n<p class=\"asset asset-text\">ROYAUME-UNI &#8211; On murmure qu\u2019il s\u2019agit de la plus longue table de Grande-Bretagne. Le roi Charles III a mis les petits plats dans les grands au <a href=\"https:\/\/www.huffingtonpost.fr\/international\/article\/le-chateau-de-windsor-et-le-domaine-ou-vivent-kate-et-william-theatre-d-un-cambriolage_242380.html\" rel=\"nofollow noopener\" target=\"_blank\">ch\u00e2teau de\u00a0Windsor\u00a0<\/a>ce mardi 8\u00a0juillet au soir pour un d\u00eener d\u2019\u00c9tat en l\u2019honneur du <a href=\"https:\/\/www.huffingtonpost.fr\/politique\/article\/emmanuel-macron-gifle-par-brigitte-au-vietnam-l-elysee-dement-et-donne-sa-version_250514.html\" rel=\"nofollow noopener\" target=\"_blank\">couple Macron<\/a>.<\/p>\n<p class=\"asset asset-text\">La table du banquet s\u2019\u00e9tend \u00e0 perte de vue, avec cinq verres par personne et une disposition pr\u00e9cise pour plus de 150 convives, rapporte la <a href=\"https:\/\/www.bbc.com\/news\/live\/clyz5gnvdjrt\" target=\"_blank\" rel=\"noopener nofollow\" title=\"Nouvelle fen\u00eatre\">BBC<\/a>.<\/p>\n<p class=\"asset asset-text\">Parmi les invit\u00e9s justement, sont attendus ministres des deux gouvernements, chefs d\u2019entreprise, comme le patron de CMA CGM Rodolphe Saad\u00e9, assis \u00e0 c\u00f4t\u00e9 du Premier ministre Keir Starmer, ou la patronne de Veolia Estelle Brachlianoff, mais aussi des artistes, \u00e0 l\u2019image des chanteurs Elton John et Mick Jagger, ou encore de l\u2019actrice Kristin Scott-Thomas.<\/p>\n<p>    Kate \u00e0 c\u00f4t\u00e9 d\u2019Emmanuel Macron    <\/p>\n<p class=\"asset asset-text\">Selon le plan de table, le roi Charles III est assis entre la ministre fran\u00e7aise de la Culture Rachida Dati et le pr\u00e9sident Emmanuel Macron. La princesse Kate, qui avait r\u00e9cemment annul\u00e9 sa pr\u00e9sence aux courses hippiques de Royal Ascot a pris place \u00e0 la droite du pr\u00e9sident fran\u00e7ais. Face \u00e0 eux, la reine Camilla, entour\u00e9e du ministre fran\u00e7ais de la D\u00e9fense S\u00e9bastien Lecornu et de Brigitte Macron. L\u2019\u00e9pouse du pr\u00e9sident est assise \u00e0 gauche du prince William.<\/p>\n<p> La lecture de ce contenu est susceptible d\u2019entra\u00eener un d\u00e9p\u00f4t de cookies de la part de l\u2019op\u00e9rateur tiers qui l\u2019h\u00e9berge. Compte-tenu des choix que vous avez exprim\u00e9s en mati\u00e8re de d\u00e9p\u00f4t de cookies, nous avons bloqu\u00e9 l\u2019affichage de ce contenu. Si vous souhaitez y acc\u00e9der, vous devez accepter la cat\u00e9gorie de cookies \u201cContenus tiers\u201d en cliquant sur le bouton ci-dessous. <\/p>\n<p> Lire la Vid\u00e9o        <\/p>\n<p class=\"asset asset-text\">En d\u00e9but de d\u00eener, le roi Charles a c\u00e9l\u00e9br\u00e9 \u00ab\u00a0l\u2019amiti\u00e9 entre le Royaume-Uni et la France\u00a0\u00bb, qui \u00ab\u00a0est essentielle \u00e0 la pr\u00e9servation des libert\u00e9s et de la paix en Europe\u00a0\u00bb. Il a \u00e9galement \u00e9voqu\u00e9 la n\u00e9cessit\u00e9 de lutter contre \u00ab\u00a0l\u2019immigration clandestine \u00e0 travers la Manche\u00a0\u00bb. Les menaces \u00e9cologiques signifient que \u00ab\u00a0l\u2019avenir m\u00eame de notre plan\u00e8te est en jeu\u00a0\u00bb, a-t-il poursuivi face \u00e0 ses invit\u00e9s.<\/p>\n<p> La lecture de ce contenu est susceptible d\u2019entra\u00eener un d\u00e9p\u00f4t de cookies de la part de l\u2019op\u00e9rateur tiers qui l\u2019h\u00e9berge. Compte-tenu des choix que vous avez exprim\u00e9s en mati\u00e8re de d\u00e9p\u00f4t de cookies, nous avons bloqu\u00e9 l\u2019affichage de ce contenu. Si vous souhaitez y acc\u00e9der, vous devez accepter la cat\u00e9gorie de cookies \u201cContenus tiers\u201d en cliquant sur le bouton ci-dessous. <\/p>\n<p> Lire la Vid\u00e9o           <\/p>\n<p> La lecture de ce contenu est susceptible d\u2019entra\u00eener un d\u00e9p\u00f4t de cookies de la part de l\u2019op\u00e9rateur tiers qui l\u2019h\u00e9berge. Compte-tenu des choix que vous avez exprim\u00e9s en mati\u00e8re de d\u00e9p\u00f4t de cookies, nous avons bloqu\u00e9 l\u2019affichage de ce contenu. Si vous souhaitez y acc\u00e9der, vous devez accepter la cat\u00e9gorie de cookies \u201cContenus tiers\u201d en cliquant sur le bouton ci-dessous. <\/p>\n<p> Lire la Vid\u00e9o        <\/p>\n<p class=\"asset asset-text\">Dans un discours suivant celui du roi britannique, Emmanuel Macron s\u2019est, lui aussi, dit confiant dans les relations entre la France et le Royaume-Uni. \u00ab\u00a0De part et d\u2019autre de la Manche, nous devons sans cesse nous rappeler que nous ne devons jamais baisser la garde\u00a0\u00bb, a-t-il ajout\u00e9 alternant l\u2019anglais et le fran\u00e7ais. Et a remerci\u00e9 Charles III pour sa \u00ab\u00a0grande courtoisie\u00a0\u00bb.<\/p>\n<p>    Du champagne en \u00e9coutant Daft Punk    <\/p>\n<p class=\"asset asset-text\">De longs discours qui n\u2019ont pas coup\u00e9 la faim des convives. Au menu de ce d\u00eener d\u2019\u00c9tat, le premier pour un pr\u00e9sident fran\u00e7ais depuis 17\u00a0ans\u00a0: \u00ab\u00a0assiette de l\u00e9gumes d\u2019\u00e9t\u00e9, vinaigrette de tomates crues\u00a0\u00bb, suivie d\u2019un \u00ab\u00a0supr\u00eame de poulet fermier \u00e0 l\u2019Argenteuil\u00a0\u00bb et d\u2019un parfait au cassis.<\/p>\n<p class=\"asset asset-text\">Le repas a \u00e9t\u00e9 pens\u00e9 \u00ab\u00a0dans l\u2019esprit de l\u2019Entente cordiale\u00a0\u00bb, selon le palais de Buckingham, puisque l\u2019entr\u00e9e et le dessert ont \u00e9t\u00e9 con\u00e7us en partenariat avec le chef fran\u00e7ais Raymond Blanc, ambassadeur de la King\u2019s Foundation. L\u2019Entente cordiale d\u00e9signe un ensemble d\u2019accords sign\u00e9s le 8\u00a0avril\u00a01904 \u00e0 Londres par les gouvernements britannique et fran\u00e7ais portant sur la politique \u00e9trang\u00e8re. Elle a mis fin \u00e0 une tradition multis\u00e9culaire d\u2019antagonisme entre les deux pays.<\/p>\n<p class=\"asset asset-text\">Parmi les vins accompagnant les mets, figurent notamment un 1er Grand Cru class\u00e9 Pessac-L\u00e9ognan de 1996, et du champagne.<\/p>\n<p class=\"asset asset-text\">C\u00f4t\u00e9 musique, beaucoup d\u2019airs classiques pour accompagner les convives, mais aussi quelques morceaux plus modernes, comme Get Lucky des Fran\u00e7ais de Daft Punk ou\u00a0Someone You Loved, de l\u2019\u00c9cossais Lewis Capaldi, dont le retour a \u00e9mu le festival de Glastonbury fin juin.<\/p>\n","protected":false},"excerpt":{"rendered":"YUI MOK \/ AFP Le roi Charles III a mis les petits plats dans les grands au ch\u00e2teau&hellip;\n","protected":false},"author":2,"featured_media":236656,"comment_status":"","ping_status":"","sticky":false,"template":"","format":"standard","meta":{"footnotes":""},"categories":[2],"tags":[11,1073,1011,27,14,12,12315,25,473],"class_list":{"0":"post-236655","1":"post","2":"type-post","3":"status-publish","4":"format-standard","5":"has-post-thumbnail","7":"category-actualites","8":"tag-actualites","9":"tag-emmanuel-macron","10":"tag-fr","11":"tag-france","12":"tag-international","13":"tag-news","14":"tag-prince-charles","15":"tag-republique-francaise","16":"tag-royaume-uni"},"share_on_mastodon":{"url":"https:\/\/pubeurope.com\/@fr\/114821152645036660","error":""},"_links":{"self":[{"href":"https:\/\/www.europesays.com\/fr\/wp-json\/wp\/v2\/posts\/236655","targetHints":{"allow":["GET"]}}],"collection":[{"href":"https:\/\/www.europesays.com\/fr\/wp-json\/wp\/v2\/posts"}],"about":[{"href":"https:\/\/www.europesays.com\/fr\/wp-json\/wp\/v2\/types\/post"}],"author":[{"embeddable":true,"href":"https:\/\/www.europesays.com\/fr\/wp-json\/wp\/v2\/users\/2"}],"replies":[{"embeddable":true,"href":"https:\/\/www.europesays.com\/fr\/wp-json\/wp\/v2\/comments?post=236655"}],"version-history":[{"count":0,"href":"https:\/\/www.europesays.com\/fr\/wp-json\/wp\/v2\/posts\/236655\/revisions"}],"wp:featuredmedia":[{"embeddable":true,"href":"https:\/\/www.europesays.com\/fr\/wp-json\/wp\/v2\/media\/236656"}],"wp:attachment":[{"href":"https:\/\/www.europesays.com\/fr\/wp-json\/wp\/v2\/media?parent=236655"}],"wp:term":[{"taxonomy":"category","embeddable":true,"href":"https:\/\/www.europesays.com\/fr\/wp-json\/wp\/v2\/categories?post=236655"},{"taxonomy":"post_tag","embeddable":true,"href":"https:\/\/www.europesays.com\/fr\/wp-json\/wp\/v2\/tags?post=236655"}],"curies":[{"name":"wp","href":"https:\/\/api.w.org\/{rel}","templated":true}]}}