{"id":236661,"date":"2025-07-09T03:32:14","date_gmt":"2025-07-09T03:32:14","guid":{"rendered":"https:\/\/www.europesays.com\/fr\/236661\/"},"modified":"2025-07-09T03:32:14","modified_gmt":"2025-07-09T03:32:14","slug":"le-stade-mayol-possede-lune-des-pires-pelouses-des-clubs-professionnels-francais","status":"publish","type":"post","link":"https:\/\/www.europesays.com\/fr\/236661\/","title":{"rendered":"Le Stade Mayol poss\u00e8de l&rsquo;une des pires pelouses des clubs professionnels fran\u00e7ais !"},"content":{"rendered":"<p>Ce mardi, la Ligue Nationale de Rugby a d\u00e9voil\u00e9 le classement 2024 \/ 2025 des terrains des clubs professionnels de Top 14 et de Pro D2.<\/p>\n<p>Ce classement est le fruit d\u2019un\u00a0travail de fond engag\u00e9 depuis plusieurs saisons pour am\u00e9liorer la qualit\u00e9 des surfaces de jeu, tout en int\u00e9grant les enjeux environnementaux li\u00e9s \u00e0 leur gestion.<\/p>\n<p>\u00c0 travers cette d\u00e9marche,\u00a0la LNR poursuit l\u2019ambition d\u2019offrir aux joueurs des terrains plus s\u00fbrs, aux spectateurs un jeu plus fluide et spectaculaire, et aux clubs un cadre d\u2019accompagnement concret pour acc\u00e9l\u00e9rer leur transition \u00e9cologique.<\/p>\n<p>Le premier pilier de cette strat\u00e9gie s\u2019appuie sur l\u2019APPE \u2013 Analyse de Performance des Pelouses \u00c9lites. Ce dispositif, d\u00e9ploy\u00e9 sur l\u2019ensemble des stades du TOP 14 et de la PRO D2, \u00e9value la performance des terrains selon plusieurs crit\u00e8res objectifs de performance : esth\u00e9tique, infrastructurel, agronomique et biom\u00e9canique.<\/p>\n<p>Et malheureusement, on constate que le Stade Mayol poss\u00e8de l\u2019une des pires pelouses du rugby professionnel fran\u00e7ais.<\/p>\n<p>En effet, le Rugby Club Toulonnais arrive 20\u00e8me sur les 22 pelouses naturelles de Top 14 et de Pro D2.<\/p>\n<p>Seul Valence Romans et le Stade Ni\u00e7ois font pire.<\/p>\n<p><strong>Voici le classement des pelouses naturelles :\u00a0<\/strong><\/p>\n<p>1\/ Castres<br \/>2\/ La Rochelle<br \/>3\/ Bayonne<br \/>4\/ Bordeaux-B\u00e8gles<br \/>5\/ Brive<br \/>6\/ Toulouse<br \/>7\/ Vannes<br \/>8\/ Nevers<br \/>9\/ B\u00e9ziers<br \/>10\/ Perpignan<br \/>11\/ Dax<br \/>12\/ Aurillac<br \/>13\/ Pau<br \/>14\/ Grenoble<br \/>15\/ Colomiers<br \/>16\/ Clermont<br \/>17\/ Biarritz<br \/>18\/ Agen<br \/>19\/ Montpellier<br \/>20\/ Toulon<br \/>21\/ Valence<br \/>22\/ Nice<\/p>\n<p><strong>Le classement des pelouses synth\u00e9tiques :<\/strong><\/p>\n<p>1\/ Racing 92<br \/>2\/ Lou Rugby<br \/>3\/ Montauban<br \/>4\/ Provence Rugby<br \/>5\/ Stade-Fran\u00e7ais<br \/>6\/ Mont-de-Marsan<br \/>7\/ Oyonnax<br \/>8\/ Soyaux-Angoul\u00eame<\/p>\n<blockquote class=\"twitter-tweet\" data-width=\"550\" data-dnt=\"true\">\n<p lang=\"fr\" dir=\"ltr\">Voici le Classement 2024\/2025 des Terrains des clubs professionnels de TOP 14 et de PRO D2.  <\/p>\n<p>Ce classement est le fruit d\u2019un travail de fond engag\u00e9 depuis plusieurs saisons pour am\u00e9liorer la qualit\u00e9 des surfaces de jeu, tout en int\u00e9grant les enjeux environnementaux li\u00e9s \u00e0 leur\u2026 <a href=\"https:\/\/t.co\/9DNrDUJtmE\" rel=\"nofollow\">pic.twitter.com\/9DNrDUJtmE<\/a><\/p>\n<p>\u2014 Ligue Nationale de Rugby (@LNRofficiel) <a href=\"https:\/\/twitter.com\/LNRofficiel\/status\/1942500192986571191?ref_src=twsrc%5Etfw\" rel=\"nofollow noopener\" target=\"_blank\">July 8, 2025<\/a><\/p>\n<\/blockquote>\n<p><script async src=\"https:\/\/platform.twitter.com\/widgets.js\" charset=\"utf-8\"><\/script><\/p>\n","protected":false},"excerpt":{"rendered":"Ce mardi, la Ligue Nationale de Rugby a d\u00e9voil\u00e9 le classement 2024 \/ 2025 des terrains des clubs&hellip;\n","protected":false},"author":2,"featured_media":222730,"comment_status":"","ping_status":"","sticky":false,"template":"","format":"standard","meta":{"footnotes":""},"categories":[1416],"tags":[1011,27,479,1468,60],"class_list":{"0":"post-236661","1":"post","2":"type-post","3":"status-publish","4":"format-standard","5":"has-post-thumbnail","7":"category-rugby","8":"tag-fr","9":"tag-france","10":"tag-rugby","11":"tag-rugby-football","12":"tag-sports"},"share_on_mastodon":{"url":"https:\/\/pubeurope.com\/@fr\/114821172249229261","error":""},"_links":{"self":[{"href":"https:\/\/www.europesays.com\/fr\/wp-json\/wp\/v2\/posts\/236661","targetHints":{"allow":["GET"]}}],"collection":[{"href":"https:\/\/www.europesays.com\/fr\/wp-json\/wp\/v2\/posts"}],"about":[{"href":"https:\/\/www.europesays.com\/fr\/wp-json\/wp\/v2\/types\/post"}],"author":[{"embeddable":true,"href":"https:\/\/www.europesays.com\/fr\/wp-json\/wp\/v2\/users\/2"}],"replies":[{"embeddable":true,"href":"https:\/\/www.europesays.com\/fr\/wp-json\/wp\/v2\/comments?post=236661"}],"version-history":[{"count":0,"href":"https:\/\/www.europesays.com\/fr\/wp-json\/wp\/v2\/posts\/236661\/revisions"}],"wp:featuredmedia":[{"embeddable":true,"href":"https:\/\/www.europesays.com\/fr\/wp-json\/wp\/v2\/media\/222730"}],"wp:attachment":[{"href":"https:\/\/www.europesays.com\/fr\/wp-json\/wp\/v2\/media?parent=236661"}],"wp:term":[{"taxonomy":"category","embeddable":true,"href":"https:\/\/www.europesays.com\/fr\/wp-json\/wp\/v2\/categories?post=236661"},{"taxonomy":"post_tag","embeddable":true,"href":"https:\/\/www.europesays.com\/fr\/wp-json\/wp\/v2\/tags?post=236661"}],"curies":[{"name":"wp","href":"https:\/\/api.w.org\/{rel}","templated":true}]}}