{"id":236664,"date":"2025-07-09T03:35:11","date_gmt":"2025-07-09T03:35:11","guid":{"rendered":"https:\/\/www.europesays.com\/fr\/236664\/"},"modified":"2025-07-09T03:35:11","modified_gmt":"2025-07-09T03:35:11","slug":"quartararo-met-la-pression-a-yamaha-il-veut-la-victoire-maintenant","status":"publish","type":"post","link":"https:\/\/www.europesays.com\/fr\/236664\/","title":{"rendered":"Quartararo met la pression \u00e0 Yamaha : Il veut la victoire maintenant"},"content":{"rendered":"<p><img data-lazyloaded=\"1\" width=\"1024\" height=\"751\" class=\"attachment-large size-large lazy wp-post-image\" alt=\"Fabio Quartararo avec sa Yamaha\" decoding=\"async\" fetchpriority=\"high\" src=\"https:\/\/www.europesays.com\/fr\/wp-content\/uploads\/2025\/07\/Fabio-Quartararo-Yamaha-Alba-Casares-scaled-e1751996603997-1024x751.jpg\"\/><\/p>\n<p>Photo : Alba Casares (Motosan)<\/p>\n<p>Fabio Quartararo fait le point sur sa saison et sa relation avec Yamaha en 2025<\/p>\n<p>Le pilote officiel Yamaha, le Fran\u00e7ais Fabio Quartararo, vit une saison en dents de scie avec sa M1. Parfois, il d\u00e9croche la <strong>pole position<\/strong>, finit dans le <strong>Top 5<\/strong> ou m\u00eame sur le <strong>podium<\/strong>, mais d\u2019autres fois, les <strong>chutes<\/strong> ou une place hors du <strong>Top 10<\/strong> viennent ternir son bilan. Le pilote n\u2019a pas h\u00e9sit\u00e9 \u00e0 s\u2019exprimer directement aupr\u00e8s des fans sur le site officiel de MotoGP pour faire le point.<\/p>\n<p>Sur son championnat, Fabio confie : \u00ab Les premi\u00e8res courses ont \u00e9t\u00e9 catastrophiques, puis on a vu poindre la pole et le podium\u2026 Quelques belles courses, avec pas mal de patience aussi. Il y a eu quelques soucis \u00e0 Le Mans et Silverstone. \u00bb<\/p>\n<p>Ce que Fabio et Yamaha doivent faire<\/p>\n<p>\u00ab J\u2019ai besoin de prendre du plaisir, de retrouver la joie d\u2019\u00eatre devant \u00bb, affirme \u2019El Diablo\u2019. \u00ab Je mets beaucoup de pression sur l\u2019\u00e9quipe et Yamaha car je n\u2019ai plus de temps \u00e0 perdre. Il me faut un projet de victoire rapidement. C\u2019est crucial pour ma sant\u00e9 mentale. Esp\u00e9rons que le nouveau projet s\u2019oriente dans ce sens. Il est important qu\u2019on vise les victoires d\u00e8s l\u2019ann\u00e9e prochaine. \u00bb<\/p>\n<p>Il souligne \u00e9galement que c\u2019est \u00e0 son directeur technique, Massimo Bartolini, de mener ce renouveau : \u00ab Max est sous une \u00e9norme pression. S\u2019il reste chez Yamaha en 2026, la marque lui devra beaucoup. C\u2019est lui qui a v\u00e9ritablement chang\u00e9 ma mentalit\u00e9. Mais il sait ce qu\u2019il doit faire avant la saison prochaine. Pour \u00eatre honn\u00eate, on en est encore tr\u00e8s loin. L\u2019ann\u00e9e prochaine, une toute nouvelle moto, en V4, doit arriver. Je ne sais pas si on repartira de z\u00e9ro, mais un changement \u00e9tait n\u00e9cessaire. La M1 a atteint ses limites. Maintenant, il faut partir sur une autre base. Je veux voir des r\u00e9sultats concrets, et pour l\u2019instant je ne vois rien. \u00bb<\/p>\n<p>Une confiance encore fragile<\/p>\n<p>Le pilote num\u00e9ro 20 garde toutefois espoir : \u00ab Ma confiance cette ann\u00e9e est quasiment \u00e0 z\u00e9ro, mais tout d\u00e9pendra de la moto de l\u2019ann\u00e9e prochaine. Si je peux remotiver un titre avec Yamaha ? Peut-\u00eatre que je r\u00e9pondrai \u00e0 cette question lors de la premi\u00e8re course de la saison 2026. \u00bb<\/p>\n<p>Il admet aussi chercher encore son parfait accord avec la machine : \u00ab Les retours qu\u2019on a ont \u00e9t\u00e9 positifs, \u00e9videmment, mais jusqu\u2019\u00e0 ce que je sois sur la moto, chaque pilote ressent un peu la m\u00eame chose. Je veux sentir comment elle va et percevoir son potentiel. On aura une chance de la tester \u00e0 la mi-septembre, ou bien 1 ou 2 jours avant l\u2019essai de Valence. \u00bb<\/p>\n<p>Lucidit\u00e9 et philosophie<\/p>\n<p>Fabio est franc avec lui-m\u00eame : \u00ab Je sais d\u00e9sormais ce que je peux faire pour toujours me sentir au top. Il faut que je donne mon 100 %, ce qui peut signifier \u00eatre 2e, 5e ou 10e sur certaines courses. Mais au moins, je suis certain d\u2019avoir tout donn\u00e9. \u00c7a fait une diff\u00e9rence. C\u2019est une question d\u2019exp\u00e9rience. Il faut accepter certaines choses et avancer malgr\u00e9 tout. Quand on gagne, on ne s\u2019embarrasse pas de ces d\u00e9tails. \u00bb<\/p>\n<p>Pour conclure, il r\u00e9sume son passage chez Yamaha et assure \u00eatre aujourd\u2019hui dans sa meilleure forme : \u00ab Surtout lors de ma premi\u00e8re ann\u00e9e, m\u00eame chez moi, je ne prenais pas de plaisir. Ma t\u00eate n\u2019\u00e9tait concentr\u00e9e que sur la course. Je me remettais constamment en question, sur ma lenteur, sur la moto, sur l\u2019\u00e9quipe. Mentalement c\u2019\u00e9tait dur. Aujourd\u2019hui, j\u2019ai beaucoup appris. Je pilote beaucoup mieux. Il nous manque juste un peu de r\u00e9gularit\u00e9 et du travail sur plusieurs points. Mais je sais que je suis la meilleure version de moi-m\u00eame aujourd\u2019hui. \u00bb<\/p>\n<p>Au final, on se demande : dans cette course effr\u00e9n\u00e9e \u00e0 la nouveaut\u00e9 et \u00e0 la victoire, qui aura vraiment le dernier mot ? La machine, l\u2019homme\u2026 ou la pression ? Moi, je parie sur une bonne dose d\u2019impatience et un soup\u00e7on de miracle \u2013 \u00e7a fait toujours partie du spectacle, non ?<\/p>\n","protected":false},"excerpt":{"rendered":"Photo : Alba Casares (Motosan) Fabio Quartararo fait le point sur sa saison et sa relation avec Yamaha&hellip;\n","protected":false},"author":2,"featured_media":236665,"comment_status":"","ping_status":"","sticky":false,"template":"","format":"standard","meta":{"footnotes":""},"categories":[1413],"tags":[1011,27,1457,1456,60],"class_list":{"0":"post-236664","1":"post","2":"type-post","3":"status-publish","4":"format-standard","5":"has-post-thumbnail","7":"category-moto","8":"tag-fr","9":"tag-france","10":"tag-moto","11":"tag-motocycle","12":"tag-sports"},"share_on_mastodon":{"url":"https:\/\/pubeurope.com\/@fr\/114821183909156917","error":""},"_links":{"self":[{"href":"https:\/\/www.europesays.com\/fr\/wp-json\/wp\/v2\/posts\/236664","targetHints":{"allow":["GET"]}}],"collection":[{"href":"https:\/\/www.europesays.com\/fr\/wp-json\/wp\/v2\/posts"}],"about":[{"href":"https:\/\/www.europesays.com\/fr\/wp-json\/wp\/v2\/types\/post"}],"author":[{"embeddable":true,"href":"https:\/\/www.europesays.com\/fr\/wp-json\/wp\/v2\/users\/2"}],"replies":[{"embeddable":true,"href":"https:\/\/www.europesays.com\/fr\/wp-json\/wp\/v2\/comments?post=236664"}],"version-history":[{"count":0,"href":"https:\/\/www.europesays.com\/fr\/wp-json\/wp\/v2\/posts\/236664\/revisions"}],"wp:featuredmedia":[{"embeddable":true,"href":"https:\/\/www.europesays.com\/fr\/wp-json\/wp\/v2\/media\/236665"}],"wp:attachment":[{"href":"https:\/\/www.europesays.com\/fr\/wp-json\/wp\/v2\/media?parent=236664"}],"wp:term":[{"taxonomy":"category","embeddable":true,"href":"https:\/\/www.europesays.com\/fr\/wp-json\/wp\/v2\/categories?post=236664"},{"taxonomy":"post_tag","embeddable":true,"href":"https:\/\/www.europesays.com\/fr\/wp-json\/wp\/v2\/tags?post=236664"}],"curies":[{"name":"wp","href":"https:\/\/api.w.org\/{rel}","templated":true}]}}