{"id":236668,"date":"2025-07-09T03:37:09","date_gmt":"2025-07-09T03:37:09","guid":{"rendered":"https:\/\/www.europesays.com\/fr\/236668\/"},"modified":"2025-07-09T03:37:09","modified_gmt":"2025-07-09T03:37:09","slug":"tdf-tour-de-france-jean-rene-bernaudeau-les-chutes-supprimons-les-oreillettes","status":"publish","type":"post","link":"https:\/\/www.europesays.com\/fr\/236668\/","title":{"rendered":"TDF. Tour de France &#8211; Jean-Rene\u0301 Bernaudeau : \u00abLes chutes ? Supprimons les oreillettes\u00bb"},"content":{"rendered":"<p> Lire la suite de l&rsquo;article&#13;<\/p>\n<p>\u00a0<\/p>\n<p>&#13;<br \/>\n\u00ab\u00a0Les trois fantastiques&#8230;\u00a0le spectacle d&rsquo;aujourd&rsquo;hui \u00e9tait magnifique\u00a0\u00bb&#13;<\/p>\n<p>Et en ce jour symbolique, Cyclism&rsquo;Actu ne pouvait pas laisser passer l&rsquo;occasion de revenir avec le dirigeant vend\u00e9en sur ces premiers jours de course, marqu\u00e9s du c\u00f4t\u00e9 de son \u00e9quipe par une 4e place d&rsquo;<strong><a href=\"https:\/\/www.cyclismactu.net\/..\/news-tour-de-france-route-anthony-turgis-ca-annonce-un-bon-tour-pour-notre-equipe-88720.html\" target=\"_blank\" rel=\"nofollow noopener\">Anthony Turgis<\/a><\/strong> \u00e0 Lille, mais \u00e9galement pas la terrible chute (parmi d&rsquo;autres) d&rsquo;<strong><a href=\"https:\/\/www.cyclismactu.net\/..\/news-tour-de-france-route-pluie-de-chutes-clavicule-pour-philipsen-bilan-medical-88784.html\" target=\"_blank\" rel=\"nofollow noopener\">Emilien Jeanniere<\/a><\/strong> dans le sprint de la 3e \u00e9tape lundi. Une multiplication de ce type d&rsquo;incident qui fait beaucoup parler&#8230; et <strong>Jean-Rene\u0301 Bernaudeau<\/strong> a justement soumis quelques id\u00e9es \u00e0 notre micro pour tenter de trouver une solution \u00e0 ce probl\u00e8me.<\/p>\n<p>&#13;<\/p>\n<p>\u00a0<\/p>\n<p>&#13;<\/p>\n<p><strong>Bonjour Jean-Rene\u0301, c&rsquo;est ton jour, mais on s&rsquo;en fout, c&rsquo;est \u00e7a ?<\/strong><\/p>\n<p>&#13;<\/p>\n<p>Non, non, c&rsquo;est pas \u00e7a, c&rsquo;est que c&rsquo;est tous les ans la m\u00eame chose, donc on va parler de sport plut\u00f4t que de mon anniversaire qui n&rsquo;int\u00e9resse personne.<\/p>\n<p>&#13;<\/p>\n<p>\u00a0<\/p>\n<p>&#13;<\/p>\n<p><strong>Il fallait savoir faire du v\u00e9lo sur cette \u00e9tape, parce que c&rsquo;\u00e9tait technique.<\/strong><\/p>\n<p>&#13;<\/p>\n<p>C&rsquo;est punchy, c&rsquo;est un beau final qui a \u00e9t\u00e9 exploit\u00e9 par les meilleurs, on savait que ce final allait \u00eatre comme \u00e7a. Le Tour de France nous fait des beaux menus, et \u00e0 nous de nous adapter.<\/p>\n<p>&#13;<\/p>\n<p>\u00a0<\/p>\n<p>&#13;<\/p>\n<p><strong>Qu&rsquo;est-ce que tu penses de ces trois fantastiques \u00e0 l&rsquo;arriv\u00e9e ? Ils sont au-dessus des autres ?<\/strong><\/p>\n<p>&#13;<\/p>\n<p>Il y en a deux, plus un qui sera dans un autre registre. Mais c&rsquo;est vrai qu&rsquo;aujourd&rsquo;hui, on a la plus grande course du monde avec les meilleurs coureurs du monde et un engagement total, donc le spectacle d&rsquo;aujourd&rsquo;hui est magnifique. On s&rsquo;y attendait, ils l&rsquo;ont fait, et je ne vois pas Pogacar laisser une victoire comme \u00e7a, donc voil\u00e0, c&rsquo;est du sport.<\/p>\n<p>&#13;<\/p>\n<p>\u00a0<\/p>\n<p>&#13;<\/p>\n<p><strong>Comment on analyse le d\u00e9but de ce tour pour votre \u00e9quipe ? Correct, avec la belle quatri\u00e8me place d&rsquo;Anthony Turgis \u00e0 Lille ? Comment va Emilien aussi ?<\/strong><\/p>\n<p>&#13;<\/p>\n<p>C&rsquo;est surtout hier le probl\u00e8me, puisque l&rsquo;\u00e9quipe est tr\u00e8s compacte, elle a \u00e9t\u00e9 bien pr\u00e9par\u00e9e. Je veux faire un hommage \u00e0 Maxime Robin, le responsable du p\u00f4le performance qui les a amen\u00e9s avec un pic de forme. Et surtout \u00e0 un groupe bien compact chez TotalEnergies, on a amen\u00e9 des coureurs qui sont un peu compl\u00e9mentaires pour cibler des \u00e9tapes quand l&rsquo;\u00e9tau va se desserrer. Alors aujourd&rsquo;hui, s&rsquo;il n&rsquo;y avait pas assez de chutes hier (lundi), il y a eu beaucoup de chutes, peut-\u00eatre beaucoup trop de chutes. On avait Anthony Turgis et Emilien Jeanni\u00e8re dans le sprint pour les 10 meilleurs, \u00e7a aurait \u00e9t\u00e9 un beau d\u00e9but de tour. Donc on va attendre de savoir ce que disent les m\u00e9decin d&rsquo;Emilien. Mais la canicule n&rsquo;est pas l\u00e0, la cicatrisation sera faite, donc voyons le bon c\u00f4t\u00e9. Je lui ai dit que c&rsquo;est tr\u00e8s dur ce qu&rsquo;il vit, mais ce qui est dur, c&rsquo;est de ne pas faire le Tour de France, donc il faut qu&rsquo;il pense \u00e0 ceux qui aimeraient \u00eatre \u00e0 sa place.<\/p>\n<p>&#13;<\/p>\n<p>\u00a0<\/p>\n<p>&#13;<\/p>\n<p><strong>Toi qui connais le v\u00e9lo par c\u0153ur, ces chutes, tout le monde en parle, mais c&rsquo;est quoi le probl\u00e8me en fait ?<\/strong><\/p>\n<p>&#13;<\/p>\n<p>D\u00e9j\u00e0, vous n&rsquo;avez pas le droit de conduire avec un t\u00e9l\u00e9phone, et nous on a le droit de parler au coureur dans l&rsquo;oreillette&#8230; Alors moi, je supprimerai d\u00e9j\u00e0 l&rsquo;oreillette tout de suite, parce qu&rsquo;aujourd&rsquo;hui, on tombe en ligne droite, il faut toujours remonter&#8230; D&rsquo;ailleurs il y a des t\u00e9moignages qu&rsquo;on entend, quand il y a des changements de direction, je peux vous assurer que tout le monde dit la m\u00eame chose au m\u00eame moment. Donc laissons faire les coureurs, cultivons l&rsquo;intelligence, cultivons les groupes, d\u00e9veloppons le capitanat dans les \u00e9quipes, pour qu&rsquo;il y ait le conflit g\u00e9n\u00e9rationnel, puisqu&rsquo;un jeune coureur de 21 ans, 22 ans, sait tr\u00e8s bien qu&rsquo;en faisant l&rsquo;int\u00e9rieur, en faisant tomber, il peut aller chercher un contrat \u00e0 un million. Mais ce m\u00eame coureur, 4 ans apr\u00e8s, peut \u00eatre papa, et sera raisonnable, donc il y a tout \u00e7a, ce conflit g\u00e9n\u00e9rationnel.<\/p>\n<p>&#13;<\/p>\n<p>Et puis la propret\u00e9, il y a des coureurs qui se fichent de tomber. On vit l\u00e0-dedans avec des enjeux colossaux, donc je pense que c&rsquo;est aux managers de remettre un petit peu d&rsquo;ordre, et moi je militerais pour d\u00e9velopper un syst\u00e8me de capitaine, qui peut parler \u00e0 un autre capitaine pour dire : \u00ab\u00a0Voil\u00e0, ton jeune, c&rsquo;est toujours le m\u00eame, c&rsquo;est toujours dangereux, c&rsquo;est d\u00e9j\u00e0 assez dangereux, qu&rsquo;est-ce qu&rsquo;on peut faire ? \u00ab\u00a0. Je cultiverais l&rsquo;entreprise, le leader, le capitaine, les \u00e9quipiers, et puis les jeunes chiens fous, qui doivent donner des garanties avant de prendre ces risques insens\u00e9s.<\/p>\n<p>&#13;<\/p>\n<p>\u00a0<\/p>\n<p>&#13;<\/p>\n<p><strong>C&rsquo;est int\u00e9ressant, parce que beaucoup disent que c&rsquo;est \u00e0 cause du mat\u00e9riel qui a \u00e9volu\u00e9, de la vitesse, mais vous, ce n&rsquo;est pas du tout \u00e7a ?<\/strong><\/p>\n<p>&#13;<\/p>\n<p>Absolument pas. Vous imaginez bien qu&rsquo;on ne peut pas discuter du mat\u00e9riel. Vous imaginez un cyclo sportif qui va avoir un v\u00e9lo plus performant qu&rsquo;un coureur pro ? Mais vous r\u00eavez ! Non, le probl\u00e8me n&rsquo;est pas l\u00e0. Le probl\u00e8me, on peut parler du braquet, oui effectivement. Les v\u00e9los sont efficaces, et parfois dans l&rsquo;aspiration, on arrive \u00e0 des vitesses folles, qui peuvent \u00eatre faites par des braquets un peu gros. Ok, r\u00e9duisons les braquets, \u00e7a c&rsquo;est \u00e9vident pour les grandes descentes&#8230;<\/p>\n<p>&#13;<\/p>\n<p>\u00a0<\/p>\n<p>&#13;<\/p>\n<p><strong>Donc l&rsquo;id\u00e9e de l&rsquo;UCI pour une limitation des braquets, qu&rsquo;ils vont tester en fin d&rsquo;ann\u00e9e, ce n&rsquo;est pas une mauvaise id\u00e9e ?<\/strong><\/p>\n<p>&#13;<\/p>\n<p>Je ne\u00a0 sais pas, c&rsquo;est le bon sens, mais il faudrait qu&rsquo;on r\u00e9unisse des experts. Nous nous sommes les acteurs, le Tour de France est la plus belle pi\u00e8ce de th\u00e9\u00e2tre qu&rsquo;on peut nous offrir, et puis il y a un gouvernement qui dirige tout \u00e7a, c&rsquo;est \u00e0 lui de trouver des solutions. Mais ce n&rsquo;est pas \u00e0 coup de rustine que \u00e7a va marcher. On en parle s\u00e9rieusement, mais je vous assure que dans le v\u00e9lo, il y a le plan A, pour les patrons qu&rsquo;on est, le plan B&#8230; mais il faut aussi d\u00e9velopper l&rsquo;instant T, et l&rsquo;instant T c&rsquo;est l&rsquo;intelligence du groupe, c&rsquo;est d\u00e9velopper le collectif. Thomas Voeckler, on lui a vol\u00e9 des victoires avec l&rsquo;oreillette, moi je suis contre l&rsquo;oreillette, parce que c&rsquo;est vraiment la force des groupes qui font rouler les Watt, alors que nous on voudrait d\u00e9velopper l&rsquo;intelligence. Et quand on a des cours intelligents, on ne fait pas l&rsquo;int\u00e9rieur b\u00eatement dans les virages.<\/p>\n<p>Tour de France &#8211; Classement de la 4\u00e8 \u00e9tape Tour de France &#8211; Classement g\u00e9n\u00e9ral provisoire apr\u00e8s la 4\u00e8 \u00e9tape<\/p>\n","protected":false},"excerpt":{"rendered":"Lire la suite de l&rsquo;article&#13; \u00a0 &#13; \u00ab\u00a0Les trois fantastiques&#8230;\u00a0le spectacle d&rsquo;aujourd&rsquo;hui \u00e9tait magnifique\u00a0\u00bb&#13; Et en ce jour&hellip;\n","protected":false},"author":2,"featured_media":236669,"comment_status":"","ping_status":"","sticky":false,"template":"","format":"standard","meta":{"footnotes":""},"categories":[1411],"tags":[1154,207,211,1011,27,209,60,210,212,208,213],"class_list":{"0":"post-236668","1":"post","2":"type-post","3":"status-publish","4":"format-standard","5":"has-post-thumbnail","7":"category-cyclisme","8":"tag-cycling","9":"tag-cyclisme","10":"tag-ffc","11":"tag-fr","12":"tag-france","13":"tag-route","14":"tag-sports","15":"tag-tour-de-france","16":"tag-uci","17":"tag-velo","18":"tag-world-tour"},"share_on_mastodon":{"url":"https:\/\/pubeurope.com\/@fr\/114821191766017160","error":""},"_links":{"self":[{"href":"https:\/\/www.europesays.com\/fr\/wp-json\/wp\/v2\/posts\/236668","targetHints":{"allow":["GET"]}}],"collection":[{"href":"https:\/\/www.europesays.com\/fr\/wp-json\/wp\/v2\/posts"}],"about":[{"href":"https:\/\/www.europesays.com\/fr\/wp-json\/wp\/v2\/types\/post"}],"author":[{"embeddable":true,"href":"https:\/\/www.europesays.com\/fr\/wp-json\/wp\/v2\/users\/2"}],"replies":[{"embeddable":true,"href":"https:\/\/www.europesays.com\/fr\/wp-json\/wp\/v2\/comments?post=236668"}],"version-history":[{"count":0,"href":"https:\/\/www.europesays.com\/fr\/wp-json\/wp\/v2\/posts\/236668\/revisions"}],"wp:featuredmedia":[{"embeddable":true,"href":"https:\/\/www.europesays.com\/fr\/wp-json\/wp\/v2\/media\/236669"}],"wp:attachment":[{"href":"https:\/\/www.europesays.com\/fr\/wp-json\/wp\/v2\/media?parent=236668"}],"wp:term":[{"taxonomy":"category","embeddable":true,"href":"https:\/\/www.europesays.com\/fr\/wp-json\/wp\/v2\/categories?post=236668"},{"taxonomy":"post_tag","embeddable":true,"href":"https:\/\/www.europesays.com\/fr\/wp-json\/wp\/v2\/tags?post=236668"}],"curies":[{"name":"wp","href":"https:\/\/api.w.org\/{rel}","templated":true}]}}