{"id":236670,"date":"2025-07-09T03:38:10","date_gmt":"2025-07-09T03:38:10","guid":{"rendered":"https:\/\/www.europesays.com\/fr\/236670\/"},"modified":"2025-07-09T03:38:10","modified_gmt":"2025-07-09T03:38:10","slug":"plusieurs-retour-a-lentrainement-a-la-veille-de-psg-real","status":"publish","type":"post","link":"https:\/\/www.europesays.com\/fr\/236670\/","title":{"rendered":"Plusieurs retour \u00e0 l\u2019entra\u00eenement \u00e0 la veille de PSG \/ Real"},"content":{"rendered":"<p><img width=\"700\" height=\"350\" src=\"https:\/\/www.europesays.com\/fr\/wp-content\/uploads\/2025\/07\/PSG-entrainement.jpg\" class=\"attachment-jannah-image-post size-jannah-image-post wp-post-image\" alt=\"Psg entra\u00eenement\" is_main_img=\"1\" decoding=\"async\" fetchpriority=\"high\"  \/><br \/>\n Image :<br \/>\npsg.fr<\/p>\n<p>Demain soir (21 heures, DAZN), le PSG affronte le Real<br \/>\nMadrid en demi-finale de la Coupe du monde des clubs. Lors de<br \/>\nl\u2019entra\u00eenement de veille de match, Luis Enrique a pu compter sur le<br \/>\nretour de plusieurs joueurs.<\/p>\n<p>Apr\u00e8s avoir \u00e9limin\u00e9 le <strong>Bayern Munich<\/strong> en quart<br \/>\nde finale de la <strong>Coupe du monde des clubs<\/strong> (2-0), le<br \/>\n<strong>PSG<\/strong> retrouve le <strong>Real Madrid<\/strong> en<br \/>\ndemi-finale pour tenter de relier la finale de la comp\u00e9tition. \u00c0 la<br \/>\nveille de cette rencontre, le club de la capitale s\u2019entra\u00eenait une<br \/>\nderni\u00e8re fois.\u00a0<a href=\"https:\/\/www.youtube.com\/watch?v=PSwjuxhMNzM\" target=\"_blank\" rel=\"noreferrer noopener\">PSG TV<\/a>\u00a0a diffus\u00e9 les quinze<br \/>\nderni\u00e8res minutes de cette s\u00e9ance.\u00a0<\/p>\n<p>A voir aussi : <a href=\"https:\/\/canal-supporters.com\/fin-de-coupe-du-monde-des-clubs-pour-pacho-et-hernandez\/\" title=\"\" target=\"_blank\" rel=\"noopener\">Fin de Coupe du monde des clubs pour Pacho et<br \/>\nHernandez<\/a><\/p>\n<p><a href=\"https:\/\/x.com\/CanalSupporters\" target=\"_blank\" rel=\"noopener\" title=\"\">canalsupporters.com<\/a><\/p>\n<p>Presnel Kimpembe<br \/>\nencore absent<\/p>\n<p>Sur les images, on peut voir que le coach du<br \/>\n<strong>PSG<\/strong> pouvait compter sur un groupe quasiment au<br \/>\ncomplet. Outre <strong>Willian Pacho<\/strong> et <strong>Lucas<br \/>\nHernandez<\/strong>, qui ont \u00e9t\u00e9 autoris\u00e9s \u00e0\u00a0<a href=\"https:\/\/canal-supporters.com\/willian-pacho-et-lucas-hernandez-quittent-le-groupe\/\" target=\"_blank\" rel=\"noopener\">quitter<br \/>\nle groupe<\/a>\u00a0vu qu\u2019ils ne pourront pas jouer la demi-finale<br \/>\net la possible finale en raison de leurs cartons rouges re\u00e7us<br \/>\ncontre le <strong>Bayern<\/strong>, <strong>Presnel<br \/>\nKimpembe<\/strong> n\u2019\u00e9tait \u00e9galement pas pr\u00e9sent \u00e0 l\u2019entra\u00eenement<br \/>\ncollectif. Le titi ne s\u2019entra\u00eene plus avec ses co\u00e9quipiers depuis<br \/>\nla semaine derni\u00e8re et un coup re\u00e7u \u00e0 l\u2019entra\u00eenement.\u00a0<a href=\"https:\/\/canal-supporters.com\/psg-quelques-absences-lors-du-dernier-entrainement-a-atlanta\/\" target=\"_blank\" rel=\"noopener\">Laiss\u00e9s<br \/>\nau repos<\/a>\u00a0lors de la s\u00e9ance de dimanche, <strong>Fabian<br \/>\nRuiz<\/strong> et <strong>Achraf Hakimi<\/strong> \u00e9taient bien de<br \/>\nretour ce mardi. C\u2019est \u00e9galement le cas pour <strong>Gabriel<br \/>\nMoscardo<\/strong>.\u00a0<\/p><\/p>\n","protected":false},"excerpt":{"rendered":"Image : psg.fr Demain soir (21 heures, DAZN), le PSG affronte le Real Madrid en demi-finale de la&hellip;\n","protected":false},"author":2,"featured_media":236671,"comment_status":"","ping_status":"","sticky":false,"template":"","format":"standard","meta":{"footnotes":""},"categories":[1410],"tags":[14568,81,30640,7151,787,11170,6769,37566,14700,63,1011,27,30942,17476,37380,14414,17477,37567,13196,626,91,92,14418,93,37568,36967,37569,37570,36662,60,96,13197],"class_list":{"0":"post-236670","1":"post","2":"type-post","3":"status-publish","4":"format-standard","5":"has-post-thumbnail","7":"category-football","8":"tag-achraf-hakimi","9":"tag-canal-supporters","10":"tag-cdm-des-clubs","11":"tag-coupe-du-monde-des-clubs","12":"tag-cs","13":"tag-demi-finale","14":"tag-entrainement","15":"tag-entrainement-de-veille-de-match","16":"tag-fabian-ruiz","17":"tag-football","18":"tag-fr","19":"tag-france","20":"tag-gabriel-moscardo","21":"tag-hakimi","22":"tag-hernandez","23":"tag-kimpembe","24":"tag-lucas-hernandez","25":"tag-moscardo","26":"tag-pacho","27":"tag-paris","28":"tag-paris-saint-germain","29":"tag-paris-sg","30":"tag-presnel-kimpembe","31":"tag-psg","32":"tag-psg-real","33":"tag-psg-real-madrid","34":"tag-psg-rma","35":"tag-psgrma","36":"tag-ruiz","37":"tag-sports","38":"tag-une","39":"tag-willian-pacho"},"share_on_mastodon":{"url":"https:\/\/pubeurope.com\/@fr\/114821195735216838","error":""},"_links":{"self":[{"href":"https:\/\/www.europesays.com\/fr\/wp-json\/wp\/v2\/posts\/236670","targetHints":{"allow":["GET"]}}],"collection":[{"href":"https:\/\/www.europesays.com\/fr\/wp-json\/wp\/v2\/posts"}],"about":[{"href":"https:\/\/www.europesays.com\/fr\/wp-json\/wp\/v2\/types\/post"}],"author":[{"embeddable":true,"href":"https:\/\/www.europesays.com\/fr\/wp-json\/wp\/v2\/users\/2"}],"replies":[{"embeddable":true,"href":"https:\/\/www.europesays.com\/fr\/wp-json\/wp\/v2\/comments?post=236670"}],"version-history":[{"count":0,"href":"https:\/\/www.europesays.com\/fr\/wp-json\/wp\/v2\/posts\/236670\/revisions"}],"wp:featuredmedia":[{"embeddable":true,"href":"https:\/\/www.europesays.com\/fr\/wp-json\/wp\/v2\/media\/236671"}],"wp:attachment":[{"href":"https:\/\/www.europesays.com\/fr\/wp-json\/wp\/v2\/media?parent=236670"}],"wp:term":[{"taxonomy":"category","embeddable":true,"href":"https:\/\/www.europesays.com\/fr\/wp-json\/wp\/v2\/categories?post=236670"},{"taxonomy":"post_tag","embeddable":true,"href":"https:\/\/www.europesays.com\/fr\/wp-json\/wp\/v2\/tags?post=236670"}],"curies":[{"name":"wp","href":"https:\/\/api.w.org\/{rel}","templated":true}]}}