{"id":236672,"date":"2025-07-09T03:39:09","date_gmt":"2025-07-09T03:39:09","guid":{"rendered":"https:\/\/www.europesays.com\/fr\/236672\/"},"modified":"2025-07-09T03:39:09","modified_gmt":"2025-07-09T03:39:09","slug":"senna-secret-story-cest-tout-a-son-honneur-bravo-a-lui-il-est-toujours-reste-humble-cest-super-quil-soit-responsable-les-internautes-saluent-levolution-de-lancien-candidat-de-tel","status":"publish","type":"post","link":"https:\/\/www.europesays.com\/fr\/236672\/","title":{"rendered":"Senna (Secret Story) &#8211; \u00ab\u00a0C&rsquo;est tout \u00e0 son honneur\u00a0\u00bb, \u00ab\u00a0Bravo \u00e0 lui\u00a0\u00bb, \u00ab\u00a0Il est toujours rest\u00e9 humble\u00a0\u00bb, \u00ab\u00a0C&rsquo;est super qu&rsquo;il soit responsable\u00a0\u00bb : les internautes saluent l&rsquo;\u00e9volution de l&rsquo;ancien candidat de t\u00e9l\u00e9-r\u00e9alit\u00e9"},"content":{"rendered":"<p>\u00ab\u00a0\u00c7a va Senna !\u00a0\u00bb, tous les fans de \u00ab\u00a0<a data-i13n=\"cpos:1;pos:1\" href=\"https:\/\/fr.style.yahoo.com\/melanie-da-cruz-anthony-martial-tromperie-154145339.html\" data-ylk=\"slk:Secret Story&quot;;cpos:1;pos:1;elm:context_link;itc:0;sec:content-canvas;outcm:mb_qualified_link;_E:mb_qualified_link;ct:story;\" class=\"link  yahoo-link\" rel=\"nofollow noopener\" target=\"_blank\">Secret Story\u00a0\u00bb <\/a>se souviennent de cette dispute m\u00e9morable qui avait oppos\u00e9 Senna \u00e0 son ex Am\u00e9lie, dans la saison 4 du programme de TF1 en 2010. Mais en quinze ans, la situation des deux candidats a bien chang\u00e9. Senna s&rsquo;est \u00e9loign\u00e9 des projecteurs, mais refait une petite apparition dans l&rsquo;\u00e9mission \u00ab\u00a0Que sont-ils devenus ?\u00a0\u00bb diffus\u00e9e le mardi sur RTL plug et RTL play.<\/p>\n<p>\u00ab\u00a0Il a l&rsquo;air plus heureux\u00a0\u00bb<\/p>\n<p>\u00c0 35 ans, Senna est d\u00e9sormais -pour la deuxi\u00e8me fois- <a data-i13n=\"cpos:2;pos:1\" href=\"https:\/\/fr.style.yahoo.com\/justin-bieber-accuse-detre-un-mauvais-pere-ne-fume-pas-devant-ton-bebe-quel-exemple-tu-lui-donnes-il-serait-temps-de-grandir-les-internautes-en-colere-contre-le-chanteur-121129409.html\" data-ylk=\"slk:papa;cpos:2;pos:1;elm:context_link;itc:0;sec:content-canvas;outcm:mb_qualified_link;_E:mb_qualified_link;ct:story;\" class=\"link  yahoo-link\" rel=\"nofollow noopener\" target=\"_blank\">papa <\/a>d&rsquo;un petit L\u00e9o, n\u00e9 de sa relation avec <a data-i13n=\"cpos:3;pos:1\" href=\"https:\/\/fr.style.yahoo.com\/mikayla-raines-une-influenceuse-americaine-victime-de-harcelement-sest-suicidee-elle-ne-pouvait-plus-supporter-ce-quelle-ressentait-110047519.html\" data-ylk=\"slk:l&#039;influenceuse;cpos:3;pos:1;elm:context_link;itc:0;sec:content-canvas;outcm:mb_qualified_link;_E:mb_qualified_link;ct:story;\" class=\"link  yahoo-link\" rel=\"nofollow noopener\" target=\"_blank\">l&rsquo;influenceuse<\/a> Marine Mametz. Il est aussi couvreur, et travaille sur les toits de Paris d\u00e8s 8h du matin.<\/p>\n<p>Une reconversion salu\u00e9e par les internautes : \u00ab\u00a0C\u2019est tout \u00e0 son honneur, bravo \u00e0 lui\u00a0\u00bb, \u00ab\u00a0C\u2019est super qu\u2019il ait trouv\u00e9 un boulot, qu\u2019il soit responsable\u00a0\u00bb, \u00ab\u00a0Il a eu raison de tourner cette page malsaine. Quand je vois comment certain(e)s sont devenu(e)s&#8230; Il a eu raison de quitter tout cela\u00a0\u00bb, \u00ab\u00a0Il est toujours rest\u00e9 humble\u00a0\u00bb, \u00ab\u00a0Le fait d&rsquo;avoir un enfant \u00e7a fait r\u00e9fl\u00e9chir&#8230; La TV c&rsquo;est bien pour les jeunes c\u00e9libataires \u00e9tudiants. \u00c7a leur appartient, les plus adultes avec une famille n&rsquo;ont pas le temps&#8230; Bravo Monsieur\u00a0\u00bb, \u00ab\u00a0Il a l&rsquo;air plus heureux\u00a0\u00bb, se r\u00e9jouissent les utilisateurs d&rsquo;Instagram dans l&rsquo;espace commentaire sous la publication Instagram de la cha\u00eene belge RTL TVI. Dans la vid\u00e9o publi\u00e9e par la cha\u00eene, Senna pr\u00e9sente sa nouvelle vie.<\/p>\n<p>Sur <a data-i13n=\"cpos:4;pos:1\" href=\"https:\/\/www.instagram.com\/reel\/CzRkTtLrBpY\/?utm_source=ig_embed\" rel=\"nofollow noopener\" target=\"_blank\" data-ylk=\"slk:Instagram;cpos:4;pos:1;elm:context_link;itc:0;sec:content-canvas\" class=\"link \">Instagram<\/a>, en 2023, Senna avait pris la parole, affirmant avoir v\u00e9cu \u00e0 partir de ses 22 ans, quelques temps apr\u00e8s sa sortie de \u00ab\u00a0Secret Story\u00a0\u00bb sous l&#8217;emprise d&rsquo;une femme bien plus \u00e2g\u00e9e que lui pendant plusieurs ann\u00e9es : \u00ab\u00a0La prostitution, la drogue, le monde de la nuit\u00a0\u00bb \u00e9taient devenus son quotidien \u00e0 la suite de cette rencontre toxique. Le jeune homme a eu un d\u00e9clic apr\u00e8s la mort de son p\u00e8re, en 2022 : \u00ab\u00a0J&rsquo;ai d\u00e9m\u00e9nag\u00e9, j&rsquo;ai retrouv\u00e9 go\u00fbt \u00e0 la vie\u00a0\u00bb, a finalement conclu l&rsquo;ex candidat. Un changement de vie qui semble lui r\u00e9ussir.<\/p>\n<p><script async src=\"\/\/www.instagram.com\/embed.js\"><\/script><\/p>\n","protected":false},"excerpt":{"rendered":"\u00ab\u00a0\u00c7a va Senna !\u00a0\u00bb, tous les fans de \u00ab\u00a0Secret Story\u00a0\u00bb se souviennent de cette dispute m\u00e9morable qui avait&hellip;\n","protected":false},"author":2,"featured_media":236673,"comment_status":"","ping_status":"","sticky":false,"template":"","format":"standard","meta":{"footnotes":""},"categories":[1359],"tags":[58,59,1011,27,973,29901],"class_list":{"0":"post-236672","1":"post","2":"type-post","3":"status-publish","4":"format-standard","5":"has-post-thumbnail","7":"category-people","8":"tag-divertissement","9":"tag-entertainment","10":"tag-fr","11":"tag-france","12":"tag-people","13":"tag-secret-story"},"share_on_mastodon":{"url":"https:\/\/pubeurope.com\/@fr\/114821199566643117","error":""},"_links":{"self":[{"href":"https:\/\/www.europesays.com\/fr\/wp-json\/wp\/v2\/posts\/236672","targetHints":{"allow":["GET"]}}],"collection":[{"href":"https:\/\/www.europesays.com\/fr\/wp-json\/wp\/v2\/posts"}],"about":[{"href":"https:\/\/www.europesays.com\/fr\/wp-json\/wp\/v2\/types\/post"}],"author":[{"embeddable":true,"href":"https:\/\/www.europesays.com\/fr\/wp-json\/wp\/v2\/users\/2"}],"replies":[{"embeddable":true,"href":"https:\/\/www.europesays.com\/fr\/wp-json\/wp\/v2\/comments?post=236672"}],"version-history":[{"count":0,"href":"https:\/\/www.europesays.com\/fr\/wp-json\/wp\/v2\/posts\/236672\/revisions"}],"wp:featuredmedia":[{"embeddable":true,"href":"https:\/\/www.europesays.com\/fr\/wp-json\/wp\/v2\/media\/236673"}],"wp:attachment":[{"href":"https:\/\/www.europesays.com\/fr\/wp-json\/wp\/v2\/media?parent=236672"}],"wp:term":[{"taxonomy":"category","embeddable":true,"href":"https:\/\/www.europesays.com\/fr\/wp-json\/wp\/v2\/categories?post=236672"},{"taxonomy":"post_tag","embeddable":true,"href":"https:\/\/www.europesays.com\/fr\/wp-json\/wp\/v2\/tags?post=236672"}],"curies":[{"name":"wp","href":"https:\/\/api.w.org\/{rel}","templated":true}]}}