{"id":236682,"date":"2025-07-09T03:44:35","date_gmt":"2025-07-09T03:44:35","guid":{"rendered":"https:\/\/www.europesays.com\/fr\/236682\/"},"modified":"2025-07-09T03:44:35","modified_gmt":"2025-07-09T03:44:35","slug":"isabelle-adjani-explique-son-refus-de-parler-de-son-age-rachida-dati-a-rencontre-lidole-de-sa-fille","status":"publish","type":"post","link":"https:\/\/www.europesays.com\/fr\/236682\/","title":{"rendered":"Isabelle Adjani explique son refus de parler de son \u00e2ge\u2026 Rachida Dati a rencontr\u00e9 \u00ab\u00a0l\u2019idole\u00a0\u00bb de sa fille\u2026"},"content":{"rendered":"<p>8\u00a0juillet 2025<\/p>\n<p>Le joli message de Le\u00efla Bekhti \u00e0 Tahar Rahim pour leurs 16 ans d\u2019amour<\/p>\n<p>L\u2019actrice a rendu un bel hommage sur Instagram \u00e0 son \u00e9poux, <a href=\"https:\/\/www.20minutes.fr\/arts-stars\/people\/4154701-20250521-alex-lutz-fait-gronder-guns-roses-sortent-best-of-plus-belles-chutes-axl-rose\" target=\"_blank\" class=\"color-ultramarine c-link\" rel=\"noopener\">le com\u00e9dien Tahar Rahim<\/a>, pour leurs 16 ans de relation. Le couple, qui s\u2019est rencontr\u00e9 <a href=\"https:\/\/www.20minutes.fr\/cinema\/348301-20090917-un-prophete-selectionne-oscars\" target=\"_blank\" class=\"color-ultramarine c-link\" rel=\"noopener\">sur le tournage du film <\/a>Un proph\u00e8te (2009), s\u2019est mari\u00e9 en\u00a02010 et a accueilli depuis quatre enfants, deux filles et deux gar\u00e7ons.<\/p>\n<p>\u00ab\u00a0Rien n\u2019a boug\u00e9 depuis nos premiers \u00ab\u00a0je t\u2019aime\u00a0\u00bb. \u00c7a fait 16 ans qu\u2019on sort ensemble depuis deux semaines\u00a0\u00bb, a \u00e9crit Le\u00efla Bekhti dans la l\u00e9gende d\u2019une <a href=\"https:\/\/www.instagram.com\/p\/DLr-1VstMoW\/\" rel=\"nofollow noopener\" target=\"_blank\" class=\"color-ultramarine c-link\">photo<\/a> en noir et blanc de son mari, enfant. \u00ab\u00a0Ta peine est ma peine, ma vie est la tienne. Ta famille et la mienne sont la m\u00eame\u00a0\u00bb, a-t-elle conclu.<\/p>\n<p>Isabelle Adjani explique pourquoi elle n\u2019aime pas qu\u2019on dise son \u00e2ge<\/p>\n<p>Rachida Dati pose avec L\u00e9na Situations, \u00ab\u00a0l\u2019idole\u00a0\u00bb de sa fille<\/p>\n<p>La ministre de la Culture et l\u2019influenceuse se sont rencontr\u00e9es \u00e0 l\u2019occasion de la remise des insignes de chevalier de l\u2019ordre et des Arts et des Lettres au styliste italien Giambattista Valli. Et Rachida Dati n\u2019a pu s\u2019emp\u00eacher de partager un petit moment de confidences avec <a href=\"https:\/\/www.20minutes.fr\/arts-stars\/cinema\/4155563-20250526-lena-situations-va-bientot-affronter-araignees-geantes-film-horreur\" target=\"_blank\" class=\"color-ultramarine c-link\" rel=\"noopener\">L\u00e9na Mahfouf<\/a>, alias L\u00e9na Situations.<\/p>\n<p>La fashionista compte en effet parmi ses fans la fille adolescente de la femme politique, <a href=\"https:\/\/www.20minutes.fr\/arts-stars\/people\/4159336-20250619-vaimalama-chaves-evoque-rupture-nicolas-fleury-rachida-dati-parle-portable-fille-14-ans\" target=\"_blank\" class=\"color-ultramarine c-link\" rel=\"noopener\">Zohra<\/a>, qui est \u00ab\u00a0obs\u00e9d\u00e9e\u00a0\u00bb par le contenu propos\u00e9 par L\u00e9na Situations, comme l\u2019a d\u00e9voil\u00e9 l\u2019ancienne garde des Sceaux dans une <a href=\"https:\/\/www.instagram.com\/p\/DL0OCAvIXwI\/?hl=fr\" rel=\"nofollow noopener\" target=\"_blank\" class=\"color-ultramarine c-link\">vid\u00e9o<\/a> publi\u00e9e par Paris Match. Cette rencontre s\u2019est alors sold\u00e9e par une photo entre l\u2019influenceuse et la ministre, qui ne manquera pas de rendre la jeune Zohra verte de jalousie\u00a0!<\/p>\n<p><script async src=\"\/\/www.instagram.com\/embed.js\"><\/script><\/p>\n","protected":false},"excerpt":{"rendered":"8\u00a0juillet 2025 Le joli message de Le\u00efla Bekhti \u00e0 Tahar Rahim pour leurs 16 ans d\u2019amour L\u2019actrice a&hellip;\n","protected":false},"author":2,"featured_media":236683,"comment_status":"","ping_status":"","sticky":false,"template":"","format":"standard","meta":{"footnotes":""},"categories":[1354],"tags":[58,59,2702,1346,1011,27,27053,7410,23975,2616,1360,973,417,133],"class_list":{"0":"post-236682","1":"post","2":"type-post","3":"status-publish","4":"format-standard","5":"has-post-thumbnail","7":"category-films","8":"tag-divertissement","9":"tag-entertainment","10":"tag-fil-des-stars","11":"tag-films","12":"tag-fr","13":"tag-france","14":"tag-isabelle-adjani","15":"tag-leila-bekhti","16":"tag-lena-situations","17":"tag-ministre-de-la-culture","18":"tag-movies","19":"tag-people","20":"tag-rachida-dati","21":"tag-video"},"share_on_mastodon":{"url":"https:\/\/pubeurope.com\/@fr\/114821219469635525","error":""},"_links":{"self":[{"href":"https:\/\/www.europesays.com\/fr\/wp-json\/wp\/v2\/posts\/236682","targetHints":{"allow":["GET"]}}],"collection":[{"href":"https:\/\/www.europesays.com\/fr\/wp-json\/wp\/v2\/posts"}],"about":[{"href":"https:\/\/www.europesays.com\/fr\/wp-json\/wp\/v2\/types\/post"}],"author":[{"embeddable":true,"href":"https:\/\/www.europesays.com\/fr\/wp-json\/wp\/v2\/users\/2"}],"replies":[{"embeddable":true,"href":"https:\/\/www.europesays.com\/fr\/wp-json\/wp\/v2\/comments?post=236682"}],"version-history":[{"count":0,"href":"https:\/\/www.europesays.com\/fr\/wp-json\/wp\/v2\/posts\/236682\/revisions"}],"wp:featuredmedia":[{"embeddable":true,"href":"https:\/\/www.europesays.com\/fr\/wp-json\/wp\/v2\/media\/236683"}],"wp:attachment":[{"href":"https:\/\/www.europesays.com\/fr\/wp-json\/wp\/v2\/media?parent=236682"}],"wp:term":[{"taxonomy":"category","embeddable":true,"href":"https:\/\/www.europesays.com\/fr\/wp-json\/wp\/v2\/categories?post=236682"},{"taxonomy":"post_tag","embeddable":true,"href":"https:\/\/www.europesays.com\/fr\/wp-json\/wp\/v2\/tags?post=236682"}],"curies":[{"name":"wp","href":"https:\/\/api.w.org\/{rel}","templated":true}]}}