{"id":236685,"date":"2025-07-09T03:47:10","date_gmt":"2025-07-09T03:47:10","guid":{"rendered":"https:\/\/www.europesays.com\/fr\/236685\/"},"modified":"2025-07-09T03:47:10","modified_gmt":"2025-07-09T03:47:10","slug":"sous-les-mega-concerts-doasis-et-dozzy-osbourne-leffacement-dun-nerf-central-du-rock-la-classe-ouvriere-liberation","status":"publish","type":"post","link":"https:\/\/www.europesays.com\/fr\/236685\/","title":{"rendered":"Sous les m\u00e9ga-concerts d\u2019Oasis et d\u2019Ozzy Osbourne, l\u2019effacement d\u2019un nerf central du rock : la classe ouvri\u00e8re &#8211; Lib\u00e9ration"},"content":{"rendered":"<ol>\n<li><a href=\"https:\/\/news.google.com\/rss\/articles\/CBMijwJBVV95cUxQVUQ0OEhGRTBGMmwxODFkQjRBM0lJMHdBeHZRbF95dUNDc2NRVUowWWZlTFg2TkdfSUlsM1gzdzZWNk5felNrVUhyZ1dwNzhZVDZHSW8xR2ctSmZUREo0Njl1RVlmMmw4Yjg4XzE0aFBZOGhSRWNzN3o3WlVrek52ekNWelY3Ujh4ekgwSmdPcG5iNkl1bUQ4Z0hQbFdnYVc4NFRLOGFMWkVxR252bDhwb0JCOVVfVHFiNGc5cXFSUV94cnEzTTlVN0FCdTVXYkdCbHZNU1g1aXdwMXh5V3FMY3dzTEV2V1ZQQkd2NW1DS1NJMl9pd2VOamNjYjVDR2xvWV9uQmhZamU3LUl4UV84?oc=5\" target=\"_blank\" rel=\"noopener\">Sous les m\u00e9ga-concerts d\u2019Oasis et d\u2019Ozzy Osbourne, l\u2019effacement d\u2019un nerf central du rock : la classe ouvri\u00e8re<\/a>&nbsp;&nbsp;Lib\u00e9ration<\/li>\n<li><a href=\"https:\/\/news.google.com\/rss\/articles\/CBMikgFBVV95cUxQbzZ0dkRIT0RJdm5uN2taR3JIeE9nb2dsT3lBZzJYdzdITkt6aGpudFBBR1ZTbDBDSUtpcjZaSUhSdldmV2lBblo2b1E0eXotenNZR25mUkRZOXRadzNWOEhhVkEyMzZ3b1FobnJ4V0ZEdC1Ja2hXYTZuZTdnNVRLWkN2S21KV2Z4b1ZVa3dBRGJvQQ?oc=5\" target=\"_blank\" rel=\"noopener\">Oasis : le retour des fr\u00e8res Gallagher sur sc\u00e8ne est-il r\u00e9ussi ?<\/a>&nbsp;&nbsp;L&rsquo;\u00c9claireur Fnac<\/li>\n<li><a href=\"https:\/\/news.google.com\/rss\/articles\/CBMiywFBVV95cUxNdHFHX1R3UV9nUUxHUThYZkRtSURvUVl0amtXMEIzOTk5cGFEZTVyWmppOUtiN3FnUnhPZEJOMlpYVmlIaE9lZTdUa2dMZmQza2dINUZwS0RvQWxpS2tQNlNZWm9rdWl3WDZUXzhrTFJhZnF2Y0ZiQ3NXM1d6TVBiaVd3TGxEMHI4RU4xRjdQWWN0VWVJRjVZVDVoLTA5cjNlNlNKNFZvRVItUXFCMS1Dd2RnMEgxYTFNQ2cxMkRCNGxwOGpZRkVwUDBkMA?oc=5\" target=\"_blank\" rel=\"noopener\">Musique : le groupe Oasis remonte sur sc\u00e8ne seize ans apr\u00e8s sa s\u00e9paration<\/a>&nbsp;&nbsp;France Info<\/li>\n<li><a href=\"https:\/\/news.google.com\/rss\/articles\/CBMi5wFBVV95cUxOV0NxVW5IYUc5VEp5ZWNqSVpPREoxTzZEQjh2ZThrQmMwbGJRZVg4S0tkanV3aHNMcWI4bU9NOU5hcVF2eXNqY19xdEFvbzlEZ3hIRXVMMzJTNWZSQ2FlUzhjSVhPRUpLZ0x6TFA0LTdxNFZCZ1FRajkxbTBFa2d2NmlLcWlHbTJIS1drcUZIQ29kOVVBY1lUQm13YnoweUQ4N2Vzb2FDT25mcnFvY1p1VXdad1N4bXpuQlZoVmhFWV9qYUtaN292TmpDbm5Pbzc2Y0tkajlHek5lVjFfQ0xoRVVOaVhvUHc?oc=5\" target=\"_blank\" rel=\"noopener\">En 1995, le groupe de rock l\u00e9gendaire Oasis lui d\u00e9dicace son CV dans les rues de Nantes<\/a>&nbsp;&nbsp;Maville Angers<\/li>\n<li><a href=\"https:\/\/news.google.com\/rss\/articles\/CBMiigJBVV95cUxPUmdmLUNxZVRRTi1SVTd3SG5FSF92eHByNGtUU29jUjRYTU5GZWx6N1FhdDJHdXJnRXF4bnpjYndsT0U0RVA4SzR4dmd5aVVEeGRjRjUyVXBRbHJ3Qnd4Y2x3a3g2WDhtOGtCbVZtczlxS2FVZEpXbHdJLUYzUlJPMEF3bzBkeTJRY3RZMHQ5cWYtdU5QQ3VwMGc4YzFZUTMxVVFpWFlTU1lid0ltM0dfeDZBOUlLT2lRaHVnSW52dzkzaTQ3M0dHNzRRd3A0NW04Z0VyT0xLaUNwZ1M3bWk4dFczV1NIcHQyWXhZSzhKQnFBLVc3eWpvWXFFRXB0T2RSUkhmWXpFdFBwUQ?oc=5\" target=\"_blank\" rel=\"noopener\">Les fr\u00e8res Gallagher de retour sur sc\u00e8ne apr\u00e8s 15 ans de brouille : leur avis bien tranch\u00e9 sur les tensions entre les princes William et Harry<\/a>&nbsp;&nbsp;Gala<\/li>\n<\/ol>\n","protected":false},"excerpt":{"rendered":"Sous les m\u00e9ga-concerts d\u2019Oasis et d\u2019Ozzy Osbourne, l\u2019effacement d\u2019un nerf central du rock : la classe ouvri\u00e8re&nbsp;&nbsp;Lib\u00e9ration Oasis&hellip;\n","protected":false},"author":2,"featured_media":236686,"comment_status":"","ping_status":"","sticky":false,"template":"","format":"standard","meta":{"footnotes":""},"categories":[8],"tags":[58,59,1011,27,7040,473],"class_list":{"0":"post-236685","1":"post","2":"type-post","3":"status-publish","4":"format-standard","5":"has-post-thumbnail","7":"category-divertissement","8":"tag-divertissement","9":"tag-entertainment","10":"tag-fr","11":"tag-france","12":"tag-rock","13":"tag-royaume-uni"},"share_on_mastodon":{"url":"https:\/\/pubeurope.com\/@fr\/114821231242162590","error":""},"_links":{"self":[{"href":"https:\/\/www.europesays.com\/fr\/wp-json\/wp\/v2\/posts\/236685","targetHints":{"allow":["GET"]}}],"collection":[{"href":"https:\/\/www.europesays.com\/fr\/wp-json\/wp\/v2\/posts"}],"about":[{"href":"https:\/\/www.europesays.com\/fr\/wp-json\/wp\/v2\/types\/post"}],"author":[{"embeddable":true,"href":"https:\/\/www.europesays.com\/fr\/wp-json\/wp\/v2\/users\/2"}],"replies":[{"embeddable":true,"href":"https:\/\/www.europesays.com\/fr\/wp-json\/wp\/v2\/comments?post=236685"}],"version-history":[{"count":0,"href":"https:\/\/www.europesays.com\/fr\/wp-json\/wp\/v2\/posts\/236685\/revisions"}],"wp:featuredmedia":[{"embeddable":true,"href":"https:\/\/www.europesays.com\/fr\/wp-json\/wp\/v2\/media\/236686"}],"wp:attachment":[{"href":"https:\/\/www.europesays.com\/fr\/wp-json\/wp\/v2\/media?parent=236685"}],"wp:term":[{"taxonomy":"category","embeddable":true,"href":"https:\/\/www.europesays.com\/fr\/wp-json\/wp\/v2\/categories?post=236685"},{"taxonomy":"post_tag","embeddable":true,"href":"https:\/\/www.europesays.com\/fr\/wp-json\/wp\/v2\/tags?post=236685"}],"curies":[{"name":"wp","href":"https:\/\/api.w.org\/{rel}","templated":true}]}}