{"id":236689,"date":"2025-07-09T03:49:20","date_gmt":"2025-07-09T03:49:20","guid":{"rendered":"https:\/\/www.europesays.com\/fr\/236689\/"},"modified":"2025-07-09T03:49:20","modified_gmt":"2025-07-09T03:49:20","slug":"elon-musk-realise-quil-a-lui-meme-plombe-tesla","status":"publish","type":"post","link":"https:\/\/www.europesays.com\/fr\/236689\/","title":{"rendered":"Elon Musk r\u00e9alise qu&rsquo;il a lui-m\u00eame plomb\u00e9 Tesla"},"content":{"rendered":"<p itemprop=\"description\">Elon Musk a semble-t-il pris conscience des r\u00e9percussions de ses agissements de ces derniers mois. Le milliardaire reconna\u00eet que son implication en politique a plomb\u00e9 Tesla. H\u00e9las, les ennuis de la marque am\u00e9ricaine ne sont toujours pas termin\u00e9s.<\/p>\n<p>EN BREF<\/p>\n<ul class=\"bloc_resume_post_list\">\n<li>\n<p>\t\t\t\t\t\t\t\tDepuis le d\u00e9but de l&rsquo;ann\u00e9e, Tesla traverse une crise sans pr\u00e9c\u00e9dent, avec des ventes en chute libre.\n\t\t\t\t\t\t<\/li>\n<li>\n<p>\t\t\t\t\t\t\t\tElon Musk reconna\u00eet aujourd&rsquo;hui que cette crise est due \u00e0 ses agissements en politique.\n\t\t\t\t\t\t<\/li>\n<li>\n<p>\t\t\t\t\t\t\t\tLes nouvelles mesures prises par Donald Trump pourraient causer de nouvelles difficult\u00e9s \u00e0 Tesla.\n\t\t\t\t\t\t<\/li>\n<\/ul>\n<p style=\"font-weight: 400;\">Depuis le d\u00e9but de l\u2019ann\u00e9e, Tesla traverse une crise sans pr\u00e9c\u00e9dent. Aujourd\u2019hui, alors que les ventes ne remontent pas, Elon Musk reconna\u00eet son \u00e9chec. <strong>Le milliardaire reconna\u00eet que la situation de la marque est due \u00e0 son implication en politique,<\/strong> et \u00e0 ses prises de position discutables. Malheureusement, la sortie de crise pourrait \u00eatre plus longue \u00e0 arriver\u2026<\/p>\n<p>    <strong>Tesla plomb\u00e9e par son propre PDG<\/strong> <\/p>\n<p style=\"font-weight: 400;\">En 2024, le <a href=\"https:\/\/www.autoplus.fr\/environnement\/tesla-model-y-restyle-avec-le-bonus-ecologique-les-ventes-vont-elles-decoller-1385815.html\" target=\"_blank\" rel=\"noopener nofollow\">Tesla Model Y<\/a> \u00e9tait la voiture la plus vendue au monde. Une voiture \u00e9lectrique, une premi\u00e8re dans l\u2019histoire de l\u2019automobile. Mais depuis, la situation de <a href=\"https:\/\/www.tesla.com\/fr_fr\/\" target=\"_blank\" rel=\"noopener nofollow\">la marque<\/a> am\u00e9ricaine s\u2019est passablement d\u00e9grad\u00e9e. En cause, les frasques de son PDG, Elon Musk. Ce dernier s\u2019est en effet impliqu\u00e9 dans la vie politique am\u00e9ricaine, d\u2019abord <strong>en soutenant Donald Trump pendant la campagne pr\u00e9sidentielle.<\/strong><\/p>\n<p style=\"font-weight: 400;\">Par la suite, le milliardaire s\u2019est investi au sein de l\u2019administration Trump, notamment durant son mandat au DOGE (d\u00e9partement de l\u2019efficacit\u00e9 gouvernementale). <strong>C\u2019est justement \u00e0 ce moment que les ventes de Tesla ont commenc\u00e9 \u00e0 chuter, bien aid\u00e9es par les campagnes de boycott.<\/strong> Il y a quelques mois, Elon Musk annon\u00e7ait quitter le gouvernement. Ce qui laissait alors penser que la marque am\u00e9ricaine reprendrait des couleurs. Mais, malheureusement, \u00e7a n\u2019a pas \u00e9t\u00e9 le cas. D\u2019autant que, outre l\u2019image du constructeur, <strong>certaines mesures prises par Donald Trump ont enfonc\u00e9 un peu plus Tesla.<\/strong> On pense notamment aux droits de douane, ou encore \u00e0 la fameuse <a href=\"https:\/\/www.autoplus.fr\/actualite\/elon-musk-alimente-la-polemique-autour-de-la-loi-fiscale-de-donald-trump-1383463.html\" target=\"_blank\" rel=\"noopener nofollow\">loi budg\u00e9taire<\/a>.<\/p>\n<p>    <img loading=\"lazy\" decoding=\"async\" aria-describedby=\"caption-attachment-1377768\" itemprop=\"thumbnailUrl\" class=\"size-full wp-image-1377768 img-responsive \" src=\"https:\/\/www.europesays.com\/fr\/wp-content\/uploads\/2025\/06\/tesla-model_y-2025-hd-d8812f521bbe61d67bbc734329cfc09a99232bdaf.jpg\" alt=\"Tesla Model Y\" width=\"1500\" height=\"1125\"\/> \u00a9  Tesla<\/p>\n<p id=\"caption-attachment-1377768\" class=\"wp-caption-text\">Les ventes de Tesla n\u00a0\u00bbont cess\u00e9 de chuter depuis le d\u00e9but de l&rsquo;ann\u00e9e.<\/p>\n<p> <strong>Elon Musk remet une pi\u00e8ce dans la machine<\/strong> <\/p>\n<p style=\"font-weight: 400;\">Cette loi budg\u00e9taire, justement, a caus\u00e9 du tort \u00e0 la marque. En effet, le \u00ab\u00a0Big Beautiful Bill\u00a0\u00bb, sign\u00e9 par Donald Trump il y a quelques jours, doit mettre fin \u00e0 certains proc\u00e9d\u00e9s qui rapportaient gros \u00e0 Tesla depuis plusieurs ann\u00e9es. <strong>Dont les cr\u00e9dits pour la qualit\u00e9 de l\u2019air, que la marque pouvait revendre aux constructeurs produisant des mod\u00e8les thermiques.<\/strong><\/p>\n<p style=\"font-weight: 400;\">Par ailleurs, d\u2019autres m\u00e9canismes sont cibl\u00e9s par cette nouvelle loi. Dans le cadre de sa lutte acharn\u00e9e contre la voiture \u00e9lectrique, Donald Trump a mis fin aux aides \u00e0 l\u2019achat de v\u00e9hicules propres.<strong> Cette aide gouvernementale sera donc supprim\u00e9e \u00e0 compter de septembre prochain.<\/strong> Ce qui, une fois de plus, ne fait pas les affaires de Tesla (et de tous les constructeurs, en r\u00e9alit\u00e9).<\/p>\n<p style=\"font-weight: 400;\">Mais malgr\u00e9 ces nouveaux soucis, c\u2019est bien l\u2019implication en politique d\u2019Elon Musk qui est \u00e0 la racine de cette crise. <strong>Le milliardaire constate en r\u00e9alit\u00e9 que celui qu\u2019il a soutenu, et qu\u2019il a contribu\u00e9 \u00e0 installer \u00e0 la Maison Blanche, s\u2019obstine \u00e0 mettre des b\u00e2tons dans les roues de Tesla.<\/strong> Et, comme si cela ne suffisait pas, Elon Musk a r\u00e9cemment annonc\u00e9 la cr\u00e9ation de <a href=\"https:\/\/www.autoplus.fr\/actualite\/elon-musk-lance-son-propre-parti-politique-encore-un-revers-pour-tesla-1388031.html\" target=\"_blank\" rel=\"noopener nofollow\">son propre parti<\/a> : \u00ab\u00a0Le Parti de l\u2019Am\u00e9rique\u00a0\u00bb. Il ne semble pas d\u00e9cider \u00e0 abandonner la politique. Au grand dam des investisseurs\u2026<\/p>\n","protected":false},"excerpt":{"rendered":"Elon Musk a semble-t-il pris conscience des r\u00e9percussions de ses agissements de ces derniers mois. Le milliardaire reconna\u00eet&hellip;\n","protected":false},"author":2,"featured_media":236690,"comment_status":"","ping_status":"","sticky":false,"template":"","format":"standard","meta":{"footnotes":""},"categories":[6],"tags":[35,33,34,1011,27,1638],"class_list":{"0":"post-236689","1":"post","2":"type-post","3":"status-publish","4":"format-standard","5":"has-post-thumbnail","7":"category-economie","8":"tag-business","9":"tag-economie","10":"tag-economy","11":"tag-fr","12":"tag-france","13":"tag-has_diapo"},"share_on_mastodon":{"url":"https:\/\/pubeurope.com\/@fr\/114821239228035324","error":""},"_links":{"self":[{"href":"https:\/\/www.europesays.com\/fr\/wp-json\/wp\/v2\/posts\/236689","targetHints":{"allow":["GET"]}}],"collection":[{"href":"https:\/\/www.europesays.com\/fr\/wp-json\/wp\/v2\/posts"}],"about":[{"href":"https:\/\/www.europesays.com\/fr\/wp-json\/wp\/v2\/types\/post"}],"author":[{"embeddable":true,"href":"https:\/\/www.europesays.com\/fr\/wp-json\/wp\/v2\/users\/2"}],"replies":[{"embeddable":true,"href":"https:\/\/www.europesays.com\/fr\/wp-json\/wp\/v2\/comments?post=236689"}],"version-history":[{"count":0,"href":"https:\/\/www.europesays.com\/fr\/wp-json\/wp\/v2\/posts\/236689\/revisions"}],"wp:featuredmedia":[{"embeddable":true,"href":"https:\/\/www.europesays.com\/fr\/wp-json\/wp\/v2\/media\/236690"}],"wp:attachment":[{"href":"https:\/\/www.europesays.com\/fr\/wp-json\/wp\/v2\/media?parent=236689"}],"wp:term":[{"taxonomy":"category","embeddable":true,"href":"https:\/\/www.europesays.com\/fr\/wp-json\/wp\/v2\/categories?post=236689"},{"taxonomy":"post_tag","embeddable":true,"href":"https:\/\/www.europesays.com\/fr\/wp-json\/wp\/v2\/tags?post=236689"}],"curies":[{"name":"wp","href":"https:\/\/api.w.org\/{rel}","templated":true}]}}