{"id":236691,"date":"2025-07-09T03:50:11","date_gmt":"2025-07-09T03:50:11","guid":{"rendered":"https:\/\/www.europesays.com\/fr\/236691\/"},"modified":"2025-07-09T03:50:11","modified_gmt":"2025-07-09T03:50:11","slug":"un-passager-provoque-un-atterrissage-durgence-en-pretendant-avoir-une-bombe-dans-son-ordinateur","status":"publish","type":"post","link":"https:\/\/www.europesays.com\/fr\/236691\/","title":{"rendered":"Un passager provoque un atterrissage d\u2019urgence en pr\u00e9tendant avoir une bombe dans son ordinateur"},"content":{"rendered":"<p>Aux <a href=\"https:\/\/www.20minutes.fr\/monde\/etats-unis\/\" target=\"_blank\" class=\"color-ultramarine c-link\" rel=\"noopener\">Etats-Unis<\/a>, un vol de la compagnie Allegiant entre la <a href=\"https:\/\/www.20minutes.fr\/dossier\/floride\" target=\"_blank\" class=\"color-ultramarine c-link\" rel=\"noopener\">Floride<\/a> et la <a href=\"https:\/\/www.20minutes.fr\/dossier\/virginie\" target=\"_blank\" class=\"color-ultramarine c-link\" rel=\"noopener\">Virginie<\/a> a \u00e9t\u00e9 d\u00e9tourn\u00e9 dimanche apr\u00e8s qu\u2019un passager a pr\u00e9tendu que son <a href=\"https:\/\/www.20minutes.fr\/dossier\/ordinateur_portable\" target=\"_blank\" class=\"color-ultramarine c-link\" rel=\"noopener\">ordinateur portable<\/a> \u00e9tait une bombe. L\u2019alerte a \u00e9t\u00e9 donn\u00e9e le 6\u00a0juillet \u00e0 bord du vol Allegiant 1023, peu apr\u00e8s son d\u00e9collage. Selon le bureau du sh\u00e9rif du comt\u00e9 de Pinellas, Taj Taylor, 27 ans, a affirm\u00e9 \u00e0 un autre passager que son ordinateur \u00e9tait une bombe. Plusieurs personnes ont entendu la menace, qui a aussit\u00f4t \u00e9t\u00e9 signal\u00e9e \u00e0 l\u2019\u00e9quipage. L\u2019avion a atterri en urgence dans un a\u00e9roport de Floride.<\/p>\n<p>Dans un communiqu\u00e9 transmis au site Internet <a href=\"https:\/\/people.com\/plane-passenger-arrested-after-he-says-laptop-bomb-mid-air-11767969\" rel=\"nofollow noopener\" target=\"_blank\" class=\"color-ultramarine c-link\">People.com<\/a>, la compagnie a\u00e9rienne a r\u00e9agi. \u00ab\u00a0Allegiant ne tol\u00e8re aucun comportement perturbateur. L\u2019avion a atterri en toute s\u00e9curit\u00e9 et le passager a \u00e9t\u00e9 remis aux forces de l\u2019ordre.\u00a0\u00bb La compagnie a pr\u00e9sent\u00e9 ses excuses aux voyageurs et les a remerci\u00e9s pour leur patience.<\/p>\n<\/p>\n<p>Il risque 5 ans de prison et 25.000 dollars d\u2019amende<\/p>\n<p>Les affaires de Taj Taylor ont \u00e9t\u00e9 fouill\u00e9es par les autorit\u00e9s, mais aucun engin explosif n\u2019a \u00e9t\u00e9 d\u00e9couvert. Il a \u00e9t\u00e9 arr\u00eat\u00e9 \u00e0 23h23, avant d\u2019\u00eatre lib\u00e9r\u00e9 le lendemain. Il est poursuivi pour menace de bombe mensong\u00e8re, une infraction f\u00e9d\u00e9rale passible d\u2019une <a href=\"https:\/\/www.20minutes.fr\/dossier\/amende\" target=\"_blank\" class=\"color-ultramarine c-link\" rel=\"noopener\">amende<\/a> pouvant aller jusqu\u2019\u00e0 25.000 dollars et d\u2019une peine de cinq ans de <a href=\"https:\/\/www.20minutes.fr\/dossier\/prison\" target=\"_blank\" class=\"color-ultramarine c-link\" rel=\"noopener\">prison<\/a>. Contact\u00e9 par People.com, le FBI a confirm\u00e9 que Taylor avait comparu devant un tribunal f\u00e9d\u00e9ral le 7\u00a0juillet.<\/p>\n<p><a href=\"https:\/\/www.20minutes.fr\/search?q=etats-unis+actualite#gsc.tab=0&amp;gsc.q=etats-unis%20actualite&amp;gsc.page=1\" target=\"_blank\" class=\"c-link c-btn c-btn--primary\" rel=\"noopener\">Notre dossier sur les Etats-Unis<\/a><\/p>\n<p>D\u2019apr\u00e8s la plainte p\u00e9nale, il a d\u00e9clar\u00e9 aux autorit\u00e9s qu\u2019il venait de sortir d\u2019un \u00e9tablissement psychiatrique, qu\u2019il avait pris ses m\u00e9dicaments la veille, mais souffrait d\u2019un \u00ab\u00a0manque de clart\u00e9 mentale\u00a0\u00bb au moment des faits. Il a ni\u00e9 avoir \u00e9voqu\u00e9 une bombe, mais a qualifi\u00e9 sa voisine de si\u00e8ge de \u00ab\u00a0d\u00e9sagr\u00e9able\u00a0\u00bb, selon les informations relay\u00e9es par USA Today et le New York Post. Le vol Allegiant a pu red\u00e9coller plus tard dans la journ\u00e9e et a finalement atterri \u00e0 Roanoke en d\u00e9but de soir\u00e9e.<\/p>\n","protected":false},"excerpt":{"rendered":"Aux Etats-Unis, un vol de la compagnie Allegiant entre la Floride et la Virginie a \u00e9t\u00e9 d\u00e9tourn\u00e9 dimanche&hellip;\n","protected":false},"author":2,"featured_media":236692,"comment_status":"","ping_status":"","sticky":false,"template":"","format":"standard","meta":{"footnotes":""},"categories":[5],"tags":[47,11,37571,37,10489,73,18120,5797,1011,27,14,74,12,37572,31620,28],"class_list":{"0":"post-236691","1":"post","2":"type-post","3":"status-publish","4":"format-standard","5":"has-post-thumbnail","7":"category-international","8":"tag-actualite","9":"tag-actualites","10":"tag-alerte-a-la-bombe","11":"tag-avion","12":"tag-bombe","13":"tag-etats-unis","14":"tag-fbi","15":"tag-floride","16":"tag-fr","17":"tag-france","18":"tag-international","19":"tag-monde","20":"tag-news","21":"tag-ordinateur-portable","22":"tag-virginie","23":"tag-world"},"share_on_mastodon":{"url":"https:\/\/pubeurope.com\/@fr\/114821243426992415","error":""},"_links":{"self":[{"href":"https:\/\/www.europesays.com\/fr\/wp-json\/wp\/v2\/posts\/236691","targetHints":{"allow":["GET"]}}],"collection":[{"href":"https:\/\/www.europesays.com\/fr\/wp-json\/wp\/v2\/posts"}],"about":[{"href":"https:\/\/www.europesays.com\/fr\/wp-json\/wp\/v2\/types\/post"}],"author":[{"embeddable":true,"href":"https:\/\/www.europesays.com\/fr\/wp-json\/wp\/v2\/users\/2"}],"replies":[{"embeddable":true,"href":"https:\/\/www.europesays.com\/fr\/wp-json\/wp\/v2\/comments?post=236691"}],"version-history":[{"count":0,"href":"https:\/\/www.europesays.com\/fr\/wp-json\/wp\/v2\/posts\/236691\/revisions"}],"wp:featuredmedia":[{"embeddable":true,"href":"https:\/\/www.europesays.com\/fr\/wp-json\/wp\/v2\/media\/236692"}],"wp:attachment":[{"href":"https:\/\/www.europesays.com\/fr\/wp-json\/wp\/v2\/media?parent=236691"}],"wp:term":[{"taxonomy":"category","embeddable":true,"href":"https:\/\/www.europesays.com\/fr\/wp-json\/wp\/v2\/categories?post=236691"},{"taxonomy":"post_tag","embeddable":true,"href":"https:\/\/www.europesays.com\/fr\/wp-json\/wp\/v2\/tags?post=236691"}],"curies":[{"name":"wp","href":"https:\/\/api.w.org\/{rel}","templated":true}]}}