{"id":236693,"date":"2025-07-09T03:51:09","date_gmt":"2025-07-09T03:51:09","guid":{"rendered":"https:\/\/www.europesays.com\/fr\/236693\/"},"modified":"2025-07-09T03:51:09","modified_gmt":"2025-07-09T03:51:09","slug":"brigitte-macron-kate-middleton-et-la-reine-camilla-en-bleu-blanc-rouge-pour-un-diner-detat-a-windsor","status":"publish","type":"post","link":"https:\/\/www.europesays.com\/fr\/236693\/","title":{"rendered":"Brigitte Macron, Kate Middleton et la reine Camilla, en bleu-blanc-rouge pour un d\u00eener d\u2019\u00c9tat \u00e0 Windsor"},"content":{"rendered":"<p>Entre <a href=\"https:\/\/www.vanityfair.fr\/dossier\/brigitte-macron\" isautogenerated=\"true\" target=\"_blank\" rel=\"noopener\"><strong>Brigitte Macron<\/strong><\/a>, <a href=\"https:\/\/www.vanityfair.fr\/dossier\/kate-middleton\" isautogenerated=\"true\" target=\"_blank\" rel=\"noopener\"><strong>Kate Middleton<\/strong><\/a> et la reine <strong>Camilla<\/strong>, il y a un petit air de \u00ab pas le m\u00eame maillot mais on a la m\u00eame passion \u00bb, \u00e0 savoir faire passer des messages \u00e0 travers les choix sartoriaux : en l\u2019occurrence, l\u2019amiti\u00e9 franco-britannique. Mardi soir, pour le d\u00eener d\u2019\u00c9tat c\u00e9l\u00e9brant la visite officielle d\u2019<a href=\"https:\/\/www.vanityfair.fr\/dossier\/emmanuel-macron\" isautogenerated=\"true\" target=\"_blank\" rel=\"noopener\"><strong>Emmanuel Macron<\/strong><\/a> et son \u00e9pouse \u00e0 l\u2019invitation du roi <a href=\"https:\/\/www.vanityfair.fr\/dossier\/charles-iii\" isautogenerated=\"true\" target=\"_blank\" rel=\"noopener\"><strong>Charles III<\/strong><\/a> et de la reine consort \u2013 la premi\u00e8re depuis 17 ans \u2013, les trois femmes se sont compl\u00e9t\u00e9es pour choisir les couleurs bleu, blanc et rouge communes aux drapeaux britannique et fran\u00e7ais au ch\u00e2teau de Windsor \u2013 le palais de Buckingham \u00e9tant impraticable pour cause de travaux massifs.<\/p>\n<p>La premi\u00e8re dame fran\u00e7aise a fait son entr\u00e9e \u00e0 Windsor dans une robe-cape bleu roi, ses cheveux relev\u00e9s laissant appara\u00eetre des d\u00e9tails travaill\u00e9s aux \u00e9paules. La reine consort avait elle opt\u00e9 pour le blanc, reproduisant \u00e0 elle seule le th\u00e8me tricolore de la soir\u00e9e avec une impressionnante parure de saphirs (la Belgian Sapphire Tiara et le collier assorti, tous deux pris\u00e9s par feue sa belle-m\u00e8re avant elle) et \u00e9charpe rouge pour accrocher ses multiples d\u00e9corations. La princesse de Galles, arriv\u00e9e au bras du <a href=\"https:\/\/www.vanityfair.fr\/dossier\/prince-william\" isautogenerated=\"true\" target=\"_blank\" rel=\"noopener\"><strong>prince William<\/strong><\/a> et pr\u00e9c\u00e9dant la <strong>princesse Anne<\/strong> et son fr\u00e8re le <strong>prince Edward<\/strong>, compl\u00e9tait le trio avec une robe carmin vaporeuse, \u00e9galement \u00e0 cape. Elle aussi avait opt\u00e9 pour une tiare, et pas n\u2019importe laquelle : la Queen Mary\u2019s Lover\u2019s Knot Tiara, arbor\u00e9e avant elle par <a href=\"https:\/\/www.vanityfair.fr\/dossier\/elizabeth-ii\" isautogenerated=\"true\" target=\"_blank\" rel=\"noopener\"><strong>Elizabeth II<\/strong><\/a> et <a href=\"https:\/\/www.vanityfair.fr\/dossier\/lady-diana\" isautogenerated=\"true\" target=\"_blank\" rel=\"noopener\"><strong>Lady Diana<\/strong><\/a>, et qu\u2019elle a port\u00e9e \u00e0 plusieurs reprises.<\/p>\n<p>La reine Camilla et la parure de saphirs belges.<\/p>\n<p>Chris Jackson\/Getty Images<\/p>\n<p>La princesse de Galles et la Lover\u2019s Knot Tiara.<\/p>\n<p>Chris Jackson\/Getty Images<\/p>\n<p>La robe de Kate Middleton marque un tournant (enfin presque) : il s\u2019agit du premier mod\u00e8le cr\u00e9\u00e9 pour elle par <strong>Sarah Burton<\/strong> depuis son arriv\u00e9e \u00e0 la t\u00eate de Givenchy. Elle est (comment l\u2019oublier?) <a href=\"https:\/\/www.vanityfair.fr\/article\/kate-middleton-robe-de-mariee-nouvelle-ere-royale\" target=\"_blank\" rel=\"noopener\">la cr\u00e9atrice de sa robe de mari\u00e9e, en 2011<\/a>, alors qu\u2019elle avait repris la direction artistique d\u2019Alexander McQueen et depuis, <a href=\"https:\/\/www.vanityfair.fr\/people\/galerie\/kate-middleton-ses-plus-looks-en-alexander-mcqueen\" target=\"_blank\" rel=\"noopener\">la duchesse puis princesse a port\u00e9 de nombreuses de ses cr\u00e9ations<\/a>, raffolant particuli\u00e8rement de ses tailleurs. Pour accueillir le couple fran\u00e7ais, la princesse avait rendu hommage \u00e0 ses h\u00f4tes <a href=\"https:\/\/www.vanityfair.fr\/galerie\/en-dior-kate-middleton-met-la-couture-francaise-a-lhonneur-pour-recevoir-les-macron\" target=\"_blank\" rel=\"noopener\">en choisissant une maison fran\u00e7aise : Dior<\/a>, pour un tailleur rose poudr\u00e9 compos\u00e9 d\u2019une veste Bar et d\u2019une jupe en tulle assortie.<\/p>\n<p>Pr\u00e9paratifs du d\u00eener d&rsquo;\u00c9tat.<\/p>\n<p>Chris Jackson\/Getty Images<\/p>\n<p>Au menu de ce d\u00eener tr\u00e8s attendu, et en fran\u00e7ais dans le texte \u00e0 en croire le <a data-offer-url=\"https:\/\/www.dailymail.co.uk\/femail\/article-14886711\/King-Charles-Queen-Camilla-host-glitzy-state-banquet-welcome-Macrons-Windsor-Castle.html\" class=\"external-link\" data-event-click=\"{&quot;element&quot;:&quot;ExternalLink&quot;,&quot;outgoingURL&quot;:&quot;https:\/\/www.dailymail.co.uk\/femail\/article-14886711\/King-Charles-Queen-Camilla-host-glitzy-state-banquet-welcome-Macrons-Windsor-Castle.html&quot;}\" href=\"https:\/\/www.dailymail.co.uk\/femail\/article-14886711\/King-Charles-Queen-Camilla-host-glitzy-state-banquet-welcome-Macrons-Windsor-Castle.html\" rel=\"nofollow noopener\" target=\"_blank\">Daily Mail<\/a> : assiette de l\u00e9gumes d\u2019\u00e9t\u00e9, vinaigrette de tomates crues, huile d\u2019olive vierge, suivi d\u2019un supr\u00eame de poulet fermier, avec asperges et cr\u00e8me \u00e0 l&rsquo;estragon et en dessert, un parfait au cassis. C\u00f4t\u00e9 alcools de fin de repas, la s\u00e9lection est, naturellement, royale : un porto de 1977 et un cognac de 1948, clin d\u2019\u0153il aux ann\u00e9es de naissance du <a href=\"https:\/\/www.vanityfair.fr\/dossier\/president-francais\" isautogenerated=\"true\" target=\"_blank\" rel=\"noopener\">pr\u00e9sident fran\u00e7ais<\/a> et du souverain britannique.<\/p>\n","protected":false},"excerpt":{"rendered":"Entre Brigitte Macron, Kate Middleton et la reine Camilla, il y a un petit air de \u00ab pas&hellip;\n","protected":false},"author":2,"featured_media":236694,"comment_status":"","ping_status":"","sticky":false,"template":"","format":"standard","meta":{"footnotes":""},"categories":[4],"tags":[11,986,19612,581,1073,1011,27,5858,12,3936,25],"class_list":{"0":"post-236693","1":"post","2":"type-post","3":"status-publish","4":"format-standard","5":"has-post-thumbnail","7":"category-france","8":"tag-actualites","9":"tag-brigitte-macron","10":"tag-camilla-reine-consort","11":"tag-charles-iii","12":"tag-emmanuel-macron","13":"tag-fr","14":"tag-france","15":"tag-kate-middleton","16":"tag-news","17":"tag-prince-william","18":"tag-republique-francaise"},"share_on_mastodon":{"url":"https:\/\/pubeurope.com\/@fr\/114821246847648214","error":""},"_links":{"self":[{"href":"https:\/\/www.europesays.com\/fr\/wp-json\/wp\/v2\/posts\/236693","targetHints":{"allow":["GET"]}}],"collection":[{"href":"https:\/\/www.europesays.com\/fr\/wp-json\/wp\/v2\/posts"}],"about":[{"href":"https:\/\/www.europesays.com\/fr\/wp-json\/wp\/v2\/types\/post"}],"author":[{"embeddable":true,"href":"https:\/\/www.europesays.com\/fr\/wp-json\/wp\/v2\/users\/2"}],"replies":[{"embeddable":true,"href":"https:\/\/www.europesays.com\/fr\/wp-json\/wp\/v2\/comments?post=236693"}],"version-history":[{"count":0,"href":"https:\/\/www.europesays.com\/fr\/wp-json\/wp\/v2\/posts\/236693\/revisions"}],"wp:featuredmedia":[{"embeddable":true,"href":"https:\/\/www.europesays.com\/fr\/wp-json\/wp\/v2\/media\/236694"}],"wp:attachment":[{"href":"https:\/\/www.europesays.com\/fr\/wp-json\/wp\/v2\/media?parent=236693"}],"wp:term":[{"taxonomy":"category","embeddable":true,"href":"https:\/\/www.europesays.com\/fr\/wp-json\/wp\/v2\/categories?post=236693"},{"taxonomy":"post_tag","embeddable":true,"href":"https:\/\/www.europesays.com\/fr\/wp-json\/wp\/v2\/tags?post=236693"}],"curies":[{"name":"wp","href":"https:\/\/api.w.org\/{rel}","templated":true}]}}