{"id":236707,"date":"2025-07-09T04:04:11","date_gmt":"2025-07-09T04:04:11","guid":{"rendered":"https:\/\/www.europesays.com\/fr\/236707\/"},"modified":"2025-07-09T04:04:11","modified_gmt":"2025-07-09T04:04:11","slug":"metropole-de-grenoble-les-lieux-daccueil-enfants-parents-sont-ils-en-danger","status":"publish","type":"post","link":"https:\/\/www.europesays.com\/fr\/236707\/","title":{"rendered":"M\u00e9tropole de Grenoble. Les \u201clieux d\u2019accueil enfants parents\u201d sont-ils en danger\u00a0?"},"content":{"rendered":"<p>Clara (*) a fait une grande d\u00e9couverte\u00a0: le klaxon en plastique sur la voiture qu\u2019elle fait avancer avec ses pieds. Alors elle appuie dessus, appuie encore, \u00ab\u00a0heureusement, on n\u2019a pas \u00e7a \u00e0 la maison\u00a0\u00bb, s\u2019amusent ses parents. Autour d\u2019elle, des b\u00e9b\u00e9s rampent ou marchent \u00e0 quatre pattes dans le hall d\u2019accueil ou la salle de jeux. D\u2019autres, debout sur leurs gambettes, socialisent avec les&#8230;<\/p>\n","protected":false},"excerpt":{"rendered":"Clara (*) a fait une grande d\u00e9couverte\u00a0: le klaxon en plastique sur la voiture qu\u2019elle fait avancer avec&hellip;\n","protected":false},"author":2,"featured_media":236708,"comment_status":"","ping_status":"","sticky":false,"template":"","format":"standard","meta":{"footnotes":""},"categories":[9566],"tags":[1111,11,2430,112,1777,674,1011,27,2731,2732,6225,12,25,104,1631],"class_list":{"0":"post-236707","1":"post","2":"type-post","3":"status-publish","4":"format-standard","5":"has-post-thumbnail","7":"category-grenoble","8":"tag-actu","9":"tag-actualites","10":"tag-auvergne-rhone-alpes","11":"tag-edition-grenoble-agglomeration","12":"tag-eu","13":"tag-europe","14":"tag-fr","15":"tag-france","16":"tag-grenoble","17":"tag-grenoble-bassin","18":"tag-la-matinale","19":"tag-news","20":"tag-republique-francaise","21":"tag-societe","22":"tag-vie-associative"},"share_on_mastodon":{"url":"https:\/\/pubeurope.com\/@fr\/114821297957857544","error":""},"_links":{"self":[{"href":"https:\/\/www.europesays.com\/fr\/wp-json\/wp\/v2\/posts\/236707","targetHints":{"allow":["GET"]}}],"collection":[{"href":"https:\/\/www.europesays.com\/fr\/wp-json\/wp\/v2\/posts"}],"about":[{"href":"https:\/\/www.europesays.com\/fr\/wp-json\/wp\/v2\/types\/post"}],"author":[{"embeddable":true,"href":"https:\/\/www.europesays.com\/fr\/wp-json\/wp\/v2\/users\/2"}],"replies":[{"embeddable":true,"href":"https:\/\/www.europesays.com\/fr\/wp-json\/wp\/v2\/comments?post=236707"}],"version-history":[{"count":0,"href":"https:\/\/www.europesays.com\/fr\/wp-json\/wp\/v2\/posts\/236707\/revisions"}],"wp:featuredmedia":[{"embeddable":true,"href":"https:\/\/www.europesays.com\/fr\/wp-json\/wp\/v2\/media\/236708"}],"wp:attachment":[{"href":"https:\/\/www.europesays.com\/fr\/wp-json\/wp\/v2\/media?parent=236707"}],"wp:term":[{"taxonomy":"category","embeddable":true,"href":"https:\/\/www.europesays.com\/fr\/wp-json\/wp\/v2\/categories?post=236707"},{"taxonomy":"post_tag","embeddable":true,"href":"https:\/\/www.europesays.com\/fr\/wp-json\/wp\/v2\/tags?post=236707"}],"curies":[{"name":"wp","href":"https:\/\/api.w.org\/{rel}","templated":true}]}}