{"id":236724,"date":"2025-07-09T04:15:15","date_gmt":"2025-07-09T04:15:15","guid":{"rendered":"https:\/\/www.europesays.com\/fr\/236724\/"},"modified":"2025-07-09T04:15:15","modified_gmt":"2025-07-09T04:15:15","slug":"apres-un-debat-houleux-sur-la-suspension-du-jumelage-avec-ashdod-bordeaux-veut-reconnaitre-la-palestine","status":"publish","type":"post","link":"https:\/\/www.europesays.com\/fr\/236724\/","title":{"rendered":"Apr\u00e8s un d\u00e9bat houleux sur la suspension du jumelage avec Ashdod, Bordeaux veut reconna\u00eetre la Palestine"},"content":{"rendered":"<p class=\"wp-block-post-excerpt__excerpt\">Dans un v\u0153u pr\u00e9sent\u00e9 en fin de Conseil municipal, la majorit\u00e9 demande au gouvernement fran\u00e7ais la reconnaissance officielle de l\u2019\u00c9tat palestinien. Les d\u00e9bats ont largement port\u00e9 sur la suspension du jumelage avec Ashdod, contest\u00e9 par l\u2019opposition \u00e0 droite de Pierre Hurmic. <\/p>\n<p><a href=\"https:\/\/rue89bordeaux.com\/category\/actualite\/\" rel=\"tag noopener\" target=\"_blank\">Actualit\u00e9<\/a>, <a href=\"https:\/\/rue89bordeaux.com\/category\/kiosque-abonne\/\" rel=\"tag noopener\" target=\"_blank\">\u00c9dition abonn\u00e9s<\/a><\/p>\n<p>Margaux B\u00e9gards<\/p>\n<p>Publi\u00e9 le 9 juillet 2025\u00a0\u00a0\u00b7\u00a0\u00a0<\/p>\n<p>Imprim\u00e9 le 9 juillet 2025 \u00e0 06h15\u00a0\u00a0\u00b7\u00a0\u00a0<\/p>\n<p>\t\t\t\t\t4\u00a0minutes\n<\/p>\n<p>Ce courrier envoy\u00e9 par le maire de Bordeaux \u00e0 son homologue isra\u00e9lien n\u2019en finit pas d\u2019animer les d\u00e9bats. Le 27 juin dernier, <a href=\"https:\/\/rue89bordeaux.com\/2025\/06\/bordeaux-suspend-son-jumelage-avec-ashdod-dans-lattente-dun-cessez-le-feu\/\" target=\"_blank\" rel=\"noreferrer noopener\">Rue89 Bordeaux r\u00e9v\u00e9lait l\u2019existence d\u2019une missive adress\u00e9e par Pierre Hurmic<\/a> au maire d\u2019Ashdod, ville isra\u00e9lienne avec laquelle Bordeaux est jumel\u00e9e depuis 1984, pour informer ce dernier d\u2019une volont\u00e9 de \u00ab\u00a0suspendre toute activit\u00e9 de coop\u00e9ration\u00a0\u00bb entre les deux villes.<\/p>\n<p>Le sujet s\u2019est invit\u00e9 ce mardi au Conseil municipal, \u00e0 l\u2019occasion du vote d\u2019une d\u00e9lib\u00e9ration octroyant une aide exceptionnelle de 20 000\u20ac \u00e0 l\u2019ONG M\u00e9decins Sans Fronti\u00e8res pour sa mission \u00e0 Gaza.<\/p>\n<p>\t\t\u00ab\u00a0Vous semez la discorde\u00a0\u00bb<\/p>\n<p>Bordeaux Ensemble a fustig\u00e9 une suspension qui n\u2019a \u00ab\u00a0aucune base l\u00e9gale\u00a0\u00bb et aurait d\u00fb \u00eatre vot\u00e9e en Conseil municipal. Nathalie Delattre regrette notamment une d\u00e9cision \u00ab\u00a0unilat\u00e9rale\u00a0\u00bb et \u00ab\u00a0incompr\u00e9hensible\u00a0\u00bb.<\/p>\n<p>La question peut en effet se poser : l\u2019adoption du jumelage ayant \u00e9t\u00e9 vot\u00e9e au cours d\u2019un Conseil municipal en 1984, doit-il en \u00eatre de m\u00eame pour sa suspension ? \u00ab\u00a0Cela d\u00e9pend de la nature m\u00eame de l\u2019acte\u00a0\u00bb, nous explique un avocat sp\u00e9cialiste du droit des collectivit\u00e9s.<\/p>\n<blockquote class=\"wp-block-quote is-layout-flow wp-block-quote-is-layout-flow\">\n<p>\u00ab\u00a0Quel est le contenu de cet acte ? Quelles sont les dispositions qui figurent ? Cet acte pourrait avoir habilit\u00e9 le maire de Bordeaux \u00e0 prendre la disposition qu\u2019il a prise.\u00a0\u00bb<\/p>\n<\/blockquote>\n<p>Pour Thomas Cazenave le r\u00e9sultat est le m\u00eame :<\/p>\n<blockquote class=\"wp-block-quote is-layout-flow wp-block-quote-is-layout-flow\">\n<p>\u00ab\u00a0En impliquant Bordeaux dans ce conflit, vous n\u2019obtenez qu\u2019un seul r\u00e9sultat : vous semez la discorde\u00a0\u00bb, temp\u00eate l\u2019\u00e9lu de Renouveau Bordeaux. <\/p>\n<\/blockquote>\n<p>Rue89 Bordeaux a besoin de vos dons<\/p>\n<p>Chaque don \u2013 d\u00e9ductible des imp\u00f4ts \u00e0 hauteur de 66% \u2013 compte pour atteindre notre objectif de 10\u00a0000\u00a0\u20ac le plus rapidement possible, id\u00e9alement avant la fin juin. Cette somme, manquante \u00e0 notre tr\u00e9sorerie apr\u00e8s le d\u00e9sengagement d\u2019un annonceur important en 2025, Bordeaux M\u00e9tropole, nous permettra de r\u00e9gler les factures en retard et de retrouver une stabilit\u00e9 financi\u00e8re indispensable \u00e0 la poursuite de notre mission.<\/p>\n<p><\/p>\n<p><img loading=\"lazy\" decoding=\"async\" width=\"480\" height=\"480\" src=\"https:\/\/www.europesays.com\/fr\/wp-content\/uploads\/2025\/04\/23-paywall.png\" alt=\"Abonnez-vous\" class=\"wp-image-128439\" style=\"aspect-ratio:1;width:210px;height:auto\"  \/><\/p>\n<p>Cet article fait partie de l\u2019\u00e9dition abonn\u00e9s. Pour lire la suite, profitez d\u2019une offre d\u00e9couverte \u00e0 1\u20ac.<\/p>\n<p class=\"has-gray-700-color has-text-color has-medium-font-size\">Contribuez \u00e0 consolider un m\u00e9dia ind\u00e9pendant \u00e0 Bordeaux, en capacit\u00e9 d\u2019enqu\u00eater sur les enjeux locaux.<\/p>\n<p>\t\t\t<a href=\"https:\/\/rue89bordeaux.com\/\" class=\"custom-logo-link\" rel=\"home noopener\" target=\"_blank\"><img loading=\"lazy\" decoding=\"async\" width=\"290\" height=\"49\" src=\"https:\/\/www.europesays.com\/fr\/wp-content\/uploads\/2025\/04\/logo.png\" class=\"custom-logo\" alt=\"Rue89Bordeaux Enqu\u00eates et informations de proximit\u00e9\"  \/><\/a><\/p>\n<p>\n\t\t\t\tAbonnez-vous maintenant pour suivre l\u2019actualit\u00e9 locale.\t\t\t<\/p>\n<p class=\"font-bold font-serif-heading mb-2 text-4xl\">\n\t\t\t\t\t\tL\u2019investigation locale \u00e0 port\u00e9e de main.\n\t\t\t\t\t<\/p>\n<p>\n\t\t\t\t\t\tAbonnez-vous et profitez d\u2019un acc\u00e8s illimit\u00e9 \u00e0 Rue89Bordeaux. Annulez quand vous voulez.\n\t\t\t\t\t<\/p>\n<p class=\"xl:text-sm\">\n\t\t\t\t\tD\u00e9j\u00e0 abonn\u00e9\u00a0?<br \/>\n\t\t\t\t\t<a class=\"border border-transparent text-center transition-colors duration-instant focus:border-info focus:rounded focus:shadow-focus cursor-pointer text-black hover:text-gray-700 active:bg-black-700 font-semibold inline-block\" href=\"https:\/\/rue89bordeaux.com\/user\/login\/?redirect=\/2025\/07\/apres-un-debat-houleux-sur-la-suspension-du-jumelage-avec-ashdod-bordeaux-veut-reconnaitre-la-palestine\/\" target=\"_blank\" rel=\"noopener\">Connectez-vous<\/a>\t\t\t\t<\/p>\n<p>\n\t\t\t\tChoisissez votre formule\u00a0:\n\t\t\t<\/p>\n<p>\t\t\t\tFermer<\/p>\n","protected":false},"excerpt":{"rendered":"Dans un v\u0153u pr\u00e9sent\u00e9 en fin de Conseil municipal, la majorit\u00e9 demande au gouvernement fran\u00e7ais la reconnaissance officielle&hellip;\n","protected":false},"author":2,"featured_media":236725,"comment_status":"","ping_status":"","sticky":false,"template":"","format":"standard","meta":{"footnotes":""},"categories":[2817],"tags":[1111,11,1997,1777,674,1011,27,12,2219,3518,316,25,17076],"class_list":{"0":"post-236724","1":"post","2":"type-post","3":"status-publish","4":"format-standard","5":"has-post-thumbnail","7":"category-bordeaux","8":"tag-actu","9":"tag-actualites","10":"tag-bordeaux","11":"tag-eu","12":"tag-europe","13":"tag-fr","14":"tag-france","15":"tag-news","16":"tag-nouvelle-aquitaine","17":"tag-palestine","18":"tag-politique","19":"tag-republique-francaise","20":"tag-ville-de-bordeaux"},"share_on_mastodon":{"url":"https:\/\/pubeurope.com\/@fr\/114821341324501976","error":""},"_links":{"self":[{"href":"https:\/\/www.europesays.com\/fr\/wp-json\/wp\/v2\/posts\/236724","targetHints":{"allow":["GET"]}}],"collection":[{"href":"https:\/\/www.europesays.com\/fr\/wp-json\/wp\/v2\/posts"}],"about":[{"href":"https:\/\/www.europesays.com\/fr\/wp-json\/wp\/v2\/types\/post"}],"author":[{"embeddable":true,"href":"https:\/\/www.europesays.com\/fr\/wp-json\/wp\/v2\/users\/2"}],"replies":[{"embeddable":true,"href":"https:\/\/www.europesays.com\/fr\/wp-json\/wp\/v2\/comments?post=236724"}],"version-history":[{"count":0,"href":"https:\/\/www.europesays.com\/fr\/wp-json\/wp\/v2\/posts\/236724\/revisions"}],"wp:featuredmedia":[{"embeddable":true,"href":"https:\/\/www.europesays.com\/fr\/wp-json\/wp\/v2\/media\/236725"}],"wp:attachment":[{"href":"https:\/\/www.europesays.com\/fr\/wp-json\/wp\/v2\/media?parent=236724"}],"wp:term":[{"taxonomy":"category","embeddable":true,"href":"https:\/\/www.europesays.com\/fr\/wp-json\/wp\/v2\/categories?post=236724"},{"taxonomy":"post_tag","embeddable":true,"href":"https:\/\/www.europesays.com\/fr\/wp-json\/wp\/v2\/tags?post=236724"}],"curies":[{"name":"wp","href":"https:\/\/api.w.org\/{rel}","templated":true}]}}